{"id":24156,"date":"2023-04-26T10:55:22","date_gmt":"2023-04-26T09:55:22","guid":{"rendered":"http:\/\/www.histoiresgalantes.fr\/blog\/?p=24156"},"modified":"2023-04-29T09:20:20","modified_gmt":"2023-04-29T08:20:20","slug":"vie-heroique-dun-comte-mort-pour-le-roi-stanislas","status":"publish","type":"post","link":"https:\/\/www.histoiresgalantes.fr\/blog\/2023\/04\/26\/vie-heroique-dun-comte-mort-pour-le-roi-stanislas\/","title":{"rendered":"Vie h\u00e9ro\u00efque d&#8217;un comte, mort pour le roi Stanislas"},"content":{"rendered":"\n<p>Nouveaut\u00e9 litt\u00e9raire<br>Parution \u00e0 la fin du mois de juin 2023 aux Presses Universitaires de Rennes<br><em>Vies du comte de Pl\u00e9lo &#8211;  Infortune d&#8217;un h\u00e9ros breton<\/em><br>Deux vies du \u00ab\u00a0h\u00e9ros breton\u00a0\u00bb par deux contemporains, un ami intime, le comte de La Vieuville, et un de ses admirateurs le marquis de Mirabeau,<br>par Mme Catherine H\u00e9mon-Fabre et M. Pierre-Eug\u00e8ne Leroy, tous deux anciens Ma\u00eetres de Conf\u00e9rences au Coll\u00e8ge de France (Chaire de Rh\u00e9torique et soci\u00e9t\u00e9).<br><br>Le blog Histoires-Galantes a contribu\u00e9 \u00e0 la publication de cet ouvrage en permettant la mise en relation de plusieurs personnes int\u00e9ress\u00e9es \u00e0 ce projet : <strong>M. Le Gac, M. Le Comte de Lorgeri<\/strong>l et <strong>Mme H\u00e9mon-Fabre<\/strong>, ma\u00eetre de conf\u00e9rences au coll\u00e8ge de France, chaire \u00e9criture m\u00e9di\u00e9vale.<br><br>Un \u00e9v\u00e8nement est pr\u00e9vu \u00e0 Pl\u00e9lo, \u00e0 l&#8217;automne prochain, autour de cet ouvrage et en hommage \u00e0 ce courageux comte de Pl\u00e9lo qui mourut pour notre roi Stanislas et dont je vous invite \u00e0 lire le <a href=\"https:\/\/www.histoiresgalantes.fr\/blog\/2018\/07\/06\/histoire-dun-heroique-breton-mort-pour-le-roi-stanislas\/?fbclid=IwAR2HLwuLju6v-_fCOht18tGQBGRGs6EP8TgDuBD3qa5bDSxuHBCCuWJ_VHo\" target=\"_blank\" rel=\"noreferrer noopener\"><strong>tragique destin ici<\/strong><\/a><\/p>\n\n\n\n<p><em>Vie du comte de Pl\u00e9lo<\/em> (<a href=\"https:\/\/www.decitre.fr\/livres\/vies-du-comte-de-plelo-9782753592100.html\" target=\"_blank\" rel=\"noreferrer noopener\">en vente ici<\/a>)<\/p>\n\n\n\n<p>Suicide, acte h\u00e9ro\u00efque ou insens\u00e9, trahison : la mort de Louis R. H. de Br\u00e9han de Pl\u00e9lo, le 27 mai 1734 au si\u00e8ge de Dantzig a suscit\u00e9 bien des jugements. Pour y voir clair, plusieurs historiens ont depuis \u00e9tudi\u00e9 sa carri\u00e8re en s&#8217;appuyant sur des papiers de famille et sur des documents conserv\u00e9s aux Archives, notamment aux Affaires \u00e9trang\u00e8res. Mais les deux textes &#8220;Vie de Pl\u00e9lo&#8221; \u00e9crites par Charles L.<br>M. de La Vieuville et Victor Riquetti de Mirabeau, \u00e9taient rest\u00e9s in\u00e9dits depuis le XVIIIe s. Ce sont ces deux visions contrast\u00e9es de la vie et de la mort d&#8217;un m\u00eame personnage &#8211; m\u00ealant souvenirs et reconstitution post mortem &#8211; dues \u00e0 des intimes du comte et de son \u00e9pouse Louise Fr. de La Vrilli\u00e8re, que propose cette \u00e9dition, de plus de 500 p.,\u00a0compl\u00e9t\u00e9e par un important dossier de documents originaux.<\/p>\n\n\n\n<div class=\"wp-block-image\"><figure class=\"aligncenter size-full\"><a href=\"https:\/\/www.histoiresgalantes.fr\/blog\/wp-content\/uploads\/2023\/04\/9782753592100-475x500-1.jpg\"><img loading=\"lazy\" decoding=\"async\" width=\"344\" height=\"500\" src=\"https:\/\/www.histoiresgalantes.fr\/blog\/wp-content\/uploads\/2023\/04\/9782753592100-475x500-1.jpg\" alt=\"\" class=\"wp-image-24161\" srcset=\"https:\/\/www.histoiresgalantes.fr\/blog\/wp-content\/uploads\/2023\/04\/9782753592100-475x500-1.jpg 344w, https:\/\/www.histoiresgalantes.fr\/blog\/wp-content\/uploads\/2023\/04\/9782753592100-475x500-1-206x300.jpg 206w\" sizes=\"auto, (max-width: 344px) 100vw, 344px\" \/><\/a><\/figure><\/div>\n\n\n\n<div class=\"wp-block-image\"><figure class=\"aligncenter size-full\"><a href=\"https:\/\/www.histoiresgalantes.fr\/blog\/wp-content\/uploads\/2023\/04\/plelo2.jpg\"><img loading=\"lazy\" decoding=\"async\" width=\"568\" height=\"800\" src=\"https:\/\/www.histoiresgalantes.fr\/blog\/wp-content\/uploads\/2023\/04\/plelo2.jpg\" alt=\"\" class=\"wp-image-24157\" srcset=\"https:\/\/www.histoiresgalantes.fr\/blog\/wp-content\/uploads\/2023\/04\/plelo2.jpg 568w, https:\/\/www.histoiresgalantes.fr\/blog\/wp-content\/uploads\/2023\/04\/plelo2-213x300.jpg 213w\" sizes=\"auto, (max-width: 568px) 100vw, 568px\" \/><\/a><\/figure><\/div>\n\n\n\n<div class=\"wp-block-image\"><figure class=\"aligncenter size-full\"><a href=\"https:\/\/www.histoiresgalantes.fr\/blog\/wp-content\/uploads\/2023\/04\/Philippoteaux_Death_of_Count_Plelo_on_Westerplatte_1734.jpg\"><img loading=\"lazy\" decoding=\"async\" width=\"620\" height=\"893\" src=\"https:\/\/www.histoiresgalantes.fr\/blog\/wp-content\/uploads\/2023\/04\/Philippoteaux_Death_of_Count_Plelo_on_Westerplatte_1734.jpg\" alt=\"\" class=\"wp-image-24163\" srcset=\"https:\/\/www.histoiresgalantes.fr\/blog\/wp-content\/uploads\/2023\/04\/Philippoteaux_Death_of_Count_Plelo_on_Westerplatte_1734.jpg 620w, https:\/\/www.histoiresgalantes.fr\/blog\/wp-content\/uploads\/2023\/04\/Philippoteaux_Death_of_Count_Plelo_on_Westerplatte_1734-208x300.jpg 208w\" sizes=\"auto, (max-width: 620px) 100vw, 620px\" \/><\/a><\/figure><\/div>\n","protected":false},"excerpt":{"rendered":"<p>Nouveaut\u00e9 litt\u00e9raireParution \u00e0 la fin du mois de juin 2023 aux Presses Universitaires de RennesVies du comte de Pl\u00e9lo &#8211; Infortune d&#8217;un h\u00e9ros bretonDeux vies du \u00ab\u00a0h\u00e9ros breton\u00a0\u00bb par deux contemporains, un ami intime, le comte de La Vieuville, et un de ses admirateurs le marquis de Mirabeau,par Mme Catherine H\u00e9mon-Fabre et M. Pierre-Eug\u00e8ne Leroy, [&hellip;]<\/p>\n","protected":false},"author":1,"featured_media":24158,"comment_status":"open","ping_status":"open","sticky":false,"template":"","format":"image","meta":{"om_disable_all_campaigns":false,"_monsterinsights_skip_tracking":false,"_monsterinsights_sitenote_active":false,"_monsterinsights_sitenote_note":"","_monsterinsights_sitenote_category":0,"_s2mail":"yes","footnotes":""},"categories":[71],"tags":[],"class_list":["post-24156","post","type-post","status-publish","format-image","has-post-thumbnail","hentry","category-regne-de-stanislas","post_format-post-format-image"],"aioseo_notices":[],"_links":{"self":[{"href":"https:\/\/www.histoiresgalantes.fr\/blog\/wp-json\/wp\/v2\/posts\/24156","targetHints":{"allow":["GET"]}}],"collection":[{"href":"https:\/\/www.histoiresgalantes.fr\/blog\/wp-json\/wp\/v2\/posts"}],"about":[{"href":"https:\/\/www.histoiresgalantes.fr\/blog\/wp-json\/wp\/v2\/types\/post"}],"author":[{"embeddable":true,"href":"https:\/\/www.histoiresgalantes.fr\/blog\/wp-json\/wp\/v2\/users\/1"}],"replies":[{"embeddable":true,"href":"https:\/\/www.histoiresgalantes.fr\/blog\/wp-json\/wp\/v2\/comments?post=24156"}],"version-history":[{"count":6,"href":"https:\/\/www.histoiresgalantes.fr\/blog\/wp-json\/wp\/v2\/posts\/24156\/revisions"}],"predecessor-version":[{"id":24221,"href":"https:\/\/www.histoiresgalantes.fr\/blog\/wp-json\/wp\/v2\/posts\/24156\/revisions\/24221"}],"wp:featuredmedia":[{"embeddable":true,"href":"https:\/\/www.histoiresgalantes.fr\/blog\/wp-json\/wp\/v2\/media\/24158"}],"wp:attachment":[{"href":"https:\/\/www.histoiresgalantes.fr\/blog\/wp-json\/wp\/v2\/media?parent=24156"}],"wp:term":[{"taxonomy":"category","embeddable":true,"href":"https:\/\/www.histoiresgalantes.fr\/blog\/wp-json\/wp\/v2\/categories?post=24156"},{"taxonomy":"post_tag","embeddable":true,"href":"https:\/\/www.histoiresgalantes.fr\/blog\/wp-json\/wp\/v2\/tags?post=24156"}],"curies":[{"name":"wp","href":"https:\/\/api.w.org\/{rel}","templated":true}]}}