{"id":24231,"date":"2023-05-01T10:42:14","date_gmt":"2023-05-01T09:42:14","guid":{"rendered":"http:\/\/www.histoiresgalantes.fr\/blog\/?p=24231"},"modified":"2023-05-03T10:53:13","modified_gmt":"2023-05-03T09:53:13","slug":"autoportrait-de-louis-xiii-a-lage-de-6-ans","status":"publish","type":"post","link":"https:\/\/www.histoiresgalantes.fr\/blog\/2023\/05\/01\/autoportrait-de-louis-xiii-a-lage-de-6-ans\/","title":{"rendered":"Autoportrait r\u00e9alis\u00e9 par Louis XIII \u00e0 6 ans"},"content":{"rendered":"\n<p><a href=\"https:\/\/www.facebook.com\/profile.php?id=100063801842830&amp;__cft__%5B0%5D=AZVaCNPaGHnQ2m0TaIBRILFhQL20fESaROv28b1ACFVOpV7rr6JztVIWEE09W6npvyqVqBhfb3rxmzZd3ezCFGcmHLuD01P0yPLMVa_2EElslmDTQYwwJnwcrhf_3WeLy8riJ2ir8tILIjHlXPzPuYDwWsY9tYOQvALdsOCgvyGwbg&amp;__tn__=-UC*F\"><strong>Passion Patrimoine<\/strong><\/a><br><\/p>\n\n\n\n<p>Vu par <a href=\"https:\/\/www.sculfort.fr\/\" target=\"_blank\" rel=\"noreferrer noopener\">Marie-France sculfort<\/a> en f\u00e9vrier 2023, dans l&#8217;exposition Gribouillis aux @beauxartsparis, un autoportrait r\u00e9alis\u00e9 par Louis XIII \u00e0 6 ans. (AL)<\/p>\n\n\n\n<p>Il a \u00e9t\u00e9 conserv\u00e9 par le m\u00e9decin de la cour qui a dit \u00e0 son propos : &#8220;a faist ce pourtraic gaiment de lui mesme, proprement, promptement, et avec intelligence des termes.&#8221;<\/p>\n\n\n\n<div class=\"wp-block-image\"><figure class=\"aligncenter size-full\"><a href=\"https:\/\/www.histoiresgalantes.fr\/blog\/wp-content\/uploads\/2023\/05\/louisXIII.jpg\"><img loading=\"lazy\" decoding=\"async\" width=\"680\" height=\"667\" src=\"https:\/\/www.histoiresgalantes.fr\/blog\/wp-content\/uploads\/2023\/05\/louisXIII.jpg\" alt=\"\" class=\"wp-image-24235\" srcset=\"https:\/\/www.histoiresgalantes.fr\/blog\/wp-content\/uploads\/2023\/05\/louisXIII.jpg 680w, https:\/\/www.histoiresgalantes.fr\/blog\/wp-content\/uploads\/2023\/05\/louisXIII-300x294.jpg 300w\" sizes=\"auto, (max-width: 680px) 100vw, 680px\" \/><\/a><figcaption>\u00a9 Passion Patrimoine<\/figcaption><\/figure><\/div>\n","protected":false},"excerpt":{"rendered":"<p>Passion Patrimoine Vu par Marie-France sculfort en f\u00e9vrier 2023, dans l&#8217;exposition Gribouillis aux @beauxartsparis, un autoportrait r\u00e9alis\u00e9 par Louis XIII \u00e0 6 ans. (AL) Il a \u00e9t\u00e9 conserv\u00e9 par le m\u00e9decin de la cour qui a dit \u00e0 son propos : &#8220;a faist ce pourtraic gaiment de lui mesme, proprement, promptement, et avec intelligence des [&hellip;]<\/p>\n","protected":false},"author":1,"featured_media":24243,"comment_status":"open","ping_status":"open","sticky":false,"template":"","format":"image","meta":{"om_disable_all_campaigns":false,"_monsterinsights_skip_tracking":false,"_monsterinsights_sitenote_active":false,"_monsterinsights_sitenote_note":"","_monsterinsights_sitenote_category":0,"_s2mail":"yes","footnotes":""},"categories":[37,29,14],"tags":[],"class_list":["post-24231","post","type-post","status-publish","format-image","has-post-thumbnail","hentry","category-anecdotes","category-evenements","category-insolite","post_format-post-format-image"],"aioseo_notices":[],"_links":{"self":[{"href":"https:\/\/www.histoiresgalantes.fr\/blog\/wp-json\/wp\/v2\/posts\/24231","targetHints":{"allow":["GET"]}}],"collection":[{"href":"https:\/\/www.histoiresgalantes.fr\/blog\/wp-json\/wp\/v2\/posts"}],"about":[{"href":"https:\/\/www.histoiresgalantes.fr\/blog\/wp-json\/wp\/v2\/types\/post"}],"author":[{"embeddable":true,"href":"https:\/\/www.histoiresgalantes.fr\/blog\/wp-json\/wp\/v2\/users\/1"}],"replies":[{"embeddable":true,"href":"https:\/\/www.histoiresgalantes.fr\/blog\/wp-json\/wp\/v2\/comments?post=24231"}],"version-history":[{"count":7,"href":"https:\/\/www.histoiresgalantes.fr\/blog\/wp-json\/wp\/v2\/posts\/24231\/revisions"}],"predecessor-version":[{"id":24246,"href":"https:\/\/www.histoiresgalantes.fr\/blog\/wp-json\/wp\/v2\/posts\/24231\/revisions\/24246"}],"wp:featuredmedia":[{"embeddable":true,"href":"https:\/\/www.histoiresgalantes.fr\/blog\/wp-json\/wp\/v2\/media\/24243"}],"wp:attachment":[{"href":"https:\/\/www.histoiresgalantes.fr\/blog\/wp-json\/wp\/v2\/media?parent=24231"}],"wp:term":[{"taxonomy":"category","embeddable":true,"href":"https:\/\/www.histoiresgalantes.fr\/blog\/wp-json\/wp\/v2\/categories?post=24231"},{"taxonomy":"post_tag","embeddable":true,"href":"https:\/\/www.histoiresgalantes.fr\/blog\/wp-json\/wp\/v2\/tags?post=24231"}],"curies":[{"name":"wp","href":"https:\/\/api.w.org\/{rel}","templated":true}]}}