{"id":24611,"date":"2023-06-17T09:31:55","date_gmt":"2023-06-17T08:31:55","guid":{"rendered":"http:\/\/www.histoiresgalantes.fr\/blog\/?p=24611"},"modified":"2023-06-20T20:20:20","modified_gmt":"2023-06-20T19:20:20","slug":"suzanne-valadon-a-pompidou-metz","status":"publish","type":"post","link":"https:\/\/www.histoiresgalantes.fr\/blog\/2023\/06\/17\/suzanne-valadon-a-pompidou-metz\/","title":{"rendered":"Suzanne Valadon \u00e0 Pompidou-Metz"},"content":{"rendered":"\n<figure class=\"wp-block-image size-large is-resized\"><a href=\"https:\/\/www.histoiresgalantes.fr\/blog\/wp-content\/uploads\/2023\/06\/IMG_9313.jpg\"><img loading=\"lazy\" decoding=\"async\" src=\"https:\/\/www.histoiresgalantes.fr\/blog\/wp-content\/uploads\/2023\/06\/IMG_9313-1024x756.jpg\" alt=\"\" class=\"wp-image-24612\" width=\"840\" height=\"620\" srcset=\"https:\/\/www.histoiresgalantes.fr\/blog\/wp-content\/uploads\/2023\/06\/IMG_9313-1024x756.jpg 1024w, https:\/\/www.histoiresgalantes.fr\/blog\/wp-content\/uploads\/2023\/06\/IMG_9313-300x222.jpg 300w, https:\/\/www.histoiresgalantes.fr\/blog\/wp-content\/uploads\/2023\/06\/IMG_9313-768x567.jpg 768w, https:\/\/www.histoiresgalantes.fr\/blog\/wp-content\/uploads\/2023\/06\/IMG_9313.jpg 1200w\" sizes=\"auto, (max-width: 840px) 100vw, 840px\" \/><\/a><\/figure>\n\n\n\n<p><strong>Degas<\/strong> lui accorde le g\u00e9nie du trait.<br>Ses contemporains sont bluff\u00e9s par son art.<br>Dans ses dessins, <strong>Suzanne Valadon<\/strong> emprisonne d&#8217;un trait de fusain noir le volume des corps.<br>Ses raccourcis sont incroyables de pr\u00e9cision. Ses peintures de nus d\u00e9montrent une parfaite ma\u00eetrise de la lumi\u00e8re.<br>Et pourtant cette artiste n\u2019a pas appris. Du moins pas dans les \u00e9coles d\u2019art car elles \u00e9taient interdites<br>aux femmes.<br>Mod\u00e8le des grands peintres de Montmartre (<strong>Renoir, Toulouse-Lautrec<\/strong>,\u2026), elle a regard\u00e9, entendu et observ\u00e9, pour restituer &#8211; s\u2019appropriant une palette de techniques diverses &#8211; un art qui n\u2019appartient qu\u2019\u00e0 elle.<br>Ses fausses notes et ses couleurs criardes vous heurteront peut-\u00eatre, mais ne vous y trompez pas, elles sont ma\u00eetris\u00e9es.<br>Valadon est une chercheuse de l&#8217;<strong>avant-garde<\/strong>, elle se joue des codes et du conformisme \u00e0 l\u2019instar de son compagnon <strong>Erik Satie<\/strong>.<\/p>\n\n\n\n<p>Elle invente en quelque sorte la &#8220;<strong>contre-culture<\/strong>&#8221; .<\/p>\n\n\n\n<p>SUZANNE VALADON<br>Un monde \u00e0 soi<br>EXPOSITION<br>15 AVR. \u2192 11 SEPT. 2023<br>Pompidou-Metz<\/p>\n\n\n<div class=\"wp-block-image\">\n<figure class=\"aligncenter size-full\"><a href=\"https:\/\/www.histoiresgalantes.fr\/blog\/wp-content\/uploads\/2023\/06\/Valadon2.jpg\"><img loading=\"lazy\" decoding=\"async\" width=\"302\" height=\"512\" src=\"https:\/\/www.histoiresgalantes.fr\/blog\/wp-content\/uploads\/2023\/06\/Valadon2.jpg\" alt=\"\" class=\"wp-image-24614\" srcset=\"https:\/\/www.histoiresgalantes.fr\/blog\/wp-content\/uploads\/2023\/06\/Valadon2.jpg 302w, https:\/\/www.histoiresgalantes.fr\/blog\/wp-content\/uploads\/2023\/06\/Valadon2-177x300.jpg 177w\" sizes=\"auto, (max-width: 302px) 100vw, 302px\" \/><\/a><\/figure><\/div>\n\n\n<p>Article \u00a9 PFourtier-Debert 2023<\/p>\n\n\n<div class=\"wp-block-image\">\n<figure class=\"aligncenter size-full\"><a href=\"https:\/\/www.histoiresgalantes.fr\/blog\/wp-content\/uploads\/2023\/06\/IMG_9314.jpg\"><img loading=\"lazy\" decoding=\"async\" width=\"1000\" height=\"806\" src=\"https:\/\/www.histoiresgalantes.fr\/blog\/wp-content\/uploads\/2023\/06\/IMG_9314.jpg\" alt=\"\" class=\"wp-image-24613\" srcset=\"https:\/\/www.histoiresgalantes.fr\/blog\/wp-content\/uploads\/2023\/06\/IMG_9314.jpg 1000w, https:\/\/www.histoiresgalantes.fr\/blog\/wp-content\/uploads\/2023\/06\/IMG_9314-300x242.jpg 300w, https:\/\/www.histoiresgalantes.fr\/blog\/wp-content\/uploads\/2023\/06\/IMG_9314-768x619.jpg 768w\" sizes=\"auto, (max-width: 1000px) 100vw, 1000px\" \/><\/a><\/figure><\/div>","protected":false},"excerpt":{"rendered":"<p>Degas lui accorde le g\u00e9nie du trait.Ses contemporains sont bluff\u00e9s par son art.Dans ses dessins, Suzanne Valadon emprisonne d&#8217;un trait de fusain noir le volume des corps.Ses raccourcis sont incroyables de pr\u00e9cision. Ses peintures de nus d\u00e9montrent une parfaite ma\u00eetrise de la lumi\u00e8re.Et pourtant cette artiste n\u2019a pas appris. Du moins pas dans les \u00e9coles [&hellip;]<\/p>\n","protected":false},"author":1,"featured_media":24616,"comment_status":"open","ping_status":"open","sticky":false,"template":"","format":"image","meta":{"om_disable_all_campaigns":false,"_monsterinsights_skip_tracking":false,"_monsterinsights_sitenote_active":false,"_monsterinsights_sitenote_note":"","_monsterinsights_sitenote_category":0,"_s2mail":"yes","footnotes":""},"categories":[29,61],"tags":[],"class_list":["post-24611","post","type-post","status-publish","format-image","has-post-thumbnail","hentry","category-evenements","category-femmes-peintres","post_format-post-format-image"],"aioseo_notices":[],"_links":{"self":[{"href":"https:\/\/www.histoiresgalantes.fr\/blog\/wp-json\/wp\/v2\/posts\/24611","targetHints":{"allow":["GET"]}}],"collection":[{"href":"https:\/\/www.histoiresgalantes.fr\/blog\/wp-json\/wp\/v2\/posts"}],"about":[{"href":"https:\/\/www.histoiresgalantes.fr\/blog\/wp-json\/wp\/v2\/types\/post"}],"author":[{"embeddable":true,"href":"https:\/\/www.histoiresgalantes.fr\/blog\/wp-json\/wp\/v2\/users\/1"}],"replies":[{"embeddable":true,"href":"https:\/\/www.histoiresgalantes.fr\/blog\/wp-json\/wp\/v2\/comments?post=24611"}],"version-history":[{"count":1,"href":"https:\/\/www.histoiresgalantes.fr\/blog\/wp-json\/wp\/v2\/posts\/24611\/revisions"}],"predecessor-version":[{"id":24615,"href":"https:\/\/www.histoiresgalantes.fr\/blog\/wp-json\/wp\/v2\/posts\/24611\/revisions\/24615"}],"wp:featuredmedia":[{"embeddable":true,"href":"https:\/\/www.histoiresgalantes.fr\/blog\/wp-json\/wp\/v2\/media\/24616"}],"wp:attachment":[{"href":"https:\/\/www.histoiresgalantes.fr\/blog\/wp-json\/wp\/v2\/media?parent=24611"}],"wp:term":[{"taxonomy":"category","embeddable":true,"href":"https:\/\/www.histoiresgalantes.fr\/blog\/wp-json\/wp\/v2\/categories?post=24611"},{"taxonomy":"post_tag","embeddable":true,"href":"https:\/\/www.histoiresgalantes.fr\/blog\/wp-json\/wp\/v2\/tags?post=24611"}],"curies":[{"name":"wp","href":"https:\/\/api.w.org\/{rel}","templated":true}]}}