{"id":24843,"date":"2023-07-14T09:14:49","date_gmt":"2023-07-14T08:14:49","guid":{"rendered":"http:\/\/www.histoiresgalantes.fr\/blog\/?p=24843"},"modified":"2023-07-14T09:21:04","modified_gmt":"2023-07-14T08:21:04","slug":"emma","status":"publish","type":"post","link":"https:\/\/www.histoiresgalantes.fr\/blog\/2023\/07\/14\/emma\/","title":{"rendered":"Emma"},"content":{"rendered":"\n<p>Adaptation du roman de <strong>Jane Austen <\/strong>en mini s\u00e9rie, sur Arte.<br>Au tournant des XVIIIe et XIXe s., de nombreuses jeunes filles de l&#8217;aristocratie sont form\u00e9es \u00e0 la peinture. Emma n&#8217;\u00e9chappe pas \u00e0 cette convention sociale et s&#8217;en amuse au d\u00e9triment des personnes de son entourage\u2026<br>A voir sur Arte du 09\/06\/2023 au 29\/09\/2023  :<\/p>\n\n\n\n<p><a href=\"https:\/\/www.arte.tv\/fr\/videos\/112353-001-A\/emma-1-4\/\">https:\/\/www.arte.tv\/fr\/videos\/112353-001-A\/emma-1-4\/<\/a><\/p>\n\n\n\n<p>R\u00e9alisation : Jim O&#8217;Hanlon<br>Sc\u00e9nario : Sandy Welch<\/p>\n\n\n\n<figure class=\"wp-block-image size-large\"><a href=\"https:\/\/www.histoiresgalantes.fr\/blog\/wp-content\/uploads\/2023\/07\/austen2.jpg\"><img loading=\"lazy\" decoding=\"async\" width=\"1024\" height=\"570\" src=\"https:\/\/www.histoiresgalantes.fr\/blog\/wp-content\/uploads\/2023\/07\/austen2-1024x570.jpg\" alt=\"\" class=\"wp-image-24847\" srcset=\"https:\/\/www.histoiresgalantes.fr\/blog\/wp-content\/uploads\/2023\/07\/austen2-1024x570.jpg 1024w, https:\/\/www.histoiresgalantes.fr\/blog\/wp-content\/uploads\/2023\/07\/austen2-300x167.jpg 300w, https:\/\/www.histoiresgalantes.fr\/blog\/wp-content\/uploads\/2023\/07\/austen2-768x428.jpg 768w, https:\/\/www.histoiresgalantes.fr\/blog\/wp-content\/uploads\/2023\/07\/austen2-1536x855.jpg 1536w, https:\/\/www.histoiresgalantes.fr\/blog\/wp-content\/uploads\/2023\/07\/austen2.jpg 1879w\" sizes=\"auto, (max-width: 1024px) 100vw, 1024px\" \/><\/a><\/figure>\n\n\n<div class=\"wp-block-image\">\n<figure class=\"aligncenter size-large\"><a href=\"https:\/\/www.histoiresgalantes.fr\/blog\/wp-content\/uploads\/2023\/07\/3.jpg\"><img loading=\"lazy\" decoding=\"async\" width=\"1024\" height=\"579\" src=\"https:\/\/www.histoiresgalantes.fr\/blog\/wp-content\/uploads\/2023\/07\/3-1024x579.jpg\" alt=\"\" class=\"wp-image-24846\" srcset=\"https:\/\/www.histoiresgalantes.fr\/blog\/wp-content\/uploads\/2023\/07\/3-1024x579.jpg 1024w, https:\/\/www.histoiresgalantes.fr\/blog\/wp-content\/uploads\/2023\/07\/3-300x170.jpg 300w, https:\/\/www.histoiresgalantes.fr\/blog\/wp-content\/uploads\/2023\/07\/3-768x434.jpg 768w, https:\/\/www.histoiresgalantes.fr\/blog\/wp-content\/uploads\/2023\/07\/3-1536x869.jpg 1536w, https:\/\/www.histoiresgalantes.fr\/blog\/wp-content\/uploads\/2023\/07\/3.jpg 1874w\" sizes=\"auto, (max-width: 1024px) 100vw, 1024px\" \/><\/a><\/figure><\/div>\n\n<div class=\"wp-block-image\">\n<figure class=\"aligncenter size-large\"><a href=\"https:\/\/www.histoiresgalantes.fr\/blog\/wp-content\/uploads\/2023\/07\/austen4.jpg\"><img loading=\"lazy\" decoding=\"async\" width=\"1024\" height=\"574\" src=\"https:\/\/www.histoiresgalantes.fr\/blog\/wp-content\/uploads\/2023\/07\/austen4-1024x574.jpg\" alt=\"\" class=\"wp-image-24845\" srcset=\"https:\/\/www.histoiresgalantes.fr\/blog\/wp-content\/uploads\/2023\/07\/austen4-1024x574.jpg 1024w, https:\/\/www.histoiresgalantes.fr\/blog\/wp-content\/uploads\/2023\/07\/austen4-300x168.jpg 300w, https:\/\/www.histoiresgalantes.fr\/blog\/wp-content\/uploads\/2023\/07\/austen4-768x431.jpg 768w, https:\/\/www.histoiresgalantes.fr\/blog\/wp-content\/uploads\/2023\/07\/austen4-1536x861.jpg 1536w, https:\/\/www.histoiresgalantes.fr\/blog\/wp-content\/uploads\/2023\/07\/austen4.jpg 1883w\" sizes=\"auto, (max-width: 1024px) 100vw, 1024px\" \/><\/a><\/figure><\/div>","protected":false},"excerpt":{"rendered":"<p>Adaptation du roman de Jane Austen en mini s\u00e9rie, sur Arte.Au tournant des XVIIIe et XIXe s., de nombreuses jeunes filles de l&#8217;aristocratie sont form\u00e9es \u00e0 la peinture. Emma n&#8217;\u00e9chappe pas \u00e0 cette convention sociale et s&#8217;en amuse au d\u00e9triment des personnes de son entourage\u2026A voir sur Arte du 09\/06\/2023 au 29\/09\/2023 : https:\/\/www.arte.tv\/fr\/videos\/112353-001-A\/emma-1-4\/ R\u00e9alisation [&hellip;]<\/p>\n","protected":false},"author":1,"featured_media":24848,"comment_status":"open","ping_status":"open","sticky":false,"template":"","format":"image","meta":{"om_disable_all_campaigns":false,"_monsterinsights_skip_tracking":false,"_monsterinsights_sitenote_active":false,"_monsterinsights_sitenote_note":"","_monsterinsights_sitenote_category":0,"_s2mail":"yes","footnotes":""},"categories":[83,61,64],"tags":[],"class_list":["post-24843","post","type-post","status-publish","format-image","has-post-thumbnail","hentry","category-ecrivain-e-s","category-femmes-peintres","category-films-xviiie","post_format-post-format-image"],"aioseo_notices":[],"_links":{"self":[{"href":"https:\/\/www.histoiresgalantes.fr\/blog\/wp-json\/wp\/v2\/posts\/24843","targetHints":{"allow":["GET"]}}],"collection":[{"href":"https:\/\/www.histoiresgalantes.fr\/blog\/wp-json\/wp\/v2\/posts"}],"about":[{"href":"https:\/\/www.histoiresgalantes.fr\/blog\/wp-json\/wp\/v2\/types\/post"}],"author":[{"embeddable":true,"href":"https:\/\/www.histoiresgalantes.fr\/blog\/wp-json\/wp\/v2\/users\/1"}],"replies":[{"embeddable":true,"href":"https:\/\/www.histoiresgalantes.fr\/blog\/wp-json\/wp\/v2\/comments?post=24843"}],"version-history":[{"count":5,"href":"https:\/\/www.histoiresgalantes.fr\/blog\/wp-json\/wp\/v2\/posts\/24843\/revisions"}],"predecessor-version":[{"id":24852,"href":"https:\/\/www.histoiresgalantes.fr\/blog\/wp-json\/wp\/v2\/posts\/24843\/revisions\/24852"}],"wp:featuredmedia":[{"embeddable":true,"href":"https:\/\/www.histoiresgalantes.fr\/blog\/wp-json\/wp\/v2\/media\/24848"}],"wp:attachment":[{"href":"https:\/\/www.histoiresgalantes.fr\/blog\/wp-json\/wp\/v2\/media?parent=24843"}],"wp:term":[{"taxonomy":"category","embeddable":true,"href":"https:\/\/www.histoiresgalantes.fr\/blog\/wp-json\/wp\/v2\/categories?post=24843"},{"taxonomy":"post_tag","embeddable":true,"href":"https:\/\/www.histoiresgalantes.fr\/blog\/wp-json\/wp\/v2\/tags?post=24843"}],"curies":[{"name":"wp","href":"https:\/\/api.w.org\/{rel}","templated":true}]}}