{"id":24921,"date":"2023-07-28T15:43:03","date_gmt":"2023-07-28T14:43:03","guid":{"rendered":"http:\/\/www.histoiresgalantes.fr\/blog\/?p=24921"},"modified":"2024-07-02T13:29:47","modified_gmt":"2024-07-02T12:29:47","slug":"soulosse-sous-saint-elophe-un-chemin-seme-de-miracles","status":"publish","type":"post","link":"https:\/\/www.histoiresgalantes.fr\/blog\/2023\/07\/28\/soulosse-sous-saint-elophe-un-chemin-seme-de-miracles\/","title":{"rendered":"Soulosse-sous-Saint-Elophe, un chemin &#8220;sem\u00e9&#8221; de miracles"},"content":{"rendered":"\n<figure class=\"wp-block-image size-large\"><a href=\"https:\/\/www.histoiresgalantes.fr\/blog\/wp-content\/uploads\/2023\/08\/IMG_7442.jpg\"><img loading=\"lazy\" decoding=\"async\" width=\"1024\" height=\"768\" src=\"https:\/\/www.histoiresgalantes.fr\/blog\/wp-content\/uploads\/2023\/08\/IMG_7442-1024x768.jpg\" alt=\"\" class=\"wp-image-24923\" srcset=\"https:\/\/www.histoiresgalantes.fr\/blog\/wp-content\/uploads\/2023\/08\/IMG_7442-1024x768.jpg 1024w, https:\/\/www.histoiresgalantes.fr\/blog\/wp-content\/uploads\/2023\/08\/IMG_7442-300x225.jpg 300w, https:\/\/www.histoiresgalantes.fr\/blog\/wp-content\/uploads\/2023\/08\/IMG_7442-768x576.jpg 768w, https:\/\/www.histoiresgalantes.fr\/blog\/wp-content\/uploads\/2023\/08\/IMG_7442-640x480.jpg 640w, https:\/\/www.histoiresgalantes.fr\/blog\/wp-content\/uploads\/2023\/08\/IMG_7442.jpg 1200w\" sizes=\"auto, (max-width: 1024px) 100vw, 1024px\" \/><\/a><\/figure>\n\n\n\n<p>Je conseille vivement la balade sem\u00e9e de miracles&#8221; \u00e0 faire dans les pas de <strong>saint \u00c9lophe<\/strong> \u00e0 <strong>Soulosse-sous-Saint-Elophe.<\/strong><br>La balade d\u00e9marre au lieu m\u00eame (dit-on) o\u00f9 saint \u00c9lophe fut d\u00e9capit\u00e9 par l\u2019<strong>empereur Julien<\/strong> (en l&#8217;an 362).<\/p>\n\n\n\n<p>A cet endroit s\u2019\u00e9l\u00e8ve d\u00e9sormais une <strong>chapelle au bord du Vair<\/strong> qui est le point de d\u00e9part de l\u2019incroyable p\u00e9riple du saint c\u00e9phalophore.<br>En effet, le vigoureux jeune homme commen\u00e7a \u00e0 cet endroit pr\u00e9cis l\u2019ascension de la montagne sur laquelle il avait choisi d\u2019\u00eatre inhum\u00e9, emportant avec lui, bien s\u00fbr, sa t\u00eate sous son bras.<\/p>\n\n\n\n<p>Pour se faire, \u00c9lophe dut traverser une vaste prairie au centre duquel s&#8217;\u00e9l\u00e8ve aujourd&#8217;hui un ch\u00eane jumeau plusieurs fois centenaire.<br>Etrange co\u00efncidence, plusieurs arbres bordant cette prairie sont actuellement anastomos\u00e9s, c&#8217;est \u00e0 dire qu&#8217;ils sont jumeaux, triples ou greff\u00e9s naturellement entre eux.<\/p>\n\n\n\n<p>Arriv\u00e9 \u00e0 mi-chemin, au milieu de la for\u00eat, \u00c9lophe frappa de son b\u00e2ton un rocher d&#8217;o\u00f9 l&#8217;eau jaillit, selon la loi des miracles, instantan\u00e9ment ! La fontaine existe toujours !<br><br>Alors qu&#8217;il poursuivait son ascension, avec toujours \u00e0 ses trousses les troupes romaines, un deuxi\u00e8me miracle s&#8217;accomplit.<br>Une faille b\u00e9ante s&#8217;ouvrit dans la roche afin que notre bon \u00c9lophe puisse se cacher. Une araign\u00e9e (g\u00e9ante ?) vint \u00e9galement \u00e0 son secours en tissant une toile devant la cachette pour le soustraire de la vue des soldats.<\/p>\n\n\n\n<p>Enfin, un troisi\u00e8me miracle se produisit lorsque \u00c9lophe, toujours sa t\u00eate sous son bras, ext\u00e9nu\u00e9 (on le serait \u00e0 moins), s&#8217;effondra sur une pierre pour rendre son \u00e2me \u00e0 Dieu. La pierre se transforma miraculeusement en si\u00e8ge.<br>Ce &#8220;si\u00e8ge&#8221; est toujours visible dans le cimeti\u00e8re attenant \u00e0 l&#8217;\u00e9glise de Saint-Elophe, magnifique \u00e9difice roman \u00e9difi\u00e9 sp\u00e9cialement pour le saint.<\/p>\n\n\n\n<p><strong>Le contexte de l&#8217;histoire <\/strong>:<br>En Gaule, au IVe si\u00e8cle, l\u2019<strong>empereur Julien l\u2019Apostat<\/strong> r\u00e8gne sur son empire et demande des sacrifices. Il prend pour cible une famille vosgienne toute d\u00e9sign\u00e9e, celle de <strong>Baccius et de sa femme Lientrude<\/strong>, tous deux souverains de la chr\u00e9tient\u00e9 et gouverneurs d\u2019<strong>Apollogranium<\/strong>.<\/p>\n\n\n\n<p>Leurs nombreux enfants, tous n\u00e9s \u00e0 <strong>Solimariaca<\/strong> (ancien de nom du village de Saint-Elophe), sont de farouches d\u00e9fenseurs de la chr\u00e9tient\u00e9.<\/p>\n\n\n\n<p>Sept d\u2019entre eux, dont les trois c\u00e9phalophores :<strong> Euchaire, Elophe et Libaire<\/strong>, seront canonis\u00e9s pour avoir r\u00e9alis\u00e9 des miracles.<\/p>\n\n\n\n<p>Le martyre de celui qui nous occupe, <strong>\u00c9lophe<\/strong>, commence en l&#8217;an 362. Le jeune homme, ayant os\u00e9 s\u2019opposer \u00e0 des f\u00eates pa\u00efennes, est somm\u00e9 par les troupes de l\u2019empereur de renier sa foi. D\u00e9capit\u00e9, il ramasse sa t\u00eate et commence l&#8217;ascension de la montagne o\u00f9 il d\u00e9sire \u00eatre inhum\u00e9\u2026<\/p>\n\n\n\n<p>Num\u00e9ro de t\u00e9l\u00e9phone pour faire la visite guid\u00e9e :<\/p>\n\n\n\n<p>06 82 63 58 87<\/p>\n\n\n\n<figure class=\"wp-block-image size-large\"><a href=\"https:\/\/www.histoiresgalantes.fr\/blog\/wp-content\/uploads\/2023\/08\/IMG_7445.jpg\"><img loading=\"lazy\" decoding=\"async\" width=\"1024\" height=\"1024\" src=\"https:\/\/www.histoiresgalantes.fr\/blog\/wp-content\/uploads\/2023\/08\/IMG_7445-1024x1024.jpg\" alt=\"\" class=\"wp-image-24924\" srcset=\"https:\/\/www.histoiresgalantes.fr\/blog\/wp-content\/uploads\/2023\/08\/IMG_7445-1024x1024.jpg 1024w, https:\/\/www.histoiresgalantes.fr\/blog\/wp-content\/uploads\/2023\/08\/IMG_7445-300x300.jpg 300w, https:\/\/www.histoiresgalantes.fr\/blog\/wp-content\/uploads\/2023\/08\/IMG_7445-150x150.jpg 150w, https:\/\/www.histoiresgalantes.fr\/blog\/wp-content\/uploads\/2023\/08\/IMG_7445-768x768.jpg 768w, https:\/\/www.histoiresgalantes.fr\/blog\/wp-content\/uploads\/2023\/08\/IMG_7445.jpg 1200w\" sizes=\"auto, (max-width: 1024px) 100vw, 1024px\" \/><\/a><figcaption class=\"wp-element-caption\">&nbsp;Chapelle Saint-Epeothe, sur le Vair, \u00e0 Soulosse<\/figcaption><\/figure>\n\n\n\n<figure class=\"wp-block-image size-large\"><a href=\"https:\/\/www.histoiresgalantes.fr\/blog\/wp-content\/uploads\/2023\/08\/IMG_7449.jpg\"><img loading=\"lazy\" decoding=\"async\" width=\"1024\" height=\"768\" src=\"https:\/\/www.histoiresgalantes.fr\/blog\/wp-content\/uploads\/2023\/08\/IMG_7449-1024x768.jpg\" alt=\"\" class=\"wp-image-24925\" srcset=\"https:\/\/www.histoiresgalantes.fr\/blog\/wp-content\/uploads\/2023\/08\/IMG_7449-1024x768.jpg 1024w, https:\/\/www.histoiresgalantes.fr\/blog\/wp-content\/uploads\/2023\/08\/IMG_7449-300x225.jpg 300w, https:\/\/www.histoiresgalantes.fr\/blog\/wp-content\/uploads\/2023\/08\/IMG_7449-768x576.jpg 768w, https:\/\/www.histoiresgalantes.fr\/blog\/wp-content\/uploads\/2023\/08\/IMG_7449-640x480.jpg 640w, https:\/\/www.histoiresgalantes.fr\/blog\/wp-content\/uploads\/2023\/08\/IMG_7449.jpg 1200w\" sizes=\"auto, (max-width: 1024px) 100vw, 1024px\" \/><\/a><figcaption class=\"wp-element-caption\">Jugement et la d\u00e9capitation de Saint-\u00c9lophe, bas-relief, 1614, chapelle Saint-Epeothe, \u00e0 Soulosse<\/figcaption><\/figure>\n\n\n\n<figure class=\"wp-block-image size-large\"><a href=\"https:\/\/www.histoiresgalantes.fr\/blog\/wp-content\/uploads\/2023\/08\/IMG_7475.jpg\"><img loading=\"lazy\" decoding=\"async\" width=\"768\" height=\"1024\" src=\"https:\/\/www.histoiresgalantes.fr\/blog\/wp-content\/uploads\/2023\/08\/IMG_7475-768x1024.jpg\" alt=\"\" class=\"wp-image-24926\" srcset=\"https:\/\/www.histoiresgalantes.fr\/blog\/wp-content\/uploads\/2023\/08\/IMG_7475-768x1024.jpg 768w, https:\/\/www.histoiresgalantes.fr\/blog\/wp-content\/uploads\/2023\/08\/IMG_7475-225x300.jpg 225w, https:\/\/www.histoiresgalantes.fr\/blog\/wp-content\/uploads\/2023\/08\/IMG_7475-1152x1536.jpg 1152w, https:\/\/www.histoiresgalantes.fr\/blog\/wp-content\/uploads\/2023\/08\/IMG_7475.jpg 1200w\" sizes=\"auto, (max-width: 768px) 100vw, 768px\" \/><\/a><figcaption class=\"wp-element-caption\">Fontaine miraculeuse, for\u00eat de Soulosse-sous-Saint-\u00c9lophe<\/figcaption><\/figure>\n\n\n\n<figure class=\"wp-block-image size-large\"><a href=\"https:\/\/www.histoiresgalantes.fr\/blog\/wp-content\/uploads\/2023\/08\/IMG_7478.jpg\"><img loading=\"lazy\" decoding=\"async\" width=\"1024\" height=\"1024\" src=\"https:\/\/www.histoiresgalantes.fr\/blog\/wp-content\/uploads\/2023\/08\/IMG_7478-1024x1024.jpg\" alt=\"\" class=\"wp-image-24927\" srcset=\"https:\/\/www.histoiresgalantes.fr\/blog\/wp-content\/uploads\/2023\/08\/IMG_7478-1024x1024.jpg 1024w, https:\/\/www.histoiresgalantes.fr\/blog\/wp-content\/uploads\/2023\/08\/IMG_7478-300x300.jpg 300w, https:\/\/www.histoiresgalantes.fr\/blog\/wp-content\/uploads\/2023\/08\/IMG_7478-150x150.jpg 150w, https:\/\/www.histoiresgalantes.fr\/blog\/wp-content\/uploads\/2023\/08\/IMG_7478-768x768.jpg 768w, https:\/\/www.histoiresgalantes.fr\/blog\/wp-content\/uploads\/2023\/08\/IMG_7478.jpg 1200w\" sizes=\"auto, (max-width: 1024px) 100vw, 1024px\" \/><\/a><figcaption class=\"wp-element-caption\">Sculpture de Saint-\u00c9lophe dans la faille g\u00e9ante, XVIIIe s.<\/figcaption><\/figure>\n\n\n\n<figure class=\"wp-block-image size-large\"><a href=\"https:\/\/www.histoiresgalantes.fr\/blog\/wp-content\/uploads\/2023\/08\/IMG_7479.jpg\"><img loading=\"lazy\" decoding=\"async\" width=\"768\" height=\"1024\" src=\"https:\/\/www.histoiresgalantes.fr\/blog\/wp-content\/uploads\/2023\/08\/IMG_7479-768x1024.jpg\" alt=\"\" class=\"wp-image-24928\" srcset=\"https:\/\/www.histoiresgalantes.fr\/blog\/wp-content\/uploads\/2023\/08\/IMG_7479-768x1024.jpg 768w, https:\/\/www.histoiresgalantes.fr\/blog\/wp-content\/uploads\/2023\/08\/IMG_7479-225x300.jpg 225w, https:\/\/www.histoiresgalantes.fr\/blog\/wp-content\/uploads\/2023\/08\/IMG_7479-1152x1536.jpg 1152w, https:\/\/www.histoiresgalantes.fr\/blog\/wp-content\/uploads\/2023\/08\/IMG_7479.jpg 1200w\" sizes=\"auto, (max-width: 768px) 100vw, 768px\" \/><\/a><\/figure>\n\n\n\n<figure class=\"wp-block-image size-large\"><a href=\"https:\/\/www.histoiresgalantes.fr\/blog\/wp-content\/uploads\/2023\/08\/IMG_7480.jpg\"><img loading=\"lazy\" decoding=\"async\" width=\"768\" height=\"1024\" src=\"https:\/\/www.histoiresgalantes.fr\/blog\/wp-content\/uploads\/2023\/08\/IMG_7480-768x1024.jpg\" alt=\"\" class=\"wp-image-24929\" srcset=\"https:\/\/www.histoiresgalantes.fr\/blog\/wp-content\/uploads\/2023\/08\/IMG_7480-768x1024.jpg 768w, https:\/\/www.histoiresgalantes.fr\/blog\/wp-content\/uploads\/2023\/08\/IMG_7480-225x300.jpg 225w, https:\/\/www.histoiresgalantes.fr\/blog\/wp-content\/uploads\/2023\/08\/IMG_7480-1152x1536.jpg 1152w, https:\/\/www.histoiresgalantes.fr\/blog\/wp-content\/uploads\/2023\/08\/IMG_7480.jpg 1200w\" sizes=\"auto, (max-width: 768px) 100vw, 768px\" \/><\/a><figcaption class=\"wp-element-caption\">\u00c9glise de Saint-\u00c9lophe<\/figcaption><\/figure>\n\n\n\n<figure class=\"wp-block-image size-large\"><a href=\"https:\/\/www.histoiresgalantes.fr\/blog\/wp-content\/uploads\/2023\/08\/IMG_9588.jpg\"><img loading=\"lazy\" decoding=\"async\" width=\"1024\" height=\"683\" src=\"https:\/\/www.histoiresgalantes.fr\/blog\/wp-content\/uploads\/2023\/08\/IMG_9588-1024x683.jpg\" alt=\"\" class=\"wp-image-24930\" srcset=\"https:\/\/www.histoiresgalantes.fr\/blog\/wp-content\/uploads\/2023\/08\/IMG_9588-1024x683.jpg 1024w, https:\/\/www.histoiresgalantes.fr\/blog\/wp-content\/uploads\/2023\/08\/IMG_9588-300x200.jpg 300w, https:\/\/www.histoiresgalantes.fr\/blog\/wp-content\/uploads\/2023\/08\/IMG_9588-768x512.jpg 768w, https:\/\/www.histoiresgalantes.fr\/blog\/wp-content\/uploads\/2023\/08\/IMG_9588-330x220.jpg 330w, https:\/\/www.histoiresgalantes.fr\/blog\/wp-content\/uploads\/2023\/08\/IMG_9588.jpg 1200w\" sizes=\"auto, (max-width: 1024px) 100vw, 1024px\" \/><\/a><figcaption class=\"wp-element-caption\">Les trois saints c\u00e9phalophore, \u00e9glise de Soulosse-sous-Saint-\u00c9lophe<\/figcaption><\/figure>\n\n\n\n<figure class=\"wp-block-image size-large\"><a href=\"https:\/\/www.histoiresgalantes.fr\/blog\/wp-content\/uploads\/2023\/08\/IMG_9591.jpg\"><img loading=\"lazy\" decoding=\"async\" width=\"1024\" height=\"683\" src=\"https:\/\/www.histoiresgalantes.fr\/blog\/wp-content\/uploads\/2023\/08\/IMG_9591-1024x683.jpg\" alt=\"\" class=\"wp-image-24931\" srcset=\"https:\/\/www.histoiresgalantes.fr\/blog\/wp-content\/uploads\/2023\/08\/IMG_9591-1024x683.jpg 1024w, https:\/\/www.histoiresgalantes.fr\/blog\/wp-content\/uploads\/2023\/08\/IMG_9591-300x200.jpg 300w, https:\/\/www.histoiresgalantes.fr\/blog\/wp-content\/uploads\/2023\/08\/IMG_9591-768x512.jpg 768w, https:\/\/www.histoiresgalantes.fr\/blog\/wp-content\/uploads\/2023\/08\/IMG_9591-330x220.jpg 330w, https:\/\/www.histoiresgalantes.fr\/blog\/wp-content\/uploads\/2023\/08\/IMG_9591.jpg 1200w\" sizes=\"auto, (max-width: 1024px) 100vw, 1024px\" \/><\/a><figcaption class=\"wp-element-caption\">\u00c9glise de Saint-\u00c9lophe<\/figcaption><\/figure>\n\n\n\n<figure class=\"wp-block-image size-large\"><a href=\"https:\/\/www.histoiresgalantes.fr\/blog\/wp-content\/uploads\/2023\/08\/IMG_9596.jpg\"><img loading=\"lazy\" decoding=\"async\" width=\"1024\" height=\"683\" src=\"https:\/\/www.histoiresgalantes.fr\/blog\/wp-content\/uploads\/2023\/08\/IMG_9596-1024x683.jpg\" alt=\"\" class=\"wp-image-24932\" srcset=\"https:\/\/www.histoiresgalantes.fr\/blog\/wp-content\/uploads\/2023\/08\/IMG_9596-1024x683.jpg 1024w, https:\/\/www.histoiresgalantes.fr\/blog\/wp-content\/uploads\/2023\/08\/IMG_9596-300x200.jpg 300w, https:\/\/www.histoiresgalantes.fr\/blog\/wp-content\/uploads\/2023\/08\/IMG_9596-768x512.jpg 768w, https:\/\/www.histoiresgalantes.fr\/blog\/wp-content\/uploads\/2023\/08\/IMG_9596-330x220.jpg 330w, https:\/\/www.histoiresgalantes.fr\/blog\/wp-content\/uploads\/2023\/08\/IMG_9596.jpg 1200w\" sizes=\"auto, (max-width: 1024px) 100vw, 1024px\" \/><\/a><figcaption class=\"wp-element-caption\">Sculpture de sainte Libaire sur le haut d&#8217;un b\u00e2ton de procession, XVIIIe s., \u00e9glise de Saint-\u00c9lophe<\/figcaption><\/figure>\n\n\n<div class=\"wp-block-image\">\n<figure class=\"aligncenter size-large\"><a href=\"https:\/\/www.histoiresgalantes.fr\/blog\/wp-content\/uploads\/2023\/08\/IMG_9603.jpg\"><img loading=\"lazy\" decoding=\"async\" width=\"683\" height=\"1024\" src=\"https:\/\/www.histoiresgalantes.fr\/blog\/wp-content\/uploads\/2023\/08\/IMG_9603-683x1024.jpg\" alt=\"\" class=\"wp-image-24933\" srcset=\"https:\/\/www.histoiresgalantes.fr\/blog\/wp-content\/uploads\/2023\/08\/IMG_9603-683x1024.jpg 683w, https:\/\/www.histoiresgalantes.fr\/blog\/wp-content\/uploads\/2023\/08\/IMG_9603-200x300.jpg 200w, https:\/\/www.histoiresgalantes.fr\/blog\/wp-content\/uploads\/2023\/08\/IMG_9603-768x1152.jpg 768w, https:\/\/www.histoiresgalantes.fr\/blog\/wp-content\/uploads\/2023\/08\/IMG_9603.jpg 800w\" sizes=\"auto, (max-width: 683px) 100vw, 683px\" \/><\/a><figcaption class=\"wp-element-caption\">Sculpture de Saint \u00c9lophe sur le haut d&#8217;un b\u00e2ton de procession, XVIIIe s., \u00e9glise de Saint-\u00c9lophe<\/figcaption><\/figure><\/div>","protected":false},"excerpt":{"rendered":"<p>Je conseille vivement la balade sem\u00e9e de miracles&#8221; \u00e0 faire dans les pas de saint \u00c9lophe \u00e0 Soulosse-sous-Saint-Elophe.La balade d\u00e9marre au lieu m\u00eame (dit-on) o\u00f9 saint \u00c9lophe fut d\u00e9capit\u00e9 par l\u2019empereur Julien (en l&#8217;an 362). A cet endroit s\u2019\u00e9l\u00e8ve d\u00e9sormais une chapelle au bord du Vair qui est le point de d\u00e9part de l\u2019incroyable p\u00e9riple [&hellip;]<\/p>\n","protected":false},"author":1,"featured_media":24934,"comment_status":"open","ping_status":"open","sticky":false,"template":"","format":"image","meta":{"om_disable_all_campaigns":false,"_monsterinsights_skip_tracking":false,"_monsterinsights_sitenote_active":false,"_monsterinsights_sitenote_note":"","_monsterinsights_sitenote_category":0,"_s2mail":"yes","footnotes":""},"categories":[40,32,29,70],"tags":[],"class_list":["post-24921","post","type-post","status-publish","format-image","has-post-thumbnail","hentry","category-arbres-du-xviiie-siecle","category-sites-a-visiter","category-evenements","category-patrimoine","post_format-post-format-image"],"aioseo_notices":[],"_links":{"self":[{"href":"https:\/\/www.histoiresgalantes.fr\/blog\/wp-json\/wp\/v2\/posts\/24921","targetHints":{"allow":["GET"]}}],"collection":[{"href":"https:\/\/www.histoiresgalantes.fr\/blog\/wp-json\/wp\/v2\/posts"}],"about":[{"href":"https:\/\/www.histoiresgalantes.fr\/blog\/wp-json\/wp\/v2\/types\/post"}],"author":[{"embeddable":true,"href":"https:\/\/www.histoiresgalantes.fr\/blog\/wp-json\/wp\/v2\/users\/1"}],"replies":[{"embeddable":true,"href":"https:\/\/www.histoiresgalantes.fr\/blog\/wp-json\/wp\/v2\/comments?post=24921"}],"version-history":[{"count":3,"href":"https:\/\/www.histoiresgalantes.fr\/blog\/wp-json\/wp\/v2\/posts\/24921\/revisions"}],"predecessor-version":[{"id":24955,"href":"https:\/\/www.histoiresgalantes.fr\/blog\/wp-json\/wp\/v2\/posts\/24921\/revisions\/24955"}],"wp:featuredmedia":[{"embeddable":true,"href":"https:\/\/www.histoiresgalantes.fr\/blog\/wp-json\/wp\/v2\/media\/24934"}],"wp:attachment":[{"href":"https:\/\/www.histoiresgalantes.fr\/blog\/wp-json\/wp\/v2\/media?parent=24921"}],"wp:term":[{"taxonomy":"category","embeddable":true,"href":"https:\/\/www.histoiresgalantes.fr\/blog\/wp-json\/wp\/v2\/categories?post=24921"},{"taxonomy":"post_tag","embeddable":true,"href":"https:\/\/www.histoiresgalantes.fr\/blog\/wp-json\/wp\/v2\/tags?post=24921"}],"curies":[{"name":"wp","href":"https:\/\/api.w.org\/{rel}","templated":true}]}}