{"id":25530,"date":"2023-10-23T09:36:57","date_gmt":"2023-10-23T08:36:57","guid":{"rendered":"https:\/\/www.histoiresgalantes.fr\/blog\/?p=25530"},"modified":"2023-11-01T23:07:05","modified_gmt":"2023-11-01T22:07:05","slug":"le-paria-de-langres","status":"publish","type":"post","link":"https:\/\/www.histoiresgalantes.fr\/blog\/2023\/10\/23\/le-paria-de-langres\/","title":{"rendered":"Le paria de Langres"},"content":{"rendered":"<div class=\"wp-block-image\">\n<figure class=\"aligncenter size-full\"><a href=\"https:\/\/www.histoiresgalantes.fr\/blog\/wp-content\/uploads\/2023\/10\/Diderot-couv-22.jpg\"><img loading=\"lazy\" decoding=\"async\" width=\"500\" height=\"788\" src=\"https:\/\/www.histoiresgalantes.fr\/blog\/wp-content\/uploads\/2023\/10\/Diderot-couv-22.jpg\" alt=\"\" class=\"wp-image-25532\" srcset=\"https:\/\/www.histoiresgalantes.fr\/blog\/wp-content\/uploads\/2023\/10\/Diderot-couv-22.jpg 500w, https:\/\/www.histoiresgalantes.fr\/blog\/wp-content\/uploads\/2023\/10\/Diderot-couv-22-190x300.jpg 190w\" sizes=\"auto, (max-width: 500px) 100vw, 500px\" \/><\/a><\/figure><\/div>\n\n\n<p> ou comment l&#8217;histoire se r\u00e9p\u00e8te inlassablement !<\/p>\n\n\n\n<p>Toujours jug\u00e9 &#8220;persona non grata&#8221; par certains Langrois, notre <em>Diderot &#8211; L\u2019inattendu<\/em>, soit 2 ann\u00e9es de recherches et d\u2019\u00e9tudes pour d\u00e9couvrir des choses in\u00e9dites sur la vie de <strong>Denis Diderot<\/strong>, n\u2019a pas re\u00e7u l\u2019accueil escompt\u00e9 dans sa ville natale et n\u2019est m\u00eame pas vendu dans son propre mus\u00e9e !<\/p>\n\n\n\n<p>On comprend mieux pourquoi le Philosophe ne mit les pieds que rarement \u00e0 Langres malgr\u00e9 son attachement \u00e0 ses parents et \u00e0 son cher &#8220;paiis&#8221; !<\/p>\n\n\n\n<p>Par contre et fort heureusement, cet opus n\u2019a visiblement pas servi \u00e0 rien car<strong> il inspire tr\u00e8s largement la presse locale<\/strong>, et les animations langroises.<\/p>\n\n\n\n<p>OUF !<\/p>\n\n\n<div class=\"wp-block-image\">\n<figure class=\"aligncenter size-full\"><a href=\"https:\/\/www.histoiresgalantes.fr\/blog\/wp-content\/uploads\/2023\/10\/angelique.jpg\"><img loading=\"lazy\" decoding=\"async\" width=\"594\" height=\"525\" src=\"https:\/\/www.histoiresgalantes.fr\/blog\/wp-content\/uploads\/2023\/10\/angelique.jpg\" alt=\"\" class=\"wp-image-25533\" srcset=\"https:\/\/www.histoiresgalantes.fr\/blog\/wp-content\/uploads\/2023\/10\/angelique.jpg 594w, https:\/\/www.histoiresgalantes.fr\/blog\/wp-content\/uploads\/2023\/10\/angelique-300x265.jpg 300w\" sizes=\"auto, (max-width: 594px) 100vw, 594px\" \/><\/a><\/figure><\/div>\n\n<div class=\"wp-block-image\">\n<figure class=\"aligncenter size-full\"><a href=\"https:\/\/www.histoiresgalantes.fr\/blog\/wp-content\/uploads\/2023\/10\/folle-en-dieu-1.jpg\"><img loading=\"lazy\" decoding=\"async\" width=\"602\" height=\"565\" src=\"https:\/\/www.histoiresgalantes.fr\/blog\/wp-content\/uploads\/2023\/10\/folle-en-dieu-1.jpg\" alt=\"\" class=\"wp-image-25564\" srcset=\"https:\/\/www.histoiresgalantes.fr\/blog\/wp-content\/uploads\/2023\/10\/folle-en-dieu-1.jpg 602w, https:\/\/www.histoiresgalantes.fr\/blog\/wp-content\/uploads\/2023\/10\/folle-en-dieu-1-300x282.jpg 300w\" sizes=\"auto, (max-width: 602px) 100vw, 602px\" \/><\/a><\/figure><\/div>","protected":false},"excerpt":{"rendered":"<p>ou comment l&#8217;histoire se r\u00e9p\u00e8te inlassablement ! Toujours jug\u00e9 &#8220;persona non grata&#8221; par certains Langrois, notre Diderot &#8211; L\u2019inattendu, soit 2 ann\u00e9es de recherches et d\u2019\u00e9tudes pour d\u00e9couvrir des choses in\u00e9dites sur la vie de Denis Diderot, n\u2019a pas re\u00e7u l\u2019accueil escompt\u00e9 dans sa ville natale et n\u2019est m\u00eame pas vendu dans son propre mus\u00e9e [&hellip;]<\/p>\n","protected":false},"author":1,"featured_media":25535,"comment_status":"open","ping_status":"open","sticky":false,"template":"","format":"image","meta":{"om_disable_all_campaigns":false,"_monsterinsights_skip_tracking":false,"_monsterinsights_sitenote_active":false,"_monsterinsights_sitenote_note":"","_monsterinsights_sitenote_category":0,"_s2mail":"yes","footnotes":""},"categories":[83,41,70],"tags":[],"class_list":["post-25530","post","type-post","status-publish","format-image","has-post-thumbnail","hentry","category-ecrivain-e-s","category-litterature","category-patrimoine","post_format-post-format-image"],"aioseo_notices":[],"_links":{"self":[{"href":"https:\/\/www.histoiresgalantes.fr\/blog\/wp-json\/wp\/v2\/posts\/25530","targetHints":{"allow":["GET"]}}],"collection":[{"href":"https:\/\/www.histoiresgalantes.fr\/blog\/wp-json\/wp\/v2\/posts"}],"about":[{"href":"https:\/\/www.histoiresgalantes.fr\/blog\/wp-json\/wp\/v2\/types\/post"}],"author":[{"embeddable":true,"href":"https:\/\/www.histoiresgalantes.fr\/blog\/wp-json\/wp\/v2\/users\/1"}],"replies":[{"embeddable":true,"href":"https:\/\/www.histoiresgalantes.fr\/blog\/wp-json\/wp\/v2\/comments?post=25530"}],"version-history":[{"count":9,"href":"https:\/\/www.histoiresgalantes.fr\/blog\/wp-json\/wp\/v2\/posts\/25530\/revisions"}],"predecessor-version":[{"id":25639,"href":"https:\/\/www.histoiresgalantes.fr\/blog\/wp-json\/wp\/v2\/posts\/25530\/revisions\/25639"}],"wp:featuredmedia":[{"embeddable":true,"href":"https:\/\/www.histoiresgalantes.fr\/blog\/wp-json\/wp\/v2\/media\/25535"}],"wp:attachment":[{"href":"https:\/\/www.histoiresgalantes.fr\/blog\/wp-json\/wp\/v2\/media?parent=25530"}],"wp:term":[{"taxonomy":"category","embeddable":true,"href":"https:\/\/www.histoiresgalantes.fr\/blog\/wp-json\/wp\/v2\/categories?post=25530"},{"taxonomy":"post_tag","embeddable":true,"href":"https:\/\/www.histoiresgalantes.fr\/blog\/wp-json\/wp\/v2\/tags?post=25530"}],"curies":[{"name":"wp","href":"https:\/\/api.w.org\/{rel}","templated":true}]}}