{"id":25701,"date":"2023-11-12T21:34:28","date_gmt":"2023-11-12T20:34:28","guid":{"rendered":"https:\/\/www.histoiresgalantes.fr\/blog\/?p=25701"},"modified":"2023-11-14T21:58:59","modified_gmt":"2023-11-14T20:58:59","slug":"coup-de-vent","status":"publish","type":"post","link":"https:\/\/www.histoiresgalantes.fr\/blog\/2023\/11\/12\/coup-de-vent\/","title":{"rendered":"Coup de vent"},"content":{"rendered":"\n<p>[Enqu\u00eate]<br><strong>Jean-Baptiste Isabey <\/strong>maniait aussi bien l&#8217;autod\u00e9rision que ses pinceaux\u2026<br>Sur le dessin s\u00e9pia ci-dessous, le vent dans le dos, comme pouss\u00e9 par des courants contradictoires\u2026 le miniaturiste lorrain se moque de lui-m\u00eame.<br>Virtuose du style et de la mode, l&#8217;artiste s&#8217;impose tout au long du XIXe si\u00e8cle comme &#8220;the influenceur num\u00e9ro one&#8221; de toutes les familles princi\u00e8res.<br>De Marie Antoinette \u00e0 Napol\u00e9on III, il s&#8217;adaptera \u00e0 pas moins de <strong>neufs gouvernements<\/strong> !, ce qui lui vaudra d&#8217;\u00eatre cit\u00e9 dans le <strong>Dictionnaire des Girouettes<\/strong>\u2026<br>&#8220;<em>Mais plus que l&#8217;opportunisme dont Isabey se d\u00e9fendait habilement, c&#8217;est le charme du personnage que nous devons retenir<\/em>&#8221; (Pupil, La Miniature) car il \u00e9tait, selon ses contemporains, &#8220;<em>\u00e9tourdissant de ga\u00eet\u00e9<\/em>&#8220;.<br><br>Article \u00a9 Pascale Fourtier-Debert 2023<br>Autoportrait Isabey, BnF<\/p>\n\n\n<div class=\"wp-block-image\">\n<figure class=\"aligncenter size-full\"><a href=\"https:\/\/www.histoiresgalantes.fr\/blog\/wp-content\/uploads\/2023\/11\/isabey-coup-de-vent.jpg\"><img loading=\"lazy\" decoding=\"async\" width=\"715\" height=\"967\" src=\"https:\/\/www.histoiresgalantes.fr\/blog\/wp-content\/uploads\/2023\/11\/isabey-coup-de-vent.jpg\" alt=\"\" class=\"wp-image-25702\" srcset=\"https:\/\/www.histoiresgalantes.fr\/blog\/wp-content\/uploads\/2023\/11\/isabey-coup-de-vent.jpg 715w, https:\/\/www.histoiresgalantes.fr\/blog\/wp-content\/uploads\/2023\/11\/isabey-coup-de-vent-222x300.jpg 222w\" sizes=\"auto, (max-width: 715px) 100vw, 715px\" \/><\/a><figcaption class=\"wp-element-caption\">Autoportrait \u00e0 charge, Isabey<\/figcaption><\/figure><\/div>\n\n\n<p><strong>Le saviez-vous ?<\/strong><br><br>&#8220;<strong>Isabey<\/strong>&#8221; est une marque de <strong>pinceau<\/strong> directement inspir\u00e9e par le parcours \u00e9poustouflant de notre &#8220;petit peintre lorrain&#8221;, <strong>Jean-Baptiste Isabey<\/strong>, d\u00e9barqu\u00e9 \u00e0 17 ans \u00e0 Paris, et qui fut le peintre de cour le plus r\u00e9put\u00e9 de son \u00e9poque\u2026 Et quelle \u00e9poque !<br><br>Ce qui est amusant est qu&#8217;Isabey est peut-\u00eatre le premier peintre a avoir cr\u00e9\u00e9 sa marque. On peignait \u00e0 la &#8220;mani\u00e8re d&#8217;Isabey&#8221;.<br><br><strong><a href=\"https:\/\/isabey-brushes.com\/la-fabrication\/\" target=\"_blank\" rel=\"noopener\" title=\"\">Isabey<\/a><\/strong> <a href=\"https:\/\/isabey-brushes.com\/la-fabrication\/\" target=\"_blank\" rel=\"noopener\" title=\"\">Ma\u00eetre pincelier depuis 1895.<\/a><\/p>\n\n\n\n<p><a href=\"https:\/\/isabey-brushes.com\/la-fabrication\/\" target=\"_blank\" rel=\"noopener\" title=\"\">https:\/\/isabey-brushes.com\/la-marque\/<\/a><br><br><\/p>\n\n\n<div class=\"wp-block-image\">\n<figure class=\"aligncenter size-large\"><a href=\"https:\/\/www.histoiresgalantes.fr\/blog\/wp-content\/uploads\/2023\/11\/image_isabey_jean-baptiste_autoportrait_ch_3.jpg\"><img loading=\"lazy\" decoding=\"async\" width=\"560\" height=\"1024\" src=\"https:\/\/www.histoiresgalantes.fr\/blog\/wp-content\/uploads\/2023\/11\/image_isabey_jean-baptiste_autoportrait_ch_3-560x1024.jpg\" alt=\"\" class=\"wp-image-25707\" srcset=\"https:\/\/www.histoiresgalantes.fr\/blog\/wp-content\/uploads\/2023\/11\/image_isabey_jean-baptiste_autoportrait_ch_3-560x1024.jpg 560w, https:\/\/www.histoiresgalantes.fr\/blog\/wp-content\/uploads\/2023\/11\/image_isabey_jean-baptiste_autoportrait_ch_3-164x300.jpg 164w, https:\/\/www.histoiresgalantes.fr\/blog\/wp-content\/uploads\/2023\/11\/image_isabey_jean-baptiste_autoportrait_ch_3-768x1405.jpg 768w, https:\/\/www.histoiresgalantes.fr\/blog\/wp-content\/uploads\/2023\/11\/image_isabey_jean-baptiste_autoportrait_ch_3-840x1536.jpg 840w, https:\/\/www.histoiresgalantes.fr\/blog\/wp-content\/uploads\/2023\/11\/image_isabey_jean-baptiste_autoportrait_ch_3.jpg 1000w\" sizes=\"auto, (max-width: 560px) 100vw, 560px\" \/><\/a><figcaption class=\"wp-element-caption\">Autoportrait charge de Jean-Baptiste Isabey (1767-1855)<br>Isabey, Jean-Baptiste , Dessinateur<br>Entre 1815 et 1825<br>Mus\u00e9e Carnavalet, Histoire de Paris<\/figcaption><\/figure><\/div>","protected":false},"excerpt":{"rendered":"<p>[Enqu\u00eate]Jean-Baptiste Isabey maniait aussi bien l&#8217;autod\u00e9rision que ses pinceaux\u2026Sur le dessin s\u00e9pia ci-dessous, le vent dans le dos, comme pouss\u00e9 par des courants contradictoires\u2026 le miniaturiste lorrain se moque de lui-m\u00eame.Virtuose du style et de la mode, l&#8217;artiste s&#8217;impose tout au long du XIXe si\u00e8cle comme &#8220;the influenceur num\u00e9ro one&#8221; de toutes les familles princi\u00e8res.De [&hellip;]<\/p>\n","protected":false},"author":1,"featured_media":25705,"comment_status":"open","ping_status":"open","sticky":false,"template":"","format":"image","meta":{"om_disable_all_campaigns":false,"_monsterinsights_skip_tracking":false,"_monsterinsights_sitenote_active":false,"_monsterinsights_sitenote_note":"","_monsterinsights_sitenote_category":0,"_s2mail":"","footnotes":""},"categories":[90,24],"tags":[],"class_list":["post-25701","post","type-post","status-publish","format-image","has-post-thumbnail","hentry","category-patrimoine-lorrain","category-peintres-dessinateurs","post_format-post-format-image"],"aioseo_notices":[],"_links":{"self":[{"href":"https:\/\/www.histoiresgalantes.fr\/blog\/wp-json\/wp\/v2\/posts\/25701","targetHints":{"allow":["GET"]}}],"collection":[{"href":"https:\/\/www.histoiresgalantes.fr\/blog\/wp-json\/wp\/v2\/posts"}],"about":[{"href":"https:\/\/www.histoiresgalantes.fr\/blog\/wp-json\/wp\/v2\/types\/post"}],"author":[{"embeddable":true,"href":"https:\/\/www.histoiresgalantes.fr\/blog\/wp-json\/wp\/v2\/users\/1"}],"replies":[{"embeddable":true,"href":"https:\/\/www.histoiresgalantes.fr\/blog\/wp-json\/wp\/v2\/comments?post=25701"}],"version-history":[{"count":4,"href":"https:\/\/www.histoiresgalantes.fr\/blog\/wp-json\/wp\/v2\/posts\/25701\/revisions"}],"predecessor-version":[{"id":25728,"href":"https:\/\/www.histoiresgalantes.fr\/blog\/wp-json\/wp\/v2\/posts\/25701\/revisions\/25728"}],"wp:featuredmedia":[{"embeddable":true,"href":"https:\/\/www.histoiresgalantes.fr\/blog\/wp-json\/wp\/v2\/media\/25705"}],"wp:attachment":[{"href":"https:\/\/www.histoiresgalantes.fr\/blog\/wp-json\/wp\/v2\/media?parent=25701"}],"wp:term":[{"taxonomy":"category","embeddable":true,"href":"https:\/\/www.histoiresgalantes.fr\/blog\/wp-json\/wp\/v2\/categories?post=25701"},{"taxonomy":"post_tag","embeddable":true,"href":"https:\/\/www.histoiresgalantes.fr\/blog\/wp-json\/wp\/v2\/tags?post=25701"}],"curies":[{"name":"wp","href":"https:\/\/api.w.org\/{rel}","templated":true}]}}