{"id":25868,"date":"2023-12-02T23:47:23","date_gmt":"2023-12-02T22:47:23","guid":{"rendered":"https:\/\/www.histoiresgalantes.fr\/blog\/?p=25868"},"modified":"2023-12-07T10:12:30","modified_gmt":"2023-12-07T09:12:30","slug":"les-incroyables-et-les-merveilleuses","status":"publish","type":"post","link":"https:\/\/www.histoiresgalantes.fr\/blog\/2023\/12\/02\/les-incroyables-et-les-merveilleuses\/","title":{"rendered":"Les Incroyables et les Merveilleuses"},"content":{"rendered":"\n<p>En France, sous<strong> le<\/strong> <strong>Directoire<\/strong> (1795-1799), soit apr\u00e8s <strong>la Terreur,<\/strong> de tr\u00e8s jeunes gens lancent une mode tr\u00e8s particuli\u00e8re.<br>Traumatis\u00e9s par les d\u00e9capitations, ils rejettent toute forme de politique en s&#8217;habillant n&#8217;importe comment.<br>Les hommes comme les femmes portent les cheveux courts et hirsutes &#8220;<strong>\u00e0 la Titus<\/strong>&#8220;. Leurs nuques, tr\u00e8s d\u00e9gag\u00e9es, m\u00eame parfois ras\u00e9es, symbolisent &#8220;<strong>la toilette des condamn\u00e9s \u00e0 mort<\/strong>&#8221; dont les cheveux sont ras\u00e9s pour que la lame de la guillotine puisse glisser sans difficult\u00e9.<br>Ceux qui portent des cheveux longs se font des nattes, appel\u00e9es <strong>cadenettes<\/strong>, qu&#8217;ils remontent par derri\u00e8re avec un peigne et portent de gros anneaux aux oreilles.<br>\u00c9t\u00e9 comme hiver, les femmes sont tr\u00e8s d\u00e9shabill\u00e9es. Elles portent &#8220;<strong>des fichus menteurs<\/strong>&#8220;, d\u00e9voilant par transparence leurs seins, et portent des tuniques antiques l\u00e9g\u00e8res \u00e9galement transparentes qu&#8217;elles remontent sur leurs jambes gain\u00e9es de bas couleur chair.<br>Les hommes portent des culottes parfois ray\u00e9es tr\u00e8s moulantes, des vestes \u00e0 rabats d\u00e9mesur\u00e9s, et des <strong>cravates dites &#8220;\u00e9crouelliques<\/strong>&#8221; qui couvrent leur cou en englobant parfois le menton, comme pour se pr\u00e9server d&#8217;une <strong>\u00e9ventuelle d\u00e9capitation<\/strong>, cette cravate faisant penser aussi \u00e0 un <strong>gros pansement<\/strong>.<br>Certains portent des<strong> bas ray\u00e9s, tir-bouchonn\u00e9s<\/strong>, des <strong>habits mal coup\u00e9s <\/strong>pour para\u00eetre <strong>bossus<\/strong>, et un lorgnon pour para\u00eetre <strong>myope<\/strong>.<br>Leur but \u00e9tant de ne pas se faire enr\u00f4ler dans l&#8217;arm\u00e9e.<br>Ils sont coiff\u00e9s de <strong>bicornes<\/strong> et de <strong>chapeaux ronds d\u00e9mesur\u00e9s<\/strong>. <br>On raconte aussi que <strong>les Incroyables et les Merveilleuses <\/strong>adoptent un langage bien \u00e0 eux en oubliant de prononcer le &#8220;<strong>R<\/strong>&#8220;.<br>Malg&#8217;\u00e9 leur appa&#8217;ence excentrique, ces jeunes gens lancent une mode qui va pe&#8217;du&#8217;er sous <strong>l&#8217;Empi&#8217;e<\/strong> et dont <strong>Napol\u00e9on<\/strong> et <strong>Jos\u00e9phine<\/strong> se&#8217;ont les <strong>p&#8217;emiers adeptes<\/strong> !<br><br>Article \u00a9 PFDebert 2023<\/p>\n\n\n\n<p><\/p>\n\n\n\n<figure class=\"wp-block-image size-large\"><a href=\"https:\/\/www.histoiresgalantes.fr\/blog\/wp-content\/uploads\/2023\/12\/image_inconnu_cafe_des_incroy_g.jpg\"><img loading=\"lazy\" decoding=\"async\" width=\"1024\" height=\"745\" src=\"https:\/\/www.histoiresgalantes.fr\/blog\/wp-content\/uploads\/2023\/12\/image_inconnu_cafe_des_incroy_g-1024x745.jpg\" alt=\"\" class=\"wp-image-25870\" srcset=\"https:\/\/www.histoiresgalantes.fr\/blog\/wp-content\/uploads\/2023\/12\/image_inconnu_cafe_des_incroy_g-1024x745.jpg 1024w, https:\/\/www.histoiresgalantes.fr\/blog\/wp-content\/uploads\/2023\/12\/image_inconnu_cafe_des_incroy_g-300x218.jpg 300w, https:\/\/www.histoiresgalantes.fr\/blog\/wp-content\/uploads\/2023\/12\/image_inconnu_cafe_des_incroy_g-768x559.jpg 768w, https:\/\/www.histoiresgalantes.fr\/blog\/wp-content\/uploads\/2023\/12\/image_inconnu_cafe_des_incroy_g-1536x1118.jpg 1536w, https:\/\/www.histoiresgalantes.fr\/blog\/wp-content\/uploads\/2023\/12\/image_inconnu_cafe_des_incroy_g.jpg 2000w\" sizes=\"auto, (max-width: 1024px) 100vw, 1024px\" \/><\/a><figcaption class=\"wp-element-caption\">Caf\u00e9 des incroyables. \/ Ma parole d&#8217;honneur ils le plaisante, 1797,<br>graveur inconnu, Mus\u00e9e Carnavalet, Histoire de Paris.<\/figcaption><\/figure>\n\n\n<div class=\"wp-block-image\">\n<figure class=\"aligncenter size-large\"><a href=\"https:\/\/www.histoiresgalantes.fr\/blog\/wp-content\/uploads\/2023\/12\/image_bosio_jean_francois_la_bouillotte._g.jpg\"><img loading=\"lazy\" decoding=\"async\" width=\"1024\" height=\"781\" src=\"https:\/\/www.histoiresgalantes.fr\/blog\/wp-content\/uploads\/2023\/12\/image_bosio_jean_francois_la_bouillotte._g-1024x781.jpg\" alt=\"\" class=\"wp-image-25871\" srcset=\"https:\/\/www.histoiresgalantes.fr\/blog\/wp-content\/uploads\/2023\/12\/image_bosio_jean_francois_la_bouillotte._g-1024x781.jpg 1024w, https:\/\/www.histoiresgalantes.fr\/blog\/wp-content\/uploads\/2023\/12\/image_bosio_jean_francois_la_bouillotte._g-300x229.jpg 300w, https:\/\/www.histoiresgalantes.fr\/blog\/wp-content\/uploads\/2023\/12\/image_bosio_jean_francois_la_bouillotte._g-768x586.jpg 768w, https:\/\/www.histoiresgalantes.fr\/blog\/wp-content\/uploads\/2023\/12\/image_bosio_jean_francois_la_bouillotte._g-1536x1172.jpg 1536w, https:\/\/www.histoiresgalantes.fr\/blog\/wp-content\/uploads\/2023\/12\/image_bosio_jean_francois_la_bouillotte._g.jpg 2000w\" sizes=\"auto, (max-width: 1024px) 100vw, 1024px\" \/><\/a><figcaption class=\"wp-element-caption\">Bal de l&#8217;Op\u00e9ra, Jean Fran\u00e7ois Bosio, 1804, Mus\u00e9e Carnavalet, Histoire de Paris.<\/figcaption><\/figure><\/div>\n\n<div class=\"wp-block-image\">\n<figure class=\"aligncenter size-full\"><a href=\"https:\/\/www.histoiresgalantes.fr\/blog\/wp-content\/uploads\/2023\/12\/a_Portrait_de_Jean_Baptiste_Isabey.jpg\"><img loading=\"lazy\" decoding=\"async\" width=\"625\" height=\"800\" src=\"https:\/\/www.histoiresgalantes.fr\/blog\/wp-content\/uploads\/2023\/12\/a_Portrait_de_Jean_Baptiste_Isabey.jpg\" alt=\"\" class=\"wp-image-25872\" srcset=\"https:\/\/www.histoiresgalantes.fr\/blog\/wp-content\/uploads\/2023\/12\/a_Portrait_de_Jean_Baptiste_Isabey.jpg 625w, https:\/\/www.histoiresgalantes.fr\/blog\/wp-content\/uploads\/2023\/12\/a_Portrait_de_Jean_Baptiste_Isabey-234x300.jpg 234w\" sizes=\"auto, (max-width: 625px) 100vw, 625px\" \/><\/a><figcaption class=\"wp-element-caption\">Autoportrait de Jean-Baptiste Isabey coiff\u00e9 &#8220;\u00e0 la Titus&#8221; et portant une cravate &#8220;\u00e9crouellique&#8221;.<\/figcaption><\/figure><\/div>\n\n<div class=\"wp-block-image\">\n<figure class=\"aligncenter size-full is-resized\"><a href=\"https:\/\/www.histoiresgalantes.fr\/blog\/wp-content\/uploads\/2023\/12\/Mme_arnault.jpg\"><img loading=\"lazy\" decoding=\"async\" src=\"https:\/\/www.histoiresgalantes.fr\/blog\/wp-content\/uploads\/2023\/12\/Mme_arnault.jpg\" alt=\"\" class=\"wp-image-25873\" width=\"509\" height=\"672\" srcset=\"https:\/\/www.histoiresgalantes.fr\/blog\/wp-content\/uploads\/2023\/12\/Mme_arnault.jpg 509w, https:\/\/www.histoiresgalantes.fr\/blog\/wp-content\/uploads\/2023\/12\/Mme_arnault-227x300.jpg 227w\" sizes=\"auto, (max-width: 509px) 100vw, 509px\" \/><\/a><figcaption class=\"wp-element-caption\">Madame Arnault coiff\u00e9e \u00ab&nbsp;\u00e0 la Titus&nbsp;\u00bb. <br>Madame Arnault de Gorse, n\u00e9e Mauduit, belle-soeur de l&#8217;\u00e9crivain Antoine Vincent Arnault. 1800-1825, Louis L\u00e9opold Boilly \u00a9&nbsp;Louvre<\/figcaption><\/figure><\/div>\n\n\n<p><strong>Inc&#8217;oyable Napol\u00e9on !<\/strong><br>On peut oublier la l\u00e9gende qui dit que Napol\u00e9on portait son bicorne de face pour se faire voir par ses soldats.<br>En r\u00e9alit\u00e9, Napol\u00e9on suit la mode lanc\u00e9e par les Incroyables !<\/p>\n\n\n<div class=\"wp-block-image\">\n<figure class=\"aligncenter size-large\"><a href=\"https:\/\/www.histoiresgalantes.fr\/blog\/wp-content\/uploads\/2023\/12\/incroyable-napoleon.jpg\"><img loading=\"lazy\" decoding=\"async\" width=\"971\" height=\"1024\" src=\"https:\/\/www.histoiresgalantes.fr\/blog\/wp-content\/uploads\/2023\/12\/incroyable-napoleon-971x1024.jpg\" alt=\"\" class=\"wp-image-25874\" srcset=\"https:\/\/www.histoiresgalantes.fr\/blog\/wp-content\/uploads\/2023\/12\/incroyable-napoleon-971x1024.jpg 971w, https:\/\/www.histoiresgalantes.fr\/blog\/wp-content\/uploads\/2023\/12\/incroyable-napoleon-284x300.jpg 284w, https:\/\/www.histoiresgalantes.fr\/blog\/wp-content\/uploads\/2023\/12\/incroyable-napoleon-768x810.jpg 768w, https:\/\/www.histoiresgalantes.fr\/blog\/wp-content\/uploads\/2023\/12\/incroyable-napoleon.jpg 1000w\" sizes=\"auto, (max-width: 971px) 100vw, 971px\" \/><\/a><figcaption class=\"wp-element-caption\">Illustration de Napol\u00e9on Bonaparte par Isabey.<br>Caf\u00e9 des incroyables. \/ Ma parole d&#8217;honneur ils le plaisante [sic]<\/figcaption><\/figure><\/div>","protected":false},"excerpt":{"rendered":"<p>En France, sous le Directoire (1795-1799), soit apr\u00e8s la Terreur, de tr\u00e8s jeunes gens lancent une mode tr\u00e8s particuli\u00e8re.Traumatis\u00e9s par les d\u00e9capitations, ils rejettent toute forme de politique en s&#8217;habillant n&#8217;importe comment.Les hommes comme les femmes portent les cheveux courts et hirsutes &#8220;\u00e0 la Titus&#8220;. Leurs nuques, tr\u00e8s d\u00e9gag\u00e9es, m\u00eame parfois ras\u00e9es, symbolisent &#8220;la toilette [&hellip;]<\/p>\n","protected":false},"author":1,"featured_media":25877,"comment_status":"open","ping_status":"open","sticky":false,"template":"","format":"image","meta":{"om_disable_all_campaigns":false,"_monsterinsights_skip_tracking":false,"_monsterinsights_sitenote_active":false,"_monsterinsights_sitenote_note":"","_monsterinsights_sitenote_category":0,"_s2mail":"yes","footnotes":""},"categories":[23,24],"tags":[],"class_list":["post-25868","post","type-post","status-publish","format-image","has-post-thumbnail","hentry","category-mode","category-peintres-dessinateurs","post_format-post-format-image"],"aioseo_notices":[],"_links":{"self":[{"href":"https:\/\/www.histoiresgalantes.fr\/blog\/wp-json\/wp\/v2\/posts\/25868","targetHints":{"allow":["GET"]}}],"collection":[{"href":"https:\/\/www.histoiresgalantes.fr\/blog\/wp-json\/wp\/v2\/posts"}],"about":[{"href":"https:\/\/www.histoiresgalantes.fr\/blog\/wp-json\/wp\/v2\/types\/post"}],"author":[{"embeddable":true,"href":"https:\/\/www.histoiresgalantes.fr\/blog\/wp-json\/wp\/v2\/users\/1"}],"replies":[{"embeddable":true,"href":"https:\/\/www.histoiresgalantes.fr\/blog\/wp-json\/wp\/v2\/comments?post=25868"}],"version-history":[{"count":8,"href":"https:\/\/www.histoiresgalantes.fr\/blog\/wp-json\/wp\/v2\/posts\/25868\/revisions"}],"predecessor-version":[{"id":25894,"href":"https:\/\/www.histoiresgalantes.fr\/blog\/wp-json\/wp\/v2\/posts\/25868\/revisions\/25894"}],"wp:featuredmedia":[{"embeddable":true,"href":"https:\/\/www.histoiresgalantes.fr\/blog\/wp-json\/wp\/v2\/media\/25877"}],"wp:attachment":[{"href":"https:\/\/www.histoiresgalantes.fr\/blog\/wp-json\/wp\/v2\/media?parent=25868"}],"wp:term":[{"taxonomy":"category","embeddable":true,"href":"https:\/\/www.histoiresgalantes.fr\/blog\/wp-json\/wp\/v2\/categories?post=25868"},{"taxonomy":"post_tag","embeddable":true,"href":"https:\/\/www.histoiresgalantes.fr\/blog\/wp-json\/wp\/v2\/tags?post=25868"}],"curies":[{"name":"wp","href":"https:\/\/api.w.org\/{rel}","templated":true}]}}