{"id":26680,"date":"2024-03-24T13:55:34","date_gmt":"2024-03-24T12:55:34","guid":{"rendered":"https:\/\/www.histoiresgalantes.fr\/blog\/?p=26680"},"modified":"2026-04-17T08:09:53","modified_gmt":"2026-04-17T07:09:53","slug":"le-chene-des-suedois","status":"publish","type":"post","link":"https:\/\/www.histoiresgalantes.fr\/blog\/2024\/03\/24\/le-chene-des-suedois\/","title":{"rendered":"Le Ch\u00eane des Su\u00e9dois"},"content":{"rendered":"<div class=\"wp-block-image\">\n<figure class=\"aligncenter size-large\"><a href=\"https:\/\/www.histoiresgalantes.fr\/blog\/wp-content\/uploads\/2024\/03\/callot.jpg\"><img loading=\"lazy\" decoding=\"async\" width=\"1024\" height=\"456\" src=\"https:\/\/www.histoiresgalantes.fr\/blog\/wp-content\/uploads\/2024\/03\/callot-1024x456.jpg\" alt=\"\" class=\"wp-image-26677\" srcset=\"https:\/\/www.histoiresgalantes.fr\/blog\/wp-content\/uploads\/2024\/03\/callot-1024x456.jpg 1024w, https:\/\/www.histoiresgalantes.fr\/blog\/wp-content\/uploads\/2024\/03\/callot-300x134.jpg 300w, https:\/\/www.histoiresgalantes.fr\/blog\/wp-content\/uploads\/2024\/03\/callot-768x342.jpg 768w, https:\/\/www.histoiresgalantes.fr\/blog\/wp-content\/uploads\/2024\/03\/callot.jpg 1500w\" sizes=\"auto, (max-width: 1024px) 100vw, 1024px\" \/><\/a><figcaption class=\"wp-element-caption\">Les Mis\u00e8res de la Guerre, 1633, Jacques Callot.<\/figcaption><\/figure><\/div>\n\n\n<p>2 h de route pour aller voir un arbre !<br>Il est tr\u00e8s difficile d\u2019exprimer par des mots et par des images l\u2019atmosph\u00e8re qui entoure ce ch\u00eane de 600 ans, ultime t\u00e9moin vivant de la Guerre de Trente Ans.<br>L\u2019\u00e9motion est palpable.<br>Dix m\u00e8tres au dessus de nos t\u00eates, des branches-moignons semblent toujours vomir les crimes de la guerre.<br><strong>En 1634<\/strong>, ont \u00e9t\u00e9 pendus sur les branches de ce ch\u00eane <strong>tous les habitants du village de Kirscheidt<\/strong> dans les Vosges du Nord.<br>De 1618 \u00e0 1648, <strong>les mercenaires su\u00e9dois<\/strong>, embauch\u00e9s par <strong>les princes allemands protestant<\/strong>s et soutenus par <strong>le roi de France<\/strong>, ont d\u00e9cim\u00e9 des territoires entiers de l\u2019Alsace \u00e0 la Franche-Comt\u00e9, en passant par la Lorraine.<br>Objectif lointain, pr\u00e9parer les territoires \u00e0 l\u2019absolutisme de la France en suivant l&#8217;adage &#8220;<em>Les ennemis de mes ennemis sont mes amis<\/em>.&#8221; (A m\u00e9diter)<br>En Savoir + ici :<br><a href=\"https:\/\/aufildusavoir.fr\/articles\/la-guerre-de-trente-ans-en-alsace\/\" target=\"_blank\" rel=\"noopener\" title=\"\">la-guerre-de-trente-ans-en-alsace<\/a><br><a href=\"http:\/\/vosges-du-nord.fr\/site\/le-chene-des-suedois-a-reyersviller-souvenir-vivant-des-horreurs-de-la-guerre-de-trente-ans-dans-le-pays-de-bitche\/\" target=\"_blank\" rel=\"noopener\" title=\"\">vosges-du-nord<\/a><br><a href=\"https:\/\/www.blelorraine.fr\/2020\/12\/du-chene-des-suedois-aux-ravages-de-la-guerre-de-trente-ans-en-lorraine\/\" target=\"_blank\" rel=\"noopener\" title=\"\">blelorraine.fr<\/a><\/p>\n\n\n<div class=\"wp-block-image\">\n<figure class=\"aligncenter size-full\"><a href=\"https:\/\/www.histoiresgalantes.fr\/blog\/wp-content\/uploads\/2024\/03\/IMG_0107.jpg\"><img loading=\"lazy\" decoding=\"async\" width=\"667\" height=\"1000\" src=\"https:\/\/www.histoiresgalantes.fr\/blog\/wp-content\/uploads\/2024\/03\/IMG_0107.jpg\" alt=\"\" class=\"wp-image-26676\" srcset=\"https:\/\/www.histoiresgalantes.fr\/blog\/wp-content\/uploads\/2024\/03\/IMG_0107.jpg 667w, https:\/\/www.histoiresgalantes.fr\/blog\/wp-content\/uploads\/2024\/03\/IMG_0107-200x300.jpg 200w\" sizes=\"auto, (max-width: 667px) 100vw, 667px\" \/><\/a><figcaption class=\"wp-element-caption\">Le Ch\u00eane des Su\u00e9dois, Reyersviller, \u00a9 PFD mars 2024<\/figcaption><\/figure><\/div>\n\n<div class=\"wp-block-image\">\n<figure class=\"aligncenter size-full\"><a href=\"https:\/\/www.histoiresgalantes.fr\/blog\/wp-content\/uploads\/2024\/04\/Chene-echelle.jpg\"><img loading=\"lazy\" decoding=\"async\" width=\"526\" height=\"935\" src=\"https:\/\/www.histoiresgalantes.fr\/blog\/wp-content\/uploads\/2024\/04\/Chene-echelle.jpg\" alt=\"\" class=\"wp-image-26771\" srcset=\"https:\/\/www.histoiresgalantes.fr\/blog\/wp-content\/uploads\/2024\/04\/Chene-echelle.jpg 526w, https:\/\/www.histoiresgalantes.fr\/blog\/wp-content\/uploads\/2024\/04\/Chene-echelle-169x300.jpg 169w\" sizes=\"auto, (max-width: 526px) 100vw, 526px\" \/><\/a><\/figure><\/div>\n\n<div class=\"wp-block-image\">\n<figure class=\"aligncenter size-full\"><a href=\"https:\/\/www.histoiresgalantes.fr\/blog\/wp-content\/uploads\/2024\/03\/IMG_0102.jpg\"><img loading=\"lazy\" decoding=\"async\" width=\"667\" height=\"1000\" src=\"https:\/\/www.histoiresgalantes.fr\/blog\/wp-content\/uploads\/2024\/03\/IMG_0102.jpg\" alt=\"\" class=\"wp-image-26678\" srcset=\"https:\/\/www.histoiresgalantes.fr\/blog\/wp-content\/uploads\/2024\/03\/IMG_0102.jpg 667w, https:\/\/www.histoiresgalantes.fr\/blog\/wp-content\/uploads\/2024\/03\/IMG_0102-200x300.jpg 200w\" sizes=\"auto, (max-width: 667px) 100vw, 667px\" \/><\/a><figcaption class=\"wp-element-caption\">Le Ch\u00eane des Su\u00e9dois, Reyersviller, \u00a9 PFD mars 2024<\/figcaption><\/figure><\/div>\n\n<div class=\"wp-block-image\">\n<figure class=\"aligncenter size-full\"><a href=\"https:\/\/www.histoiresgalantes.fr\/blog\/wp-content\/uploads\/2024\/03\/IMG_0170.jpg\"><img loading=\"lazy\" decoding=\"async\" width=\"667\" height=\"1000\" src=\"https:\/\/www.histoiresgalantes.fr\/blog\/wp-content\/uploads\/2024\/03\/IMG_0170.jpg\" alt=\"\" class=\"wp-image-26679\" srcset=\"https:\/\/www.histoiresgalantes.fr\/blog\/wp-content\/uploads\/2024\/03\/IMG_0170.jpg 667w, https:\/\/www.histoiresgalantes.fr\/blog\/wp-content\/uploads\/2024\/03\/IMG_0170-200x300.jpg 200w\" sizes=\"auto, (max-width: 667px) 100vw, 667px\" \/><\/a><figcaption class=\"wp-element-caption\">Le Ch\u00eane des Su\u00e9dois, Reyersviller, \u00a9 PFD mars 2024<\/figcaption><\/figure><\/div>\n\n<div class=\"wp-block-image\">\n<figure class=\"aligncenter size-full\"><a href=\"https:\/\/www.histoiresgalantes.fr\/blog\/wp-content\/uploads\/2024\/03\/IMG_0149.jpg\"><img loading=\"lazy\" decoding=\"async\" width=\"667\" height=\"1000\" src=\"https:\/\/www.histoiresgalantes.fr\/blog\/wp-content\/uploads\/2024\/03\/IMG_0149.jpg\" alt=\"\" class=\"wp-image-26688\" srcset=\"https:\/\/www.histoiresgalantes.fr\/blog\/wp-content\/uploads\/2024\/03\/IMG_0149.jpg 667w, https:\/\/www.histoiresgalantes.fr\/blog\/wp-content\/uploads\/2024\/03\/IMG_0149-200x300.jpg 200w\" sizes=\"auto, (max-width: 667px) 100vw, 667px\" \/><\/a><figcaption class=\"wp-element-caption\">Le Ch\u00eane des Su\u00e9dois, Reyersviller, \u00a9 PFD mars 2024<\/figcaption><\/figure><\/div>\n\n<div class=\"wp-block-image\">\n<figure class=\"aligncenter size-full\"><a href=\"https:\/\/www.histoiresgalantes.fr\/blog\/wp-content\/uploads\/2024\/03\/IMG_0153.jpg\"><img loading=\"lazy\" decoding=\"async\" width=\"667\" height=\"1000\" src=\"https:\/\/www.histoiresgalantes.fr\/blog\/wp-content\/uploads\/2024\/03\/IMG_0153.jpg\" alt=\"\" class=\"wp-image-26690\" srcset=\"https:\/\/www.histoiresgalantes.fr\/blog\/wp-content\/uploads\/2024\/03\/IMG_0153.jpg 667w, https:\/\/www.histoiresgalantes.fr\/blog\/wp-content\/uploads\/2024\/03\/IMG_0153-200x300.jpg 200w\" sizes=\"auto, (max-width: 667px) 100vw, 667px\" \/><\/a><figcaption class=\"wp-element-caption\">Le Ch\u00eane des Su\u00e9dois, Reyersviller, \u00a9 PFD mars 2024<\/figcaption><\/figure><\/div>\n\n<div class=\"wp-block-image\">\n<figure class=\"aligncenter size-full\"><a href=\"https:\/\/www.histoiresgalantes.fr\/blog\/wp-content\/uploads\/2024\/03\/IMG_0114.jpg\"><img loading=\"lazy\" decoding=\"async\" width=\"667\" height=\"1000\" src=\"https:\/\/www.histoiresgalantes.fr\/blog\/wp-content\/uploads\/2024\/03\/IMG_0114.jpg\" alt=\"\" class=\"wp-image-26691\" srcset=\"https:\/\/www.histoiresgalantes.fr\/blog\/wp-content\/uploads\/2024\/03\/IMG_0114.jpg 667w, https:\/\/www.histoiresgalantes.fr\/blog\/wp-content\/uploads\/2024\/03\/IMG_0114-200x300.jpg 200w\" sizes=\"auto, (max-width: 667px) 100vw, 667px\" \/><\/a><figcaption class=\"wp-element-caption\">Le Ch\u00eane des Su\u00e9dois, Reyersviller, \u00a9 PFD mars 2024<\/figcaption><\/figure><\/div>\n\n<div class=\"wp-block-image\">\n<figure class=\"aligncenter size-full\"><a href=\"https:\/\/www.histoiresgalantes.fr\/blog\/wp-content\/uploads\/2024\/03\/IMG_0130.jpg\"><img loading=\"lazy\" decoding=\"async\" width=\"667\" height=\"1000\" src=\"https:\/\/www.histoiresgalantes.fr\/blog\/wp-content\/uploads\/2024\/03\/IMG_0130.jpg\" alt=\"\" class=\"wp-image-26692\" srcset=\"https:\/\/www.histoiresgalantes.fr\/blog\/wp-content\/uploads\/2024\/03\/IMG_0130.jpg 667w, https:\/\/www.histoiresgalantes.fr\/blog\/wp-content\/uploads\/2024\/03\/IMG_0130-200x300.jpg 200w\" sizes=\"auto, (max-width: 667px) 100vw, 667px\" \/><\/a><figcaption class=\"wp-element-caption\">Le Ch\u00eane des Su\u00e9dois, Reyersviller, \u00a9 PFD mars 2024<\/figcaption><\/figure><\/div>","protected":false},"excerpt":{"rendered":"<p>2 h de route pour aller voir un arbre !Il est tr\u00e8s difficile d\u2019exprimer par des mots et par des images l\u2019atmosph\u00e8re qui entoure ce ch\u00eane de 600 ans, ultime t\u00e9moin vivant de la Guerre de Trente Ans.L\u2019\u00e9motion est palpable.Dix m\u00e8tres au dessus de nos t\u00eates, des branches-moignons semblent toujours vomir les crimes de la [&hellip;]<\/p>\n","protected":false},"author":1,"featured_media":26697,"comment_status":"open","ping_status":"open","sticky":false,"template":"","format":"image","meta":{"om_disable_all_campaigns":false,"_monsterinsights_skip_tracking":false,"_monsterinsights_sitenote_active":false,"_monsterinsights_sitenote_note":"","_monsterinsights_sitenote_category":0,"_s2mail":"yes","footnotes":""},"categories":[40,90,76,88],"tags":[],"class_list":["post-26680","post","type-post","status-publish","format-image","has-post-thumbnail","hentry","category-arbres-du-xviiie-siecle","category-patrimoine-lorrain","category-sortir","category-tragique","post_format-post-format-image"],"aioseo_notices":[],"_links":{"self":[{"href":"https:\/\/www.histoiresgalantes.fr\/blog\/wp-json\/wp\/v2\/posts\/26680","targetHints":{"allow":["GET"]}}],"collection":[{"href":"https:\/\/www.histoiresgalantes.fr\/blog\/wp-json\/wp\/v2\/posts"}],"about":[{"href":"https:\/\/www.histoiresgalantes.fr\/blog\/wp-json\/wp\/v2\/types\/post"}],"author":[{"embeddable":true,"href":"https:\/\/www.histoiresgalantes.fr\/blog\/wp-json\/wp\/v2\/users\/1"}],"replies":[{"embeddable":true,"href":"https:\/\/www.histoiresgalantes.fr\/blog\/wp-json\/wp\/v2\/comments?post=26680"}],"version-history":[{"count":10,"href":"https:\/\/www.histoiresgalantes.fr\/blog\/wp-json\/wp\/v2\/posts\/26680\/revisions"}],"predecessor-version":[{"id":32194,"href":"https:\/\/www.histoiresgalantes.fr\/blog\/wp-json\/wp\/v2\/posts\/26680\/revisions\/32194"}],"wp:featuredmedia":[{"embeddable":true,"href":"https:\/\/www.histoiresgalantes.fr\/blog\/wp-json\/wp\/v2\/media\/26697"}],"wp:attachment":[{"href":"https:\/\/www.histoiresgalantes.fr\/blog\/wp-json\/wp\/v2\/media?parent=26680"}],"wp:term":[{"taxonomy":"category","embeddable":true,"href":"https:\/\/www.histoiresgalantes.fr\/blog\/wp-json\/wp\/v2\/categories?post=26680"},{"taxonomy":"post_tag","embeddable":true,"href":"https:\/\/www.histoiresgalantes.fr\/blog\/wp-json\/wp\/v2\/tags?post=26680"}],"curies":[{"name":"wp","href":"https:\/\/api.w.org\/{rel}","templated":true}]}}