{"id":26861,"date":"2024-04-19T13:05:22","date_gmt":"2024-04-19T12:05:22","guid":{"rendered":"https:\/\/www.histoiresgalantes.fr\/blog\/?p=26861"},"modified":"2024-04-26T09:38:22","modified_gmt":"2024-04-26T08:38:22","slug":"la-pendule-a-repetition-de-m-etienne-maurice-falconet","status":"publish","type":"post","link":"https:\/\/www.histoiresgalantes.fr\/blog\/2024\/04\/19\/la-pendule-a-repetition-de-m-etienne-maurice-falconet\/","title":{"rendered":"La montre \u00e0 r\u00e9p\u00e9tition de M. Falconet, professeur de l&#8217;Acad\u00e9mie royale de peinture et de sculpture associ\u00e9 libre honoraire de celle de Saint-Petersbourg"},"content":{"rendered":"\n<figure class=\"wp-block-video aligncenter\"><video autoplay controls src=\"https:\/\/www.histoiresgalantes.fr\/blog\/wp-content\/uploads\/2024\/04\/Montre-gousset-a-sonnerie_1-2.mp4\"><\/video><figcaption class=\"wp-element-caption\">8h30<\/figcaption><\/figure>\n\n\n\n<p>C\u2019est fou ce que l\u2019on apprend en d\u00e9chiffrant un inventaire !<br>Dans celui de feu <strong>Etienne Maurice Falconet<\/strong> d\u00e9c\u00e9d\u00e9 en janvier 1791 \u00e0 l\u2019\u00e2ge de 75 ans, paix \u00e0 son \u00e2me, on apprend qu\u2019il portait des culottes de <strong>prunelle<\/strong> et de <strong>ratine<\/strong> noires et grises, des chemises en <strong>amadis<\/strong>, des bas de soye noire ou de fil gris et blanc, des mouchoirs de poche \u00e0 carreaux rouge et bleus, des robes de chambre d\u2019indiennes, qu\u2019il portait aussi des bonnets de coton et de laine et des chaussons de fil tricot\u00e9.<br>Il dormait bien au chaud, dans des draps de ma\u00eetres et la t\u00eate prot\u00e9g\u00e9e du froid par des coiffures de nuit garnies de mousseline, dans une une couchette \u00e0 bas piliers garnie d\u2019un sommier de crin couvert de <strong>faille<\/strong> \u00e0 carreaux, d\u2019un matelas de laine couvert en <strong>futaine<\/strong>, d\u2019un <strong>lit de plume<\/strong>, d\u2019un traversin, d\u2019un oreiller et d\u2019une couverture de laine blanche.<br>Atteint d\u2019une paralysie en 1783, Etienne Falconet ne sortait plus de son domicile et travaillait sur son bureau en bois d\u2019acajou garni de tiroirs centr\u00e9s de ferrures en anneaux de cuivre dor\u00e9s, les pi\u00e9s cannel\u00e9s couvers de <strong>basane<\/strong> noir. Il poss\u00e9dait quatre pistolets de poche garnis en cuir, une lunette de poche dans son \u00e9tui de cuir bouilly.<br>Sa vie \u00e9tait rythm\u00e9e par <strong>sa pendule \u00e0 seconde de Lepaute<\/strong>, dans une bo\u00ebte et sur son pi\u00e9 de marbre avec ornement de cuivre dor\u00e9 sous cage de verre blanc, ainsi que par <strong>sa montre \u00e0 r\u00e9p\u00e9tition Delaunay<\/strong> dans sa boite d\u2019or estamp\u00e9e, sa chaine et sa clef en similor (un inventaire r\u00e9alis\u00e9 6 mois plus tard r\u00e9v\u00e8le que Pierre Etienne Falconet h\u00e9rite de la montre de son p\u00e8re).<\/p>\n\n\n\n<p>Une montre \u00e0 r\u00e9p\u00e9tition est une montre qui sonne les heures \u00abdong\u00bb, les quart d\u2019heure \u00abding-dong\u00bb et parfois les minutes \u00abding\u00bb. <br><br><strong>La prunelle et la ratine <\/strong>sont des \u00e9toffes de laine.<br><strong>Les chemises en amadis<\/strong> sont \u00e0 manches droites et boutonn\u00e9e.<br>La futaine est \u00e9toffe de fil &amp; de coton.<br><strong>Un lit de plume<\/strong> est un petit matelas de plumes.<br><strong>La faille<\/strong> est une \u00e9toffe de soie \u00e0 gros grain, qui se fabriquait en Flandre.<br><strong>Le basane<\/strong> est un cuir en une peau de mouton.[\u2026]<\/p>\n\n\n<div class=\"wp-block-image\">\n<figure class=\"aligncenter size-large\"><a href=\"https:\/\/www.histoiresgalantes.fr\/blog\/wp-content\/uploads\/2024\/04\/IMG_3108.jpg\"><img loading=\"lazy\" decoding=\"async\" width=\"768\" height=\"1024\" src=\"https:\/\/www.histoiresgalantes.fr\/blog\/wp-content\/uploads\/2024\/04\/IMG_3108-768x1024.jpg\" alt=\"\" class=\"wp-image-26869\" srcset=\"https:\/\/www.histoiresgalantes.fr\/blog\/wp-content\/uploads\/2024\/04\/IMG_3108-768x1024.jpg 768w, https:\/\/www.histoiresgalantes.fr\/blog\/wp-content\/uploads\/2024\/04\/IMG_3108-225x300.jpg 225w, https:\/\/www.histoiresgalantes.fr\/blog\/wp-content\/uploads\/2024\/04\/IMG_3108.jpg 1125w\" sizes=\"auto, (max-width: 768px) 100vw, 768px\" \/><\/a><figcaption class=\"wp-element-caption\">Inventaire apr\u00e8s le d\u00e9c\u00e8s de M. Falconet, cote MC\/ET\/XCI\/1273<\/figcaption><\/figure><\/div>\n\n<div class=\"wp-block-image\">\n<figure class=\"aligncenter size-large\"><a href=\"https:\/\/www.histoiresgalantes.fr\/blog\/wp-content\/uploads\/2024\/04\/IMG_3102.jpg\"><img loading=\"lazy\" decoding=\"async\" width=\"768\" height=\"1024\" src=\"https:\/\/www.histoiresgalantes.fr\/blog\/wp-content\/uploads\/2024\/04\/IMG_3102-768x1024.jpg\" alt=\"\" class=\"wp-image-26860\" srcset=\"https:\/\/www.histoiresgalantes.fr\/blog\/wp-content\/uploads\/2024\/04\/IMG_3102-768x1024.jpg 768w, https:\/\/www.histoiresgalantes.fr\/blog\/wp-content\/uploads\/2024\/04\/IMG_3102-225x300.jpg 225w, https:\/\/www.histoiresgalantes.fr\/blog\/wp-content\/uploads\/2024\/04\/IMG_3102.jpg 1125w\" sizes=\"auto, (max-width: 768px) 100vw, 768px\" \/><\/a><figcaption class=\"wp-element-caption\">Archives nationales, Paris<\/figcaption><\/figure><\/div>\n\n<div class=\"wp-block-image\">\n<figure class=\"aligncenter size-large\"><a href=\"https:\/\/www.histoiresgalantes.fr\/blog\/wp-content\/uploads\/2024\/04\/IMG_3101-1.jpg\"><img loading=\"lazy\" decoding=\"async\" width=\"768\" height=\"1024\" src=\"https:\/\/www.histoiresgalantes.fr\/blog\/wp-content\/uploads\/2024\/04\/IMG_3101-1-768x1024.jpg\" alt=\"\" class=\"wp-image-26864\" srcset=\"https:\/\/www.histoiresgalantes.fr\/blog\/wp-content\/uploads\/2024\/04\/IMG_3101-1-768x1024.jpg 768w, https:\/\/www.histoiresgalantes.fr\/blog\/wp-content\/uploads\/2024\/04\/IMG_3101-1-225x300.jpg 225w, https:\/\/www.histoiresgalantes.fr\/blog\/wp-content\/uploads\/2024\/04\/IMG_3101-1.jpg 1125w\" sizes=\"auto, (max-width: 768px) 100vw, 768px\" \/><\/a><figcaption class=\"wp-element-caption\">Archives nationales, Paris<\/figcaption><\/figure><\/div>\n\n<div class=\"wp-block-image\">\n<figure class=\"aligncenter size-large\"><a href=\"https:\/\/www.histoiresgalantes.fr\/blog\/wp-content\/uploads\/2024\/04\/IMG_3116.jpg\"><img loading=\"lazy\" decoding=\"async\" width=\"768\" height=\"1024\" src=\"https:\/\/www.histoiresgalantes.fr\/blog\/wp-content\/uploads\/2024\/04\/IMG_3116-768x1024.jpg\" alt=\"\" class=\"wp-image-26865\" srcset=\"https:\/\/www.histoiresgalantes.fr\/blog\/wp-content\/uploads\/2024\/04\/IMG_3116-768x1024.jpg 768w, https:\/\/www.histoiresgalantes.fr\/blog\/wp-content\/uploads\/2024\/04\/IMG_3116-225x300.jpg 225w, https:\/\/www.histoiresgalantes.fr\/blog\/wp-content\/uploads\/2024\/04\/IMG_3116.jpg 1125w\" sizes=\"auto, (max-width: 768px) 100vw, 768px\" \/><\/a><figcaption class=\"wp-element-caption\">Inventaire apr\u00e8s le d\u00e9c\u00e8s de M. Falconet, cote MC\/ET\/XCI\/1273<\/figcaption><\/figure><\/div>","protected":false},"excerpt":{"rendered":"<p>C\u2019est fou ce que l\u2019on apprend en d\u00e9chiffrant un inventaire !Dans celui de feu Etienne Maurice Falconet d\u00e9c\u00e9d\u00e9 en janvier 1791 \u00e0 l\u2019\u00e2ge de 75 ans, paix \u00e0 son \u00e2me, on apprend qu\u2019il portait des culottes de prunelle et de ratine noires et grises, des chemises en amadis, des bas de soye noire ou de [&hellip;]<\/p>\n","protected":false},"author":1,"featured_media":26873,"comment_status":"open","ping_status":"open","sticky":false,"template":"","format":"image","meta":{"om_disable_all_campaigns":false,"_monsterinsights_skip_tracking":false,"_monsterinsights_sitenote_active":false,"_monsterinsights_sitenote_note":"","_monsterinsights_sitenote_category":0,"_s2mail":"","footnotes":""},"categories":[34],"tags":[],"class_list":["post-26861","post","type-post","status-publish","format-image","has-post-thumbnail","hentry","category-sculpteurs","post_format-post-format-image"],"aioseo_notices":[],"_links":{"self":[{"href":"https:\/\/www.histoiresgalantes.fr\/blog\/wp-json\/wp\/v2\/posts\/26861","targetHints":{"allow":["GET"]}}],"collection":[{"href":"https:\/\/www.histoiresgalantes.fr\/blog\/wp-json\/wp\/v2\/posts"}],"about":[{"href":"https:\/\/www.histoiresgalantes.fr\/blog\/wp-json\/wp\/v2\/types\/post"}],"author":[{"embeddable":true,"href":"https:\/\/www.histoiresgalantes.fr\/blog\/wp-json\/wp\/v2\/users\/1"}],"replies":[{"embeddable":true,"href":"https:\/\/www.histoiresgalantes.fr\/blog\/wp-json\/wp\/v2\/comments?post=26861"}],"version-history":[{"count":11,"href":"https:\/\/www.histoiresgalantes.fr\/blog\/wp-json\/wp\/v2\/posts\/26861\/revisions"}],"predecessor-version":[{"id":26926,"href":"https:\/\/www.histoiresgalantes.fr\/blog\/wp-json\/wp\/v2\/posts\/26861\/revisions\/26926"}],"wp:featuredmedia":[{"embeddable":true,"href":"https:\/\/www.histoiresgalantes.fr\/blog\/wp-json\/wp\/v2\/media\/26873"}],"wp:attachment":[{"href":"https:\/\/www.histoiresgalantes.fr\/blog\/wp-json\/wp\/v2\/media?parent=26861"}],"wp:term":[{"taxonomy":"category","embeddable":true,"href":"https:\/\/www.histoiresgalantes.fr\/blog\/wp-json\/wp\/v2\/categories?post=26861"},{"taxonomy":"post_tag","embeddable":true,"href":"https:\/\/www.histoiresgalantes.fr\/blog\/wp-json\/wp\/v2\/tags?post=26861"}],"curies":[{"name":"wp","href":"https:\/\/api.w.org\/{rel}","templated":true}]}}