{"id":2703,"date":"2015-10-04T10:31:31","date_gmt":"2015-10-04T09:31:31","guid":{"rendered":"http:\/\/www.histoiresgalantes.fr\/blog\/?p=2703"},"modified":"2015-10-13T10:43:51","modified_gmt":"2015-10-13T09:43:51","slug":"les-petits-bonheurs","status":"publish","type":"post","link":"https:\/\/www.histoiresgalantes.fr\/blog\/2015\/10\/04\/les-petits-bonheurs\/","title":{"rendered":"Les petits bonheurs"},"content":{"rendered":"<p>Trouv\u00e9 aux Emmaus \u00e0 1\u20ac50, le livre <a href=\"https:\/\/www.histoiresgalantes.fr\/blog\/2015\/09\/11\/cortege-musical-en-lhommage-demilie-du-chatelet-luneville\/\">&#8220;La Marquise du Ch\u00e2telet<\/a>&#8221; de Andr\u00e9 Maurel, \u00e9dition de 1931 ! Avis \u00e0 tous les fans d&#8217;Emilie, il se trouve aussi sur le net :<br \/>\n<a href=\"http:\/\/www.abebooks.fr\/rechercher-livre\/titre\/la-marquise-du-ch%E2telet-amie-de-voltaire\/auteur\/maurel-andr%E9\/\">abebooks<\/a><\/p>\n","protected":false},"excerpt":{"rendered":"<p>Trouv\u00e9 aux Emmaus \u00e0 1\u20ac50, le livre &#8220;La Marquise du Ch\u00e2telet&#8221; de Andr\u00e9 Maurel, \u00e9dition de 1931 ! Avis \u00e0 tous les fans d&#8217;Emilie, il se trouve aussi sur le net : abebooks<\/p>\n","protected":false},"author":1,"featured_media":2704,"comment_status":"open","ping_status":"open","sticky":false,"template":"","format":"image","meta":{"om_disable_all_campaigns":false,"_monsterinsights_skip_tracking":false,"_monsterinsights_sitenote_active":false,"_monsterinsights_sitenote_note":"","_monsterinsights_sitenote_category":0,"_s2mail":"yes","footnotes":""},"categories":[41,26],"tags":[],"class_list":["post-2703","post","type-post","status-publish","format-image","has-post-thumbnail","hentry","category-litterature","category-mme-du-chatelet","post_format-post-format-image"],"aioseo_notices":[],"_links":{"self":[{"href":"https:\/\/www.histoiresgalantes.fr\/blog\/wp-json\/wp\/v2\/posts\/2703","targetHints":{"allow":["GET"]}}],"collection":[{"href":"https:\/\/www.histoiresgalantes.fr\/blog\/wp-json\/wp\/v2\/posts"}],"about":[{"href":"https:\/\/www.histoiresgalantes.fr\/blog\/wp-json\/wp\/v2\/types\/post"}],"author":[{"embeddable":true,"href":"https:\/\/www.histoiresgalantes.fr\/blog\/wp-json\/wp\/v2\/users\/1"}],"replies":[{"embeddable":true,"href":"https:\/\/www.histoiresgalantes.fr\/blog\/wp-json\/wp\/v2\/comments?post=2703"}],"version-history":[{"count":3,"href":"https:\/\/www.histoiresgalantes.fr\/blog\/wp-json\/wp\/v2\/posts\/2703\/revisions"}],"predecessor-version":[{"id":2710,"href":"https:\/\/www.histoiresgalantes.fr\/blog\/wp-json\/wp\/v2\/posts\/2703\/revisions\/2710"}],"wp:featuredmedia":[{"embeddable":true,"href":"https:\/\/www.histoiresgalantes.fr\/blog\/wp-json\/wp\/v2\/media\/2704"}],"wp:attachment":[{"href":"https:\/\/www.histoiresgalantes.fr\/blog\/wp-json\/wp\/v2\/media?parent=2703"}],"wp:term":[{"taxonomy":"category","embeddable":true,"href":"https:\/\/www.histoiresgalantes.fr\/blog\/wp-json\/wp\/v2\/categories?post=2703"},{"taxonomy":"post_tag","embeddable":true,"href":"https:\/\/www.histoiresgalantes.fr\/blog\/wp-json\/wp\/v2\/tags?post=2703"}],"curies":[{"name":"wp","href":"https:\/\/api.w.org\/{rel}","templated":true}]}}