{"id":2722,"date":"2015-10-11T10:59:44","date_gmt":"2015-10-11T09:59:44","guid":{"rendered":"http:\/\/www.histoiresgalantes.fr\/blog\/?p=2722"},"modified":"2016-06-29T22:30:58","modified_gmt":"2016-06-29T21:30:58","slug":"clin-doeil-xviiie","status":"publish","type":"post","link":"https:\/\/www.histoiresgalantes.fr\/blog\/2015\/10\/11\/clin-doeil-xviiie\/","title":{"rendered":"Clin d&#8217;\u0153il XVIIIe"},"content":{"rendered":"<p><a href=\"https:\/\/www.histoiresgalantes.fr\/blog\/wp-content\/uploads\/2015\/10\/clairon2.jpg\"><img loading=\"lazy\" decoding=\"async\" class=\"alignnone size-full wp-image-2724\" src=\"https:\/\/www.histoiresgalantes.fr\/blog\/wp-content\/uploads\/2015\/10\/clairon2.jpg\" alt=\"clairon2\" width=\"700\" height=\"467\" srcset=\"https:\/\/www.histoiresgalantes.fr\/blog\/wp-content\/uploads\/2015\/10\/clairon2.jpg 700w, https:\/\/www.histoiresgalantes.fr\/blog\/wp-content\/uploads\/2015\/10\/clairon2-300x200.jpg 300w, https:\/\/www.histoiresgalantes.fr\/blog\/wp-content\/uploads\/2015\/10\/clairon2-330x220.jpg 330w\" sizes=\"auto, (max-width: 700px) 100vw, 700px\" \/><\/a>Vu sur le vide-greniers place de la Carri\u00e8re, les fen\u00eatres <a href=\"https:\/\/www.histoiresgalantes.fr\/blog\/2015\/06\/29\/lumiere-doree-nancy\/\"><strong>de l&#8217;h\u00f4tel de Beauvau-Craon<\/strong><\/a> se r\u00e9fl\u00e8tant sur &#8220;La Clairon&#8221;, com\u00e9dienne c\u00e9l\u00e8bre du XVIIIe si\u00e8cle, que l&#8217;on a confondu souvent \u00e0 tort avec la petite Clairon lorraine, amie intime de la Graffigny qui avait d\u00e9marr\u00e9 sa carri\u00e8re \u00e0 la cour de Stanislas.<br \/>\n<a href=\"https:\/\/www.histoiresgalantes.fr\/blog\/2015\/04\/15\/la-clairon\/\">En savoir + sur la Clairon <\/a><\/p>\n","protected":false},"excerpt":{"rendered":"<p>Vu sur le vide-greniers place de la Carri\u00e8re, les fen\u00eatres de l&#8217;h\u00f4tel de Beauvau-Craon se r\u00e9fl\u00e8tant sur &#8220;La Clairon&#8221;, com\u00e9dienne c\u00e9l\u00e8bre du XVIIIe si\u00e8cle, que l&#8217;on a confondu souvent \u00e0 tort avec la petite Clairon lorraine, amie intime de la Graffigny qui avait d\u00e9marr\u00e9 sa carri\u00e8re \u00e0 la cour de Stanislas. En savoir + sur [&hellip;]<\/p>\n","protected":false},"author":1,"featured_media":2725,"comment_status":"open","ping_status":"open","sticky":false,"template":"","format":"image","meta":{"om_disable_all_campaigns":false,"_monsterinsights_skip_tracking":false,"_monsterinsights_sitenote_active":false,"_monsterinsights_sitenote_note":"","_monsterinsights_sitenote_category":0,"_s2mail":"yes","footnotes":""},"categories":[13],"tags":[],"class_list":["post-2722","post","type-post","status-publish","format-image","has-post-thumbnail","hentry","category-cour-de-stanislas","post_format-post-format-image"],"aioseo_notices":[],"_links":{"self":[{"href":"https:\/\/www.histoiresgalantes.fr\/blog\/wp-json\/wp\/v2\/posts\/2722","targetHints":{"allow":["GET"]}}],"collection":[{"href":"https:\/\/www.histoiresgalantes.fr\/blog\/wp-json\/wp\/v2\/posts"}],"about":[{"href":"https:\/\/www.histoiresgalantes.fr\/blog\/wp-json\/wp\/v2\/types\/post"}],"author":[{"embeddable":true,"href":"https:\/\/www.histoiresgalantes.fr\/blog\/wp-json\/wp\/v2\/users\/1"}],"replies":[{"embeddable":true,"href":"https:\/\/www.histoiresgalantes.fr\/blog\/wp-json\/wp\/v2\/comments?post=2722"}],"version-history":[{"count":4,"href":"https:\/\/www.histoiresgalantes.fr\/blog\/wp-json\/wp\/v2\/posts\/2722\/revisions"}],"predecessor-version":[{"id":4219,"href":"https:\/\/www.histoiresgalantes.fr\/blog\/wp-json\/wp\/v2\/posts\/2722\/revisions\/4219"}],"wp:featuredmedia":[{"embeddable":true,"href":"https:\/\/www.histoiresgalantes.fr\/blog\/wp-json\/wp\/v2\/media\/2725"}],"wp:attachment":[{"href":"https:\/\/www.histoiresgalantes.fr\/blog\/wp-json\/wp\/v2\/media?parent=2722"}],"wp:term":[{"taxonomy":"category","embeddable":true,"href":"https:\/\/www.histoiresgalantes.fr\/blog\/wp-json\/wp\/v2\/categories?post=2722"},{"taxonomy":"post_tag","embeddable":true,"href":"https:\/\/www.histoiresgalantes.fr\/blog\/wp-json\/wp\/v2\/tags?post=2722"}],"curies":[{"name":"wp","href":"https:\/\/api.w.org\/{rel}","templated":true}]}}