{"id":27475,"date":"2024-06-27T11:51:55","date_gmt":"2024-06-27T10:51:55","guid":{"rendered":"https:\/\/www.histoiresgalantes.fr\/blog\/?p=27475"},"modified":"2025-09-10T13:03:44","modified_gmt":"2025-09-10T12:03:44","slug":"quand-ca-tient-dans-la-poche-mme-de-graffigny-connait-bien","status":"publish","type":"post","link":"https:\/\/www.histoiresgalantes.fr\/blog\/2024\/06\/27\/quand-ca-tient-dans-la-poche-mme-de-graffigny-connait-bien\/","title":{"rendered":"Quand \u00e7a tient dans la poche, Mme de Graffigny conna\u00eet bien\u2026"},"content":{"rendered":"\n<p><\/p>\n\n\n\n<p>Actuellement au<strong> mus\u00e9e Cognacq-Jay<\/strong>,<br><em>Luxe de poche<\/em><br>Petits objets pr\u00e9cieux au si\u00e8cle des Lumi\u00e8res<br><a href=\"https:\/\/www.museecognacqjay.paris.fr\/expositions\/luxe-de-poche\" target=\"_blank\" rel=\"noopener\" title=\"\">Une exposition \u00e0 voir Jusqu\u2019au 29 septembre 2024<\/a><\/p>\n\n\n\n<p><strong>Quand \u00e7a tient dans la poche, Mme de Graffigny conna\u00eet bien\u2026<\/strong><br>Elle qui n\u2019h\u00e9site pas \u00e0 \u00ab&nbsp;glisser dans sa poche&nbsp;\u00bb un \u00ab&nbsp;marabou \u00bb (figurine en porcelaine), pour faire rire son ami \u00ab&nbsp;<strong>Panpan<\/strong>&nbsp;\u00bb alias <strong>Fran\u00e7ois Devaux<\/strong>.<br>De passage chez la <strong>duchesse de Lorraine<\/strong> en septembre 1738, les journ\u00e9es \u00e0 Commercy sont longues, la \u00ab&nbsp;bonne Grosse&nbsp;\u00bb passe son temps \u00e0 \u00ab ravauder \u00bb, \u00ab badauder \u00bb, \u00ab rognogner \u00bb, bref \u00e0 tra\u00eener ses \u00ab vieilles mules \u00bb dans les couloirs du ch\u00e2teau et elle raconte \u00e0 Panpan comment, ce samedi 27 septembre, elle est devenue une voleuse :<br><br><em>\u00ab Mon cul et mon pied allaient mieux ce matin, mais je viens de tant marcher que je n\u2019en puis plus. J\u2019ai et\u00e9 le matin a toute les cour. J\u2019ai din\u00e9 seule. Apres diner j\u2019ai senti qu\u2019il n\u2019etoit pas bon pour moi de rester seule. Je suis dessendue chez la Belle [chez la princesse Anne-Charlotte mais elle \u00e9tait absente]. [\u2026] Il n\u2019y avoit que Fanchon et moi. [\u2026] Il m\u2019a pris envie de voir la biblioteque. Nous y avons et\u00e9. Ensuite nous nous sommes amus\u00e9es a voir les marabous [porcelaines] des cabinets de Mde [la duchesse]. J\u2019en ai trouv\u00e9 un petit si joli que je l\u2019ai mis dans ma poche, et ce vol n\u2019est fait que pour toi. Il te ressemble comme deux goute d\u2019eau quand tu es en robe de chambre et que tu grimasses un clou, car il crie. \u00bb<\/em><br><br>Article PFD Extraits de <em>Petits Riens de Mme de Graffigny<\/em><br>Editions LIRALEST<\/p>\n\n\n<div class=\"wp-block-image\">\n<figure class=\"aligncenter size-full\"><a href=\"https:\/\/www.histoiresgalantes.fr\/blog\/wp-content\/uploads\/2024\/06\/robe-chambre-panpan.jpg\"><img loading=\"lazy\" decoding=\"async\" width=\"450\" height=\"550\" src=\"https:\/\/www.histoiresgalantes.fr\/blog\/wp-content\/uploads\/2024\/06\/robe-chambre-panpan.jpg\" alt=\"\" class=\"wp-image-27477\" srcset=\"https:\/\/www.histoiresgalantes.fr\/blog\/wp-content\/uploads\/2024\/06\/robe-chambre-panpan.jpg 450w, https:\/\/www.histoiresgalantes.fr\/blog\/wp-content\/uploads\/2024\/06\/robe-chambre-panpan-245x300.jpg 245w\" sizes=\"auto, (max-width: 450px) 100vw, 450px\" \/><\/a><figcaption class=\"wp-element-caption\"><em>Petits Riens de Mme de Graffigny<\/em>, P. Fourtier-Debert<\/figcaption><\/figure><\/div>\n\n\n<p>Autre histoire de \u00ab&nbsp;poches&nbsp;\u00bb<br><strong>Les poches de la marquise<\/strong><br>Un extrait du m\u00e9moire de Mademoiselle Dorville (blanchisseuse) \u00e0 Mme du Chastellet, pour le blanchissage du linge de la marquise d\u00e9taille les poches telles qu&#8217;elles existaient au XVIIIe s., soit des &#8220;sacs&#8221; en tissus suspendus \u00e0 la ceinture.<br>Ces poches de 40 cm X 30 cm, sont indispensables pour la math\u00e9maticienne qui ne se s\u00e9pare jamais de son \u00e9tui contenant ses instruments de mesure : \u00e9querre, compas, r\u00e8gle\u2026<\/p>\n\n\n\n<p>Accessoire distinct du vestiaire f\u00e9minin, les poches des femmes se pr\u00e9sentent pendant environ deux si\u00e8cles sous la forme de sacs oblongs qu\u2019un lien permet de nouer autour de la taille sous le jupon ou par dessus la jupe. (openedition).<br><br><strong>Les poches sont en quelque sorte les &#8220;anc\u00eatres&#8221; de nos sacs \u00e0 mains<\/strong>, <strong>en plus discr\u00e8tes<\/strong>.<\/p>\n\n\n<div class=\"wp-block-image\">\n<figure class=\"aligncenter size-full\"><a href=\"https:\/\/www.histoiresgalantes.fr\/blog\/wp-content\/uploads\/2024\/06\/poches-article.jpg\"><img loading=\"lazy\" decoding=\"async\" width=\"475\" height=\"202\" src=\"https:\/\/www.histoiresgalantes.fr\/blog\/wp-content\/uploads\/2024\/06\/poches-article.jpg\" alt=\"\" class=\"wp-image-27482\" srcset=\"https:\/\/www.histoiresgalantes.fr\/blog\/wp-content\/uploads\/2024\/06\/poches-article.jpg 475w, https:\/\/www.histoiresgalantes.fr\/blog\/wp-content\/uploads\/2024\/06\/poches-article-300x128.jpg 300w\" sizes=\"auto, (max-width: 475px) 100vw, 475px\" \/><\/a><\/figure><\/div>\n\n\n<p>D\u00e9finition de l&#8217;Encyclop\u00e9die :<br>Poche, terme de Tailleur, espece de petit sac de toile ou de cuir, qui est attach\u00e9 \u00e0 quelques habillemens des hommes &amp; des femmes, &amp; qui sert \u00e0 mettre &amp; porter diverses choses qu\u2019on veut avoir sur soi. Il y a ordinairement des poches aux justes-aux-corps, aux surtous, aux vestes, &amp; aux culottes : celles des culottes se font de cuir de mouton pass\u00e9 en m\u00e9gie ; ce sont les ma\u00eetres Boursiers qui les taillent &amp; fabriquent, d\u2019o\u00f9 ils ont pris un de leurs noms. (D. J.)<br>Article PFD<br><\/p>\n\n\n\n<p><a href=\"https:\/\/journals.openedition.org\/1718\/363\" target=\"_blank\" rel=\"noopener\" title=\"\">Autre article sur open \u00e9dition<\/a><br><\/p>\n\n\n<div class=\"wp-block-image\">\n<figure class=\"aligncenter size-full\"><a href=\"https:\/\/www.histoiresgalantes.fr\/blog\/wp-content\/uploads\/2024\/06\/paire-de-poches.jpg\"><img loading=\"lazy\" decoding=\"async\" width=\"1000\" height=\"719\" src=\"https:\/\/www.histoiresgalantes.fr\/blog\/wp-content\/uploads\/2024\/06\/paire-de-poches.jpg\" alt=\"\" class=\"wp-image-27479\" srcset=\"https:\/\/www.histoiresgalantes.fr\/blog\/wp-content\/uploads\/2024\/06\/paire-de-poches.jpg 1000w, https:\/\/www.histoiresgalantes.fr\/blog\/wp-content\/uploads\/2024\/06\/paire-de-poches-300x216.jpg 300w, https:\/\/www.histoiresgalantes.fr\/blog\/wp-content\/uploads\/2024\/06\/paire-de-poches-768x552.jpg 768w\" sizes=\"auto, (max-width: 1000px) 100vw, 1000px\" \/><\/a><figcaption class=\"wp-element-caption\">M\u00e9moire de Mlle Dorville, Archive : fonds Du Ch\u00e2telet, Archives d\u00e9partementales de Haute-Marne.<\/figcaption><\/figure><\/div>\n\n\n<figure class=\"wp-block-image size-large\"><a href=\"https:\/\/www.histoiresgalantes.fr\/blog\/wp-content\/uploads\/2024\/06\/1969_3102-overall.jpg\"><img loading=\"lazy\" decoding=\"async\" width=\"1024\" height=\"713\" src=\"https:\/\/www.histoiresgalantes.fr\/blog\/wp-content\/uploads\/2024\/06\/1969_3102-overall-1024x713.jpg\" alt=\"\" class=\"wp-image-27478\" srcset=\"https:\/\/www.histoiresgalantes.fr\/blog\/wp-content\/uploads\/2024\/06\/1969_3102-overall-1024x713.jpg 1024w, https:\/\/www.histoiresgalantes.fr\/blog\/wp-content\/uploads\/2024\/06\/1969_3102-overall-300x209.jpg 300w, https:\/\/www.histoiresgalantes.fr\/blog\/wp-content\/uploads\/2024\/06\/1969_3102-overall-768x534.jpg 768w, https:\/\/www.histoiresgalantes.fr\/blog\/wp-content\/uploads\/2024\/06\/1969_3102-overall.jpg 1200w\" sizes=\"auto, (max-width: 1024px) 100vw, 1024px\" \/><\/a><figcaption class=\"wp-element-caption\">Paires de poches, XVIIIe si\u00e8cle<\/figcaption><\/figure>\n\n\n\n<figure class=\"wp-block-image size-large\"><a href=\"https:\/\/www.histoiresgalantes.fr\/blog\/wp-content\/uploads\/2024\/06\/img-1.jpg\"><img loading=\"lazy\" decoding=\"async\" width=\"1024\" height=\"768\" src=\"https:\/\/www.histoiresgalantes.fr\/blog\/wp-content\/uploads\/2024\/06\/img-1-1024x768.jpg\" alt=\"\" class=\"wp-image-27480\" srcset=\"https:\/\/www.histoiresgalantes.fr\/blog\/wp-content\/uploads\/2024\/06\/img-1-1024x768.jpg 1024w, https:\/\/www.histoiresgalantes.fr\/blog\/wp-content\/uploads\/2024\/06\/img-1-300x225.jpg 300w, https:\/\/www.histoiresgalantes.fr\/blog\/wp-content\/uploads\/2024\/06\/img-1-768x576.jpg 768w, https:\/\/www.histoiresgalantes.fr\/blog\/wp-content\/uploads\/2024\/06\/img-1-1536x1152.jpg 1536w, https:\/\/www.histoiresgalantes.fr\/blog\/wp-content\/uploads\/2024\/06\/img-1-2048x1536.jpg 2048w, https:\/\/www.histoiresgalantes.fr\/blog\/wp-content\/uploads\/2024\/06\/img-1-640x480.jpg 640w\" sizes=\"auto, (max-width: 1024px) 100vw, 1024px\" \/><\/a><figcaption class=\"wp-element-caption\">Illustrations, Poup\u00e9e en jupon et chemise portant une paire de poches, c.1760 (d\u00e9tail), MCAG.1955.21<br>\u00a9 Manchester Art Gallery<\/figcaption><\/figure>\n\n\n\n<figure class=\"wp-block-image size-large\"><a href=\"https:\/\/www.histoiresgalantes.fr\/blog\/wp-content\/uploads\/2024\/06\/poches2.jpg\"><img loading=\"lazy\" decoding=\"async\" width=\"1024\" height=\"829\" src=\"https:\/\/www.histoiresgalantes.fr\/blog\/wp-content\/uploads\/2024\/06\/poches2-1024x829.jpg\" alt=\"\" class=\"wp-image-27481\" srcset=\"https:\/\/www.histoiresgalantes.fr\/blog\/wp-content\/uploads\/2024\/06\/poches2-1024x829.jpg 1024w, https:\/\/www.histoiresgalantes.fr\/blog\/wp-content\/uploads\/2024\/06\/poches2-300x243.jpg 300w, https:\/\/www.histoiresgalantes.fr\/blog\/wp-content\/uploads\/2024\/06\/poches2-768x621.jpg 768w, https:\/\/www.histoiresgalantes.fr\/blog\/wp-content\/uploads\/2024\/06\/poches2.jpg 1200w\" sizes=\"auto, (max-width: 1024px) 100vw, 1024px\" \/><\/a><figcaption class=\"wp-element-caption\">Paire de poches brod\u00e9es portant les initiales \u00ab GO \u00bb ainsi que la date \u00ab 1774 \u00bb, Gallery of Costume, Platt Hall, Manchester, MCAG. 1951.107<\/figcaption><\/figure>\n","protected":false},"excerpt":{"rendered":"<p>Actuellement au mus\u00e9e Cognacq-Jay,Luxe de pochePetits objets pr\u00e9cieux au si\u00e8cle des Lumi\u00e8resUne exposition \u00e0 voir Jusqu\u2019au 29 septembre 2024 Quand \u00e7a tient dans la poche, Mme de Graffigny conna\u00eet bien\u2026Elle qui n\u2019h\u00e9site pas \u00e0 \u00ab&nbsp;glisser dans sa poche&nbsp;\u00bb un \u00ab&nbsp;marabou \u00bb (figurine en porcelaine), pour faire rire son ami \u00ab&nbsp;Panpan&nbsp;\u00bb alias Fran\u00e7ois Devaux.De passage chez [&hellip;]<\/p>\n","protected":false},"author":1,"featured_media":27486,"comment_status":"open","ping_status":"open","sticky":false,"template":"","format":"image","meta":{"om_disable_all_campaigns":false,"_monsterinsights_skip_tracking":false,"_monsterinsights_sitenote_active":false,"_monsterinsights_sitenote_note":"","_monsterinsights_sitenote_category":0,"_s2mail":"yes","footnotes":""},"categories":[29,23],"tags":[],"class_list":["post-27475","post","type-post","status-publish","format-image","has-post-thumbnail","hentry","category-evenements","category-mode","post_format-post-format-image"],"aioseo_notices":[],"_links":{"self":[{"href":"https:\/\/www.histoiresgalantes.fr\/blog\/wp-json\/wp\/v2\/posts\/27475","targetHints":{"allow":["GET"]}}],"collection":[{"href":"https:\/\/www.histoiresgalantes.fr\/blog\/wp-json\/wp\/v2\/posts"}],"about":[{"href":"https:\/\/www.histoiresgalantes.fr\/blog\/wp-json\/wp\/v2\/types\/post"}],"author":[{"embeddable":true,"href":"https:\/\/www.histoiresgalantes.fr\/blog\/wp-json\/wp\/v2\/users\/1"}],"replies":[{"embeddable":true,"href":"https:\/\/www.histoiresgalantes.fr\/blog\/wp-json\/wp\/v2\/comments?post=27475"}],"version-history":[{"count":7,"href":"https:\/\/www.histoiresgalantes.fr\/blog\/wp-json\/wp\/v2\/posts\/27475\/revisions"}],"predecessor-version":[{"id":30483,"href":"https:\/\/www.histoiresgalantes.fr\/blog\/wp-json\/wp\/v2\/posts\/27475\/revisions\/30483"}],"wp:featuredmedia":[{"embeddable":true,"href":"https:\/\/www.histoiresgalantes.fr\/blog\/wp-json\/wp\/v2\/media\/27486"}],"wp:attachment":[{"href":"https:\/\/www.histoiresgalantes.fr\/blog\/wp-json\/wp\/v2\/media?parent=27475"}],"wp:term":[{"taxonomy":"category","embeddable":true,"href":"https:\/\/www.histoiresgalantes.fr\/blog\/wp-json\/wp\/v2\/categories?post=27475"},{"taxonomy":"post_tag","embeddable":true,"href":"https:\/\/www.histoiresgalantes.fr\/blog\/wp-json\/wp\/v2\/tags?post=27475"}],"curies":[{"name":"wp","href":"https:\/\/api.w.org\/{rel}","templated":true}]}}