{"id":2768,"date":"2015-10-16T10:04:34","date_gmt":"2015-10-16T09:04:34","guid":{"rendered":"http:\/\/www.histoiresgalantes.fr\/blog\/?p=2768"},"modified":"2018-01-24T21:30:31","modified_gmt":"2018-01-24T20:30:31","slug":"2768","status":"publish","type":"post","link":"https:\/\/www.histoiresgalantes.fr\/blog\/2015\/10\/16\/2768\/","title":{"rendered":"Le peuple fran\u00e7ais reconnait l&#8217;existence de l&#8217;\u00catre Supr\u00eame et de l&#8217;immortalit\u00e9 de l&#8217;\u00e2me"},"content":{"rendered":"<p>On peut lire partiellement cette \u00e9trange et tr\u00e8s rare inscription r\u00e9volutionnaire sur le fronton de l&#8217;entr\u00e9e de la cath\u00e9drale de Nancy.<br \/>\nCette inscription date de 1793-1794 \u00e0 un moment o\u00f9 les religions anciennes ont \u00e9t\u00e9 supprim\u00e9es au profit du culte de la Raison (automne 1793-printemps 1794) puis du culte de l&#8217;\u00catre-Supr\u00eame (printemps 1794-\u00e9t\u00e9 1794). La r\u00e9volution fran\u00e7aise instaure cet \u00e9trange culte de de l&#8217;\u00catre supr\u00eame et cette inscription va alors s&#8217;afficher sur quelques rares fa\u00e7ades d&#8217;\u00e9glise dont notre cath\u00e9drale !<br \/>\nEn savoir plus sur le blog<\/p>\n<p><strong>Quand l&#8217;\u00e9trange culte de l&#8217;\u00catre supr\u00eame s&#8217;affichait sur les fa\u00e7ades des \u00e9glises<\/strong><\/p>\n<p>La R\u00e9volution Fran\u00e7aise instaure une dr\u00f4le de r\u00e9volution philosophico-religieuse\u00a0 pour se d\u00e9faire de l&#8217;absolutisme catholique.<br \/>\nEn 1791, on fait jurer les pr\u00eatres de respecter la Constitution civile du clerg\u00e9 mais la d\u00e9christianisation ne peut s&#8217;en contenter. Pr\u00eatres r\u00e9fractaires ou pr\u00eatres jureurs \u00e0 la sinc\u00e9rit\u00e9 douteuse, il faut aller plus loin et la d\u00e9christianisation prend des formes multiples : f\u00eates antireligieuses, confiscation des biens du clerg\u00e9 et instauration du culte de la Raison.<\/p>\n<p>Car il s&#8217;agit bien d&#8217;un culte avec ses temples et sa d\u00e9esse malgr\u00e9 son ambition de transmettre au peuple les id\u00e9es des Lumi\u00e8res.<br \/>\nEn 1794, le culte de la Raison est peu \u00e0 peu remplac\u00e9 par l&#8217;invention de l&#8217;\u00catre supr\u00eame et une grande f\u00eate est donn\u00e9e le 8 juin 1794 (20 prairial An II). Mais en proclamant le culte de l&#8217;\u00catre supr\u00eame et l&#8217;immortalit\u00e9 de l&#8217;\u00e2me, la R\u00e9volution abhorre dans le m\u00eame temps l&#8217;ath\u00e9isme et ne parvient pas \u00e0 incarner un v\u00e9ritable rationalisme qui serait d\u00e9barrass\u00e9 de l&#8217;adoration de symboles. \u2028\u2028De cette \u00e9poque, des souvenirs demeurent encore au XXIe si\u00e8cle au fronton de quelques \u00e9glises comme sur celui de la cath\u00e9drale de Nancy.<br \/>\n<a href=\"http:\/\/atheisme.org\/eglises-culte-etre-supreme.html\">article de site \u00a9 http:\/\/atheisme.org\/eglises-culte-etre-supreme.html<\/a><\/p>\n","protected":false},"excerpt":{"rendered":"<p>On peut lire partiellement cette \u00e9trange et tr\u00e8s rare inscription r\u00e9volutionnaire sur le fronton de l&#8217;entr\u00e9e de la cath\u00e9drale de Nancy. Cette inscription date de 1793-1794 \u00e0 un moment o\u00f9 les religions anciennes ont \u00e9t\u00e9 supprim\u00e9es au profit du culte de la Raison (automne 1793-printemps 1794) puis du culte de l&#8217;\u00catre-Supr\u00eame (printemps 1794-\u00e9t\u00e9 1794). La [&hellip;]<\/p>\n","protected":false},"author":1,"featured_media":2770,"comment_status":"open","ping_status":"open","sticky":false,"template":"","format":"image","meta":{"om_disable_all_campaigns":false,"_monsterinsights_skip_tracking":false,"_monsterinsights_sitenote_active":false,"_monsterinsights_sitenote_note":"","_monsterinsights_sitenote_category":0,"_s2mail":"yes","footnotes":""},"categories":[65,14],"tags":[],"class_list":["post-2768","post","type-post","status-publish","format-image","has-post-thumbnail","hentry","category-secrets-de-nancy","category-insolite","post_format-post-format-image"],"aioseo_notices":[],"_links":{"self":[{"href":"https:\/\/www.histoiresgalantes.fr\/blog\/wp-json\/wp\/v2\/posts\/2768","targetHints":{"allow":["GET"]}}],"collection":[{"href":"https:\/\/www.histoiresgalantes.fr\/blog\/wp-json\/wp\/v2\/posts"}],"about":[{"href":"https:\/\/www.histoiresgalantes.fr\/blog\/wp-json\/wp\/v2\/types\/post"}],"author":[{"embeddable":true,"href":"https:\/\/www.histoiresgalantes.fr\/blog\/wp-json\/wp\/v2\/users\/1"}],"replies":[{"embeddable":true,"href":"https:\/\/www.histoiresgalantes.fr\/blog\/wp-json\/wp\/v2\/comments?post=2768"}],"version-history":[{"count":4,"href":"https:\/\/www.histoiresgalantes.fr\/blog\/wp-json\/wp\/v2\/posts\/2768\/revisions"}],"predecessor-version":[{"id":2774,"href":"https:\/\/www.histoiresgalantes.fr\/blog\/wp-json\/wp\/v2\/posts\/2768\/revisions\/2774"}],"wp:featuredmedia":[{"embeddable":true,"href":"https:\/\/www.histoiresgalantes.fr\/blog\/wp-json\/wp\/v2\/media\/2770"}],"wp:attachment":[{"href":"https:\/\/www.histoiresgalantes.fr\/blog\/wp-json\/wp\/v2\/media?parent=2768"}],"wp:term":[{"taxonomy":"category","embeddable":true,"href":"https:\/\/www.histoiresgalantes.fr\/blog\/wp-json\/wp\/v2\/categories?post=2768"},{"taxonomy":"post_tag","embeddable":true,"href":"https:\/\/www.histoiresgalantes.fr\/blog\/wp-json\/wp\/v2\/tags?post=2768"}],"curies":[{"name":"wp","href":"https:\/\/api.w.org\/{rel}","templated":true}]}}