{"id":2775,"date":"2015-10-16T22:20:10","date_gmt":"2015-10-16T21:20:10","guid":{"rendered":"http:\/\/www.histoiresgalantes.fr\/blog\/?p=2775"},"modified":"2017-01-18T15:10:00","modified_gmt":"2017-01-18T14:10:00","slug":"un-digne-heritage","status":"publish","type":"post","link":"https:\/\/www.histoiresgalantes.fr\/blog\/2015\/10\/16\/un-digne-heritage\/","title":{"rendered":"Une princesse punk"},"content":{"rendered":"<p><strong>Diane<\/strong>, la petite derni\u00e8re des <a href=\"https:\/\/www.histoiresgalantes.fr\/blog\/2015\/05\/25\/la-craon-etait-une-bombe\/\"><strong>princesses de Beauvau-Craon<\/strong><\/a>, loin de renier la r\u00e9putation sulfureuse de ses <a href=\"https:\/\/www.histoiresgalantes.fr\/blog\/?s=arbre\">illustres a\u00efeules (<\/a>les favorites en titre des deux derniers ducs de Lorraine), est dans les ann\u00e9es 70\/80, une des plus incroyables figures du monde underground. Photographi\u00e9e par Andy-Warhol, habitu\u00e9e du Palace, elle est aussi l&#8217;\u00e9g\u00e9rie de l&#8217;artiste <a href=\"https:\/\/www.histoiresgalantes.fr\/blog\/2017\/01\/15\/shopping-art-contemporain\/\"><strong>Philippe Morillon<\/strong><\/a> qui la repr\u00e9sente dans sa c\u00e9l\u00e8bre s\u00e9rie de papier-peint &#8220;D\u00e9jeuner sur l&#8217;herbe avec Fred Hughes et Diane de Beauvau-Craon&#8221;, COLLECTOR, il existe en plusieurs coloris !!!!<\/p>\n<p><a href=\"https:\/\/www.histoiresgalantes.fr\/blog\/wp-content\/uploads\/2015\/10\/Capture-d\u2019e\u0301cran-2015-10-16-a\u0300-22.13.07.png\"><img loading=\"lazy\" decoding=\"async\" class=\"alignnone size-full wp-image-2786\" src=\"https:\/\/www.histoiresgalantes.fr\/blog\/wp-content\/uploads\/2015\/10\/Capture-d\u2019e\u0301cran-2015-10-16-a\u0300-22.13.07.png\" alt=\"Capture d\u2019e\u0301cran 2015-10-16 a\u0300 22.13.07\" width=\"333\" height=\"441\" srcset=\"https:\/\/www.histoiresgalantes.fr\/blog\/wp-content\/uploads\/2015\/10\/Capture-d\u2019e\u0301cran-2015-10-16-a\u0300-22.13.07.png 333w, https:\/\/www.histoiresgalantes.fr\/blog\/wp-content\/uploads\/2015\/10\/Capture-d\u2019e\u0301cran-2015-10-16-a\u0300-22.13.07-227x300.png 227w\" sizes=\"auto, (max-width: 333px) 100vw, 333px\" \/><\/a><\/p>\n<p>Diane de Beauvau-Craon en couverture du magazine\u00a0 Interview de November 1977 !<br \/>\nInterview est un magazine am\u00e9ricain cr\u00e9\u00e9 par Andy Warhol et Gerard Malanga en 1969. Magazine influent, il est consacr\u00e9 aux arts et aux c\u00e9l\u00e9brit\u00e9s.<br \/>\nLe premier num\u00e9ro est publi\u00e9 en novembre 1969 sous le nom de Inter\/VIEW. Gerard Malanga, Paul Morrissey, John Wilcock et Warhol en sont les quatre r\u00e9dacteurs principaux.<\/p>\n<p><a href=\"https:\/\/www.histoiresgalantes.fr\/blog\/wp-content\/uploads\/2015\/10\/Capture-d\u2019e\u0301cran-2015-10-16-a\u0300-22.10.20.png\"><img loading=\"lazy\" decoding=\"async\" class=\"alignnone size-full wp-image-2787\" src=\"https:\/\/www.histoiresgalantes.fr\/blog\/wp-content\/uploads\/2015\/10\/Capture-d\u2019e\u0301cran-2015-10-16-a\u0300-22.10.20.png\" alt=\"Capture d\u2019e\u0301cran 2015-10-16 a\u0300 22.10.20\" width=\"369\" height=\"548\" srcset=\"https:\/\/www.histoiresgalantes.fr\/blog\/wp-content\/uploads\/2015\/10\/Capture-d\u2019e\u0301cran-2015-10-16-a\u0300-22.10.20.png 369w, https:\/\/www.histoiresgalantes.fr\/blog\/wp-content\/uploads\/2015\/10\/Capture-d\u2019e\u0301cran-2015-10-16-a\u0300-22.10.20-202x300.png 202w\" sizes=\"auto, (max-width: 369px) 100vw, 369px\" \/><\/a><\/p>\n<p>Diane de Beauvau-Craon photographi\u00e9e par Andy Warhol 1980<\/p>\n<p><strong><a href=\"https:\/\/www.histoiresgalantes.fr\/blog\/wp-content\/uploads\/2015\/10\/Wallpaper-Diane-de-B.-20012.jpg\"><img loading=\"lazy\" decoding=\"async\" class=\"alignnone size-full wp-image-2777\" src=\"https:\/\/www.histoiresgalantes.fr\/blog\/wp-content\/uploads\/2015\/10\/Wallpaper-Diane-de-B.-20012.jpg\" alt=\"Wallpaper+Diane+de+B.+,+20012\" width=\"1200\" height=\"1442\" srcset=\"https:\/\/www.histoiresgalantes.fr\/blog\/wp-content\/uploads\/2015\/10\/Wallpaper-Diane-de-B.-20012.jpg 1200w, https:\/\/www.histoiresgalantes.fr\/blog\/wp-content\/uploads\/2015\/10\/Wallpaper-Diane-de-B.-20012-250x300.jpg 250w, https:\/\/www.histoiresgalantes.fr\/blog\/wp-content\/uploads\/2015\/10\/Wallpaper-Diane-de-B.-20012-768x923.jpg 768w, https:\/\/www.histoiresgalantes.fr\/blog\/wp-content\/uploads\/2015\/10\/Wallpaper-Diane-de-B.-20012-852x1024.jpg 852w\" sizes=\"auto, (max-width: 1200px) 100vw, 1200px\" \/><\/a>D\u00e9jeuner sur l&#8217;herbe de Philippe Morillon<\/strong><br \/>\nCe papier existe en deux versions. Il est construit comme une paraphrase de Manet revisit\u00e9. Il est bas\u00e9 principalement sur un triangle amoureux \u00e0 la campagne. Ce mod\u00e8le pr\u00e9sente un homme nu comme une alternative \u00e0 la dame nue du tableau du 19\u00e8me si\u00e8cle. Le gar\u00e7on nu n&#8217;a pas de nom. Le personnage v\u00eatu est Fred Hughes, fournisseur d&#8217;Andy Warhol. La dame en robe longue est la Princesse Diane de Beauvau-Craon. Une touffe d&#8217;herbe, des cerises, une pomme, un hamburger, du Coca-Cola et des frites compl\u00e8tent ce d\u00e9jeuner de 1980.<\/p>\n<p>&nbsp;<\/p>\n<p>&nbsp;<\/p>\n<p>&nbsp;<\/p>\n<p>Article \u00a9PFDebert2015<\/p>\n","protected":false},"excerpt":{"rendered":"<p>Diane, la petite derni\u00e8re des princesses de Beauvau-Craon, loin de renier la r\u00e9putation sulfureuse de ses illustres a\u00efeules (les favorites en titre des deux derniers ducs de Lorraine), est dans les ann\u00e9es 70\/80, une des plus incroyables figures du monde underground. Photographi\u00e9e par Andy-Warhol, habitu\u00e9e du Palace, elle est aussi l&#8217;\u00e9g\u00e9rie de l&#8217;artiste Philippe Morillon [&hellip;]<\/p>\n","protected":false},"author":1,"featured_media":2779,"comment_status":"open","ping_status":"open","sticky":false,"template":"","format":"image","meta":{"om_disable_all_campaigns":false,"_monsterinsights_skip_tracking":false,"_monsterinsights_sitenote_active":false,"_monsterinsights_sitenote_note":"","_monsterinsights_sitenote_category":0,"_s2mail":"yes","footnotes":""},"categories":[37,36],"tags":[],"class_list":["post-2775","post","type-post","status-publish","format-image","has-post-thumbnail","hentry","category-anecdotes","category-mme-de-brauvau-craon","post_format-post-format-image"],"aioseo_notices":[],"_links":{"self":[{"href":"https:\/\/www.histoiresgalantes.fr\/blog\/wp-json\/wp\/v2\/posts\/2775","targetHints":{"allow":["GET"]}}],"collection":[{"href":"https:\/\/www.histoiresgalantes.fr\/blog\/wp-json\/wp\/v2\/posts"}],"about":[{"href":"https:\/\/www.histoiresgalantes.fr\/blog\/wp-json\/wp\/v2\/types\/post"}],"author":[{"embeddable":true,"href":"https:\/\/www.histoiresgalantes.fr\/blog\/wp-json\/wp\/v2\/users\/1"}],"replies":[{"embeddable":true,"href":"https:\/\/www.histoiresgalantes.fr\/blog\/wp-json\/wp\/v2\/comments?post=2775"}],"version-history":[{"count":20,"href":"https:\/\/www.histoiresgalantes.fr\/blog\/wp-json\/wp\/v2\/posts\/2775\/revisions"}],"predecessor-version":[{"id":5658,"href":"https:\/\/www.histoiresgalantes.fr\/blog\/wp-json\/wp\/v2\/posts\/2775\/revisions\/5658"}],"wp:featuredmedia":[{"embeddable":true,"href":"https:\/\/www.histoiresgalantes.fr\/blog\/wp-json\/wp\/v2\/media\/2779"}],"wp:attachment":[{"href":"https:\/\/www.histoiresgalantes.fr\/blog\/wp-json\/wp\/v2\/media?parent=2775"}],"wp:term":[{"taxonomy":"category","embeddable":true,"href":"https:\/\/www.histoiresgalantes.fr\/blog\/wp-json\/wp\/v2\/categories?post=2775"},{"taxonomy":"post_tag","embeddable":true,"href":"https:\/\/www.histoiresgalantes.fr\/blog\/wp-json\/wp\/v2\/tags?post=2775"}],"curies":[{"name":"wp","href":"https:\/\/api.w.org\/{rel}","templated":true}]}}