{"id":28065,"date":"2024-09-10T07:36:28","date_gmt":"2024-09-10T06:36:28","guid":{"rendered":"https:\/\/www.histoiresgalantes.fr\/blog\/?p=28065"},"modified":"2024-10-01T13:32:14","modified_gmt":"2024-10-01T12:32:14","slug":"demoiselle-anonyme-du-chatelet","status":"publish","type":"post","link":"https:\/\/www.histoiresgalantes.fr\/blog\/2024\/09\/10\/demoiselle-anonyme-du-chatelet\/","title":{"rendered":"Demoiselle &#8220;anonyme&#8221; du Ch\u00e2telet"},"content":{"rendered":"\n<p>Il y a <strong>275 an<\/strong>s exactement, le <strong>10 septembre 1749<\/strong>, la c\u00e9l\u00e8bre <strong>marquise du Ch\u00e2telet<\/strong> d\u00e9c\u00e9dait \u00e0 <strong>Lun\u00e9ville<\/strong> \u00e0 1 h du matin, 6 jours apr\u00e8s avoir accouch\u00e9 d\u2019une petite fille con\u00e7ue avec son amant M. de Saint-Lambert.<\/p>\n\n\n\n<p>Le jour m\u00eame de la naissance, l&#8217;enfant avait \u00e9t\u00e9 \u00ab ondo\u00ef\u00e9e et batis\u00e9e \u00e0 la Maison \u00bb (c\u2019est \u00e0 dire au ch\u00e2teau de Lun\u00e9ville) mais \u00e9trangement, aucun pr\u00e9nom ne fut inscrit sur son acte de bapt\u00eame.<\/p>\n\n\n\n<p>Plac\u00e9e rapidement en nourrice, l\u2019enfant n\u2019avait toujours pas de pr\u00e9nom lorsque un mois plus tard, le 7 octobre 1749, elle fut nomm\u00e9e \u00ab <strong>Dlle anonyme Du Chastelet<\/strong> \u00bb dans l\u2019inventaire r\u00e9alis\u00e9 rue traversi\u00e8re \u00e0 Paris.<\/p>\n\n\n\n<p>Plus tard elle portera les pr\u00e9noms d\u2019 \u00ab <strong>Ad\u00e9la\u00efde Stanislas<\/strong> \u00bb, mais de sant\u00e9 fragile, elle d\u00e9c\u00e9dera le 6 mai 1751, \u00e2g\u00e9e de 20 mois et deux jours.<\/p>\n\n\n\n<p>Comme l\u2019atteste son certificat de d\u00e9c\u00e8s, elle fut inhum\u00e9e le lendemain dans le \u00ab Cavau des Chanoines r\u00e9guliers \u00bb de l\u2019\u00e9glise Saint-Jacques de Lun\u00e9ville, \u00e0 c\u00f4t\u00e9 de sa c\u00e9l\u00e8bre maman.<\/p>\n\n\n<div class=\"wp-block-image\">\n<figure class=\"aligncenter size-full\"><a href=\"https:\/\/www.histoiresgalantes.fr\/blog\/wp-content\/uploads\/2024\/09\/deces-emilie.jpg\"><img loading=\"lazy\" decoding=\"async\" width=\"756\" height=\"771\" src=\"https:\/\/www.histoiresgalantes.fr\/blog\/wp-content\/uploads\/2024\/09\/deces-emilie.jpg\" alt=\"\" class=\"wp-image-28069\" srcset=\"https:\/\/www.histoiresgalantes.fr\/blog\/wp-content\/uploads\/2024\/09\/deces-emilie.jpg 756w, https:\/\/www.histoiresgalantes.fr\/blog\/wp-content\/uploads\/2024\/09\/deces-emilie-294x300.jpg 294w\" sizes=\"auto, (max-width: 756px) 100vw, 756px\" \/><\/a><figcaption class=\"wp-element-caption\">D\u00e9c\u00e8s Emilie du Chastelet, <em>Journal de Durival<\/em><\/figcaption><\/figure><\/div>","protected":false},"excerpt":{"rendered":"<p>Il y a 275 ans exactement, le 10 septembre 1749, la c\u00e9l\u00e8bre marquise du Ch\u00e2telet d\u00e9c\u00e9dait \u00e0 Lun\u00e9ville \u00e0 1 h du matin, 6 jours apr\u00e8s avoir accouch\u00e9 d\u2019une petite fille con\u00e7ue avec son amant M. de Saint-Lambert. Le jour m\u00eame de la naissance, l&#8217;enfant avait \u00e9t\u00e9 \u00ab ondo\u00ef\u00e9e et batis\u00e9e \u00e0 la Maison \u00bb [&hellip;]<\/p>\n","protected":false},"author":1,"featured_media":28066,"comment_status":"open","ping_status":"open","sticky":false,"template":"","format":"image","meta":{"om_disable_all_campaigns":false,"_monsterinsights_skip_tracking":false,"_monsterinsights_sitenote_active":false,"_monsterinsights_sitenote_note":"","_monsterinsights_sitenote_category":0,"_s2mail":"yes","footnotes":""},"categories":[86,26],"tags":[],"class_list":["post-28065","post","type-post","status-publish","format-image","has-post-thumbnail","hentry","category-femmes-scientifiques","category-mme-du-chatelet","post_format-post-format-image"],"aioseo_notices":[],"_links":{"self":[{"href":"https:\/\/www.histoiresgalantes.fr\/blog\/wp-json\/wp\/v2\/posts\/28065","targetHints":{"allow":["GET"]}}],"collection":[{"href":"https:\/\/www.histoiresgalantes.fr\/blog\/wp-json\/wp\/v2\/posts"}],"about":[{"href":"https:\/\/www.histoiresgalantes.fr\/blog\/wp-json\/wp\/v2\/types\/post"}],"author":[{"embeddable":true,"href":"https:\/\/www.histoiresgalantes.fr\/blog\/wp-json\/wp\/v2\/users\/1"}],"replies":[{"embeddable":true,"href":"https:\/\/www.histoiresgalantes.fr\/blog\/wp-json\/wp\/v2\/comments?post=28065"}],"version-history":[{"count":5,"href":"https:\/\/www.histoiresgalantes.fr\/blog\/wp-json\/wp\/v2\/posts\/28065\/revisions"}],"predecessor-version":[{"id":28317,"href":"https:\/\/www.histoiresgalantes.fr\/blog\/wp-json\/wp\/v2\/posts\/28065\/revisions\/28317"}],"wp:featuredmedia":[{"embeddable":true,"href":"https:\/\/www.histoiresgalantes.fr\/blog\/wp-json\/wp\/v2\/media\/28066"}],"wp:attachment":[{"href":"https:\/\/www.histoiresgalantes.fr\/blog\/wp-json\/wp\/v2\/media?parent=28065"}],"wp:term":[{"taxonomy":"category","embeddable":true,"href":"https:\/\/www.histoiresgalantes.fr\/blog\/wp-json\/wp\/v2\/categories?post=28065"},{"taxonomy":"post_tag","embeddable":true,"href":"https:\/\/www.histoiresgalantes.fr\/blog\/wp-json\/wp\/v2\/tags?post=28065"}],"curies":[{"name":"wp","href":"https:\/\/api.w.org\/{rel}","templated":true}]}}