{"id":2829,"date":"2015-10-24T09:02:37","date_gmt":"2015-10-24T08:02:37","guid":{"rendered":"http:\/\/www.histoiresgalantes.fr\/blog\/?p=2829"},"modified":"2016-03-10T20:58:11","modified_gmt":"2016-03-10T19:58:11","slug":"enquete-sur-le-fils-cache-du-duc-et-de-la-duchesse-du-chatelet","status":"publish","type":"post","link":"https:\/\/www.histoiresgalantes.fr\/blog\/2015\/10\/24\/enquete-sur-le-fils-cache-du-duc-et-de-la-duchesse-du-chatelet\/","title":{"rendered":"Enqu\u00eate sur le fils cach\u00e9 du duc et de la duchesse du Ch\u00e2telet"},"content":{"rendered":"<p>Le<strong> comte Florent-Louis-Marie du Ch\u00e2telet<\/strong> (fils de la <a href=\"https:\/\/www.histoiresgalantes.fr\/blog\/2015\/03\/18\/emilie-du-chatele-portrait\/\">c\u00e9l\u00e8bre Emilie du Ch\u00e2telet<\/a>) \u00e9pouse Diane-Ad\u00e9la\u00efde de Rochechouart le 24 avril 1752.<br \/>\nIl est \u00e0 la fois haut dignitaire de la cour de Versailles et de celle de Lun\u00e9ville. Il re\u00e7oit le titre de duc en 1789 par Louis XV et sera depuis lors connu sous le nom de <strong>duc du Ch\u00e2telet<\/strong>.<br \/>\nNomm\u00e9 colonel des Gardes Fran\u00e7aises, aux premiers troubles de la R\u00e9volution, il est accus\u00e9 de ne pas avoir mat\u00e9 une insurrection de ses soldats et de ce fait d&#8217;avoir \u00e9t\u00e9 une des causes de la R\u00e9volution\u2026 c&#8217;est dingue !<br \/>\nIl reste mod\u00e9r\u00e9 et provoquera m\u00eame une cour martiale pour examiner la conduite des militaires dans<a href=\"https:\/\/www.histoiresgalantes.fr\/blog\/2015\/06\/16\/quand-les-morts-se-reveillent\/\"> l&#8217;affaire de Nancy de 1791<\/a>. Le duc est arr\u00eat\u00e9 malgr\u00e9 la protection de ses soldats qui le cachent \u00e0 plusieurs reprises et il est guillotin\u00e9 le 13 d\u00e9cembre 1793, \u00e2g\u00e9 de soixante-six ans.<br \/>\nSa femme, est arr\u00eat\u00e9e \u00e0 Paris en septembre 1793, elle est accus\u00e9e d&#8217;avoir \u00e9migr\u00e9 et subit alors un interrogatoire qui tente de lui faire avouer l&#8217;endroit o\u00f9 se cacherait son soi-disant fils, le <strong>comte du Ch\u00e2telet<\/strong>*.<br \/>\nIl est fort probable que le quiproco soit n\u00e9 \u00e0 ce moment l\u00e0, (mais c&#8217;est une hypoth\u00e8se) son mari, le comte du ch\u00e2telet ayant re\u00e7u tout fra\u00eechement son titre de duc (1789), il est possible que la police r\u00e9volutionnaire ait continu\u00e9 \u00e0 rechercher un hypoth\u00e9tique comte du Ch\u00e2telet, fils du duc ??<br \/>\nC&#8217;est en tout cas un des chefs d&#8217;accusation qui conduisit la duchesse \u00e0 la guillotine en 1794, elle est accus\u00e9e d&#8217;avoir fait passer des secours \u00e0 son fils \u00e9migr\u00e9\u2026<\/p>\n<p>La l\u00e9gende s&#8217;installe et l&#8217;on retrouve plusieurs versions romanesques de ce fils cach\u00e9 dont celle-ci :<br \/>\n&#8220;<em>A la R\u00e9volution le duc et de la duchesse ayant craint pour la vie de leur fils Paul, s&#8217;en serait s\u00e9par\u00e9 en le confiant (accompagn\u00e9 d&#8217;une bourse d&#8217;or) \u00e0 l&#8217;une de leurs domestiques \u2026 !<\/em><br \/>\n<em> Cette histoire n&#8217;est pas vraisemblable puisque les protagonistes avaient plus de 60 ans \u00e0 la r\u00e9volution et qu&#8217;ils ne pouvaient pas avoir un enfant en bas \u00e2ge !<\/em><br \/>\n<em> C&#8217;est la ni\u00e8ce du duc, la duchesse de Simiane, (que le couple avait adopt\u00e9), qui h\u00e9ritera de la fortune de la famille du Ch\u00e2telet.&#8221;<\/em><\/p>\n<p>&nbsp;<\/p>\n<p>(* sources le pays lorrain 1971 \/ Histoire g\u00e9n\u00e9alogique et h\u00e9raldique des Pairs de France\u2026 J. Courcelles 1827 \/ Biographie des hommes illustres du d\u00e9partement de la C\u00f4te-d&#8217;Or G. Michaud \u200e1858)<\/p>\n<p>Image \u00a9 Chardin<br \/>\nArticle C PFD<\/p>\n<p>&nbsp;<\/p>\n","protected":false},"excerpt":{"rendered":"<p>Le comte Florent-Louis-Marie du Ch\u00e2telet (fils de la c\u00e9l\u00e8bre Emilie du Ch\u00e2telet) \u00e9pouse Diane-Ad\u00e9la\u00efde de Rochechouart le 24 avril 1752. Il est \u00e0 la fois haut dignitaire de la cour de Versailles et de celle de Lun\u00e9ville. Il re\u00e7oit le titre de duc en 1789 par Louis XV et sera depuis lors connu sous le [&hellip;]<\/p>\n","protected":false},"author":1,"featured_media":2830,"comment_status":"open","ping_status":"open","sticky":false,"template":"","format":"image","meta":{"om_disable_all_campaigns":false,"_monsterinsights_skip_tracking":false,"_monsterinsights_sitenote_active":false,"_monsterinsights_sitenote_note":"","_monsterinsights_sitenote_category":0,"_s2mail":"yes","footnotes":""},"categories":[14],"tags":[],"class_list":["post-2829","post","type-post","status-publish","format-image","has-post-thumbnail","hentry","category-insolite","post_format-post-format-image"],"aioseo_notices":[],"_links":{"self":[{"href":"https:\/\/www.histoiresgalantes.fr\/blog\/wp-json\/wp\/v2\/posts\/2829","targetHints":{"allow":["GET"]}}],"collection":[{"href":"https:\/\/www.histoiresgalantes.fr\/blog\/wp-json\/wp\/v2\/posts"}],"about":[{"href":"https:\/\/www.histoiresgalantes.fr\/blog\/wp-json\/wp\/v2\/types\/post"}],"author":[{"embeddable":true,"href":"https:\/\/www.histoiresgalantes.fr\/blog\/wp-json\/wp\/v2\/users\/1"}],"replies":[{"embeddable":true,"href":"https:\/\/www.histoiresgalantes.fr\/blog\/wp-json\/wp\/v2\/comments?post=2829"}],"version-history":[{"count":7,"href":"https:\/\/www.histoiresgalantes.fr\/blog\/wp-json\/wp\/v2\/posts\/2829\/revisions"}],"predecessor-version":[{"id":3419,"href":"https:\/\/www.histoiresgalantes.fr\/blog\/wp-json\/wp\/v2\/posts\/2829\/revisions\/3419"}],"wp:featuredmedia":[{"embeddable":true,"href":"https:\/\/www.histoiresgalantes.fr\/blog\/wp-json\/wp\/v2\/media\/2830"}],"wp:attachment":[{"href":"https:\/\/www.histoiresgalantes.fr\/blog\/wp-json\/wp\/v2\/media?parent=2829"}],"wp:term":[{"taxonomy":"category","embeddable":true,"href":"https:\/\/www.histoiresgalantes.fr\/blog\/wp-json\/wp\/v2\/categories?post=2829"},{"taxonomy":"post_tag","embeddable":true,"href":"https:\/\/www.histoiresgalantes.fr\/blog\/wp-json\/wp\/v2\/tags?post=2829"}],"curies":[{"name":"wp","href":"https:\/\/api.w.org\/{rel}","templated":true}]}}