{"id":2853,"date":"2015-10-26T09:02:16","date_gmt":"2015-10-26T08:02:16","guid":{"rendered":"http:\/\/www.histoiresgalantes.fr\/blog\/?p=2853"},"modified":"2018-01-24T21:29:53","modified_gmt":"2018-01-24T20:29:53","slug":"une-chapelle-multifonction","status":"publish","type":"post","link":"https:\/\/www.histoiresgalantes.fr\/blog\/2015\/10\/26\/une-chapelle-multifonction\/","title":{"rendered":"Une chapelle multifonction !"},"content":{"rendered":"<p>La <strong>chapelle de la Visitation<\/strong> qui se trouve actuellement au sein du lyc\u00e9e Poincar\u00e9 a plus d&#8217;une histoire \u00e0 raconter !<br \/>\nPremier \u00e9difice de style n\u00e9oclassique en Lorraine, ce b\u00e2timent, surmont\u00e9 d&#8217;une coupole est construit en 1780 par les s\u0153urs de la Visitation et sera successivement :<br \/>\n&#8211; <strong>de 1780 \u00e0 1789<\/strong>, un lieu de recueillement pour les s\u0153urs et un endroit de r\u00e9union pour les francs-ma\u00e7ons(1),<br \/>\n&#8211; <strong>en 1789<\/strong>, le premier mus\u00e9e de Nancy (mus\u00e9e des saisies r\u00e9volu<span class=\"text_exposed_show\">tionnaires o\u00f9 tr\u00e8s vite vont s&#8217;entasser des empilements de tableaux et d\u2019\u0153uvres d\u2019art),<br \/>\n&#8211; <strong>en 1802<\/strong>, la premi\u00e8re Ecole des Beaux-Arts,<br \/>\n&#8211; <strong>en 1870,<\/strong> une prison, les officiers fran\u00e7ais sont emprisonn\u00e9s dans ses caves pendant la guerre franco-prussienne<br \/>\n\u2026 actuellement la chapelle sert de sc\u00e8ne de th\u00e9\u00e2tre occasionnelle pour les \u00e9tudiants du Lyc\u00e9e Poincar\u00e9 !<\/span><\/p>\n<div class=\"text_exposed_show\">\n<p>(1) Les francs-ma\u00e7ons contribuent au financement de la chapelle. car \u00ab Le neveu d\u2019une m\u00e8re sup\u00e9rieure est franc-ma\u00e7on \u00bb, Il a sa b\u00e9n\u00e9diction pour y organiser des r\u00e9unions. \u00c0 la mort de sa tante, il trouve un arrangement financier avec celle qui lui succ\u00e9de. Voil\u00e0 pourquoi plusieurs symboles francs-ma\u00e7ons sont taill\u00e9s dans les pierres de l\u2019\u00e9difice. source Jean-Fran\u00e7ois Cl\u00e9ment<br \/>\ntr\u00e8s bel article sur :<br \/>\n<a href=\"http:\/\/www.estrepublicain.fr\/meurthe-et-moselle\/2015\/01\/18\/les-secrets-de-la-chapelle-poincare\" target=\"_blank\" rel=\"nofollow\">http:\/\/www.estrepublicain.fr\/\u2026\/les-secrets-de-la-chapelle-p\u2026<\/a><br \/>\nPhoto\/article \u00a9 PFD<\/p>\n<p><a href=\"https:\/\/www.histoiresgalantes.fr\/blog\/wp-content\/uploads\/2015\/10\/chapelle4.jpg\"><img loading=\"lazy\" decoding=\"async\" class=\"alignnone size-full wp-image-2857\" src=\"https:\/\/www.histoiresgalantes.fr\/blog\/wp-content\/uploads\/2015\/10\/chapelle4.jpg\" alt=\"chapelle4\" width=\"467\" height=\"700\" srcset=\"https:\/\/www.histoiresgalantes.fr\/blog\/wp-content\/uploads\/2015\/10\/chapelle4.jpg 467w, https:\/\/www.histoiresgalantes.fr\/blog\/wp-content\/uploads\/2015\/10\/chapelle4-200x300.jpg 200w\" sizes=\"auto, (max-width: 467px) 100vw, 467px\" \/><\/a>\u00a0<a href=\"https:\/\/www.histoiresgalantes.fr\/blog\/wp-content\/uploads\/2015\/10\/chapelle.jpg\"><img loading=\"lazy\" decoding=\"async\" class=\"alignnone size-full wp-image-2856\" src=\"https:\/\/www.histoiresgalantes.fr\/blog\/wp-content\/uploads\/2015\/10\/chapelle.jpg\" alt=\"chapelle\" width=\"800\" height=\"533\" srcset=\"https:\/\/www.histoiresgalantes.fr\/blog\/wp-content\/uploads\/2015\/10\/chapelle.jpg 800w, https:\/\/www.histoiresgalantes.fr\/blog\/wp-content\/uploads\/2015\/10\/chapelle-300x200.jpg 300w, https:\/\/www.histoiresgalantes.fr\/blog\/wp-content\/uploads\/2015\/10\/chapelle-768x512.jpg 768w, https:\/\/www.histoiresgalantes.fr\/blog\/wp-content\/uploads\/2015\/10\/chapelle-330x220.jpg 330w\" sizes=\"auto, (max-width: 800px) 100vw, 800px\" \/><\/a><\/p>\n<\/div>\n","protected":false},"excerpt":{"rendered":"<p>La chapelle de la Visitation qui se trouve actuellement au sein du lyc\u00e9e Poincar\u00e9 a plus d&#8217;une histoire \u00e0 raconter ! Premier \u00e9difice de style n\u00e9oclassique en Lorraine, ce b\u00e2timent, surmont\u00e9 d&#8217;une coupole est construit en 1780 par les s\u0153urs de la Visitation et sera successivement : &#8211; de 1780 \u00e0 1789, un lieu de [&hellip;]<\/p>\n","protected":false},"author":1,"featured_media":2855,"comment_status":"open","ping_status":"open","sticky":false,"template":"","format":"image","meta":{"om_disable_all_campaigns":false,"_monsterinsights_skip_tracking":false,"_monsterinsights_sitenote_active":false,"_monsterinsights_sitenote_note":"","_monsterinsights_sitenote_category":0,"_s2mail":"yes","footnotes":""},"categories":[32,65,14],"tags":[],"class_list":["post-2853","post","type-post","status-publish","format-image","has-post-thumbnail","hentry","category-sites-a-visiter","category-secrets-de-nancy","category-insolite","post_format-post-format-image"],"aioseo_notices":[],"_links":{"self":[{"href":"https:\/\/www.histoiresgalantes.fr\/blog\/wp-json\/wp\/v2\/posts\/2853","targetHints":{"allow":["GET"]}}],"collection":[{"href":"https:\/\/www.histoiresgalantes.fr\/blog\/wp-json\/wp\/v2\/posts"}],"about":[{"href":"https:\/\/www.histoiresgalantes.fr\/blog\/wp-json\/wp\/v2\/types\/post"}],"author":[{"embeddable":true,"href":"https:\/\/www.histoiresgalantes.fr\/blog\/wp-json\/wp\/v2\/users\/1"}],"replies":[{"embeddable":true,"href":"https:\/\/www.histoiresgalantes.fr\/blog\/wp-json\/wp\/v2\/comments?post=2853"}],"version-history":[{"count":1,"href":"https:\/\/www.histoiresgalantes.fr\/blog\/wp-json\/wp\/v2\/posts\/2853\/revisions"}],"predecessor-version":[{"id":2858,"href":"https:\/\/www.histoiresgalantes.fr\/blog\/wp-json\/wp\/v2\/posts\/2853\/revisions\/2858"}],"wp:featuredmedia":[{"embeddable":true,"href":"https:\/\/www.histoiresgalantes.fr\/blog\/wp-json\/wp\/v2\/media\/2855"}],"wp:attachment":[{"href":"https:\/\/www.histoiresgalantes.fr\/blog\/wp-json\/wp\/v2\/media?parent=2853"}],"wp:term":[{"taxonomy":"category","embeddable":true,"href":"https:\/\/www.histoiresgalantes.fr\/blog\/wp-json\/wp\/v2\/categories?post=2853"},{"taxonomy":"post_tag","embeddable":true,"href":"https:\/\/www.histoiresgalantes.fr\/blog\/wp-json\/wp\/v2\/tags?post=2853"}],"curies":[{"name":"wp","href":"https:\/\/api.w.org\/{rel}","templated":true}]}}