{"id":29427,"date":"2025-03-17T19:37:46","date_gmt":"2025-03-17T18:37:46","guid":{"rendered":"https:\/\/www.histoiresgalantes.fr\/blog\/?p=29427"},"modified":"2025-03-22T21:50:42","modified_gmt":"2025-03-22T20:50:42","slug":"les-femmes-a-lhonneur-avec-ce-superbe-portrait-aux-trois-crayons-de-jeanne-dabos-une-artiste-lorraine","status":"publish","type":"post","link":"https:\/\/www.histoiresgalantes.fr\/blog\/2025\/03\/17\/les-femmes-a-lhonneur-avec-ce-superbe-portrait-aux-trois-crayons-de-jeanne-dabos-une-artiste-lorraine\/","title":{"rendered":"Les femmes \u00e0 l&#8217;honneur, avec un superbe portrait aux trois crayons de Jeanne Dabos, une artiste lorraine m\u00e9connue !"},"content":{"rendered":"\n<p>[Exposition Paris]<br><strong>Portraits &amp; Paysages des XVIIIe et XIXe si\u00e8cles<\/strong><br>(Une place toute particuli\u00e8re sera faite aux artistes femmes.)<br>Du jeudi 27 mars au mercredi 2 avril 2025<br>\u00e0 La Galerie Pierre Brost<br>5, rue Auber 75 009 Paris<\/p>\n\n\n\n<figure class=\"wp-block-image size-large\"><a href=\"https:\/\/www.histoiresgalantes.fr\/blog\/wp-content\/uploads\/2025\/03\/jeanne-dabos-scaled.jpg\"><img loading=\"lazy\" decoding=\"async\" width=\"1024\" height=\"1024\" src=\"https:\/\/www.histoiresgalantes.fr\/blog\/wp-content\/uploads\/2025\/03\/jeanne-dabos-1024x1024.jpg\" alt=\"\" class=\"wp-image-29428\" srcset=\"https:\/\/www.histoiresgalantes.fr\/blog\/wp-content\/uploads\/2025\/03\/jeanne-dabos-1024x1024.jpg 1024w, https:\/\/www.histoiresgalantes.fr\/blog\/wp-content\/uploads\/2025\/03\/jeanne-dabos-300x300.jpg 300w, https:\/\/www.histoiresgalantes.fr\/blog\/wp-content\/uploads\/2025\/03\/jeanne-dabos-150x150.jpg 150w, https:\/\/www.histoiresgalantes.fr\/blog\/wp-content\/uploads\/2025\/03\/jeanne-dabos-768x768.jpg 768w, https:\/\/www.histoiresgalantes.fr\/blog\/wp-content\/uploads\/2025\/03\/jeanne-dabos-1536x1536.jpg 1536w, https:\/\/www.histoiresgalantes.fr\/blog\/wp-content\/uploads\/2025\/03\/jeanne-dabos-2048x2048.jpg 2048w\" sizes=\"auto, (max-width: 1024px) 100vw, 1024px\" \/><\/a><figcaption class=\"wp-element-caption\"><em>Portrait pr\u00e9sum\u00e9 de Mlle Capet<\/em>, c.1790, Jeanne Dabos  \u00a9 galerie Pierre Brost<\/figcaption><\/figure>\n\n\n\n<p><br><strong>Dabos Jeanne<\/strong> (1763-1842)<br>FranceJeanne Dabos, n\u00e9e <strong>Bernard<\/strong>, est une peintre en miniature et pastelliste fran\u00e7aise active au tournant des XVIIIe et XIXe s.<br>N\u00e9e \u00e0 Lun\u00e9ville, elle est la fille et l\u2019\u00e9l\u00e8ve du calligraphe lorrain <strong>Jean Joseph Bernard.<\/strong><br>Son grand p\u00e8re maternel est Georges Brute, huissier au baillage de Lun\u00e9ville. Sa m\u00e8re est Rose Brute.<br>Elle \u00e9pouse le peintre <strong>Laurent Dabos<\/strong>.<br>Form\u00e9e dans l\u2019atelier de la c\u00e9l\u00e8bre portraitiste <strong>Ad\u00e9la\u00efde Labille-Guiard<\/strong>, elle expose aux Salons de 1802 \u00e0 1835 et re\u00e7oit une m\u00e9daille d\u2019or de la part de Marie Louise de Bourbon, reine d\u2019\u00c9trurie.<br>(<em>Dictionnaire des femmes artistes<\/em>, Liralest, 2023)<br><br>Illustrations :<br><em>Atelier de femmes<\/em>, c. 1800, \u00e9cole fran\u00e7aise.<br><em>Portrait pr\u00e9sum\u00e9 de Melle CAPET<\/em>, trois crayons, c. 1790, Jeanne DABOS.<br><\/p>\n\n\n<div class=\"wp-block-image\">\n<figure class=\"aligncenter size-large\"><a href=\"https:\/\/www.histoiresgalantes.fr\/blog\/wp-content\/uploads\/2025\/03\/expo-brost-scaled.jpg\"><img loading=\"lazy\" decoding=\"async\" width=\"724\" height=\"1024\" src=\"https:\/\/www.histoiresgalantes.fr\/blog\/wp-content\/uploads\/2025\/03\/expo-brost-724x1024.jpg\" alt=\"\" class=\"wp-image-29429\" srcset=\"https:\/\/www.histoiresgalantes.fr\/blog\/wp-content\/uploads\/2025\/03\/expo-brost-724x1024.jpg 724w, https:\/\/www.histoiresgalantes.fr\/blog\/wp-content\/uploads\/2025\/03\/expo-brost-212x300.jpg 212w, https:\/\/www.histoiresgalantes.fr\/blog\/wp-content\/uploads\/2025\/03\/expo-brost-768x1086.jpg 768w, https:\/\/www.histoiresgalantes.fr\/blog\/wp-content\/uploads\/2025\/03\/expo-brost-1086x1536.jpg 1086w, https:\/\/www.histoiresgalantes.fr\/blog\/wp-content\/uploads\/2025\/03\/expo-brost-1448x2048.jpg 1448w, https:\/\/www.histoiresgalantes.fr\/blog\/wp-content\/uploads\/2025\/03\/expo-brost-scaled.jpg 1810w\" sizes=\"auto, (max-width: 724px) 100vw, 724px\" \/><\/a><figcaption class=\"wp-element-caption\">\u00a9 galerie Pierre Brost<\/figcaption><\/figure><\/div>\n\n\n<figure class=\"wp-block-image size-large\"><a href=\"https:\/\/www.histoiresgalantes.fr\/blog\/wp-content\/uploads\/2025\/03\/petite-huile-sur-toile-atelier-dartiste-femme-1-scaled.jpg\"><img loading=\"lazy\" decoding=\"async\" width=\"1024\" height=\"796\" src=\"https:\/\/www.histoiresgalantes.fr\/blog\/wp-content\/uploads\/2025\/03\/petite-huile-sur-toile-atelier-dartiste-femme-1-1024x796.jpg\" alt=\"\" class=\"wp-image-29431\" srcset=\"https:\/\/www.histoiresgalantes.fr\/blog\/wp-content\/uploads\/2025\/03\/petite-huile-sur-toile-atelier-dartiste-femme-1-1024x796.jpg 1024w, https:\/\/www.histoiresgalantes.fr\/blog\/wp-content\/uploads\/2025\/03\/petite-huile-sur-toile-atelier-dartiste-femme-1-300x233.jpg 300w, https:\/\/www.histoiresgalantes.fr\/blog\/wp-content\/uploads\/2025\/03\/petite-huile-sur-toile-atelier-dartiste-femme-1-768x597.jpg 768w, https:\/\/www.histoiresgalantes.fr\/blog\/wp-content\/uploads\/2025\/03\/petite-huile-sur-toile-atelier-dartiste-femme-1-1536x1194.jpg 1536w, https:\/\/www.histoiresgalantes.fr\/blog\/wp-content\/uploads\/2025\/03\/petite-huile-sur-toile-atelier-dartiste-femme-1-2048x1592.jpg 2048w\" sizes=\"auto, (max-width: 1024px) 100vw, 1024px\" \/><\/a><figcaption class=\"wp-element-caption\"><em>Atelier de femmes, <\/em>1800, \u00e9cole fran\u00e7aise XVIIIe s., \u00a9 galerie Pierre Brost<\/figcaption><\/figure>\n","protected":false},"excerpt":{"rendered":"<p>[Exposition Paris]Portraits &amp; Paysages des XVIIIe et XIXe si\u00e8cles(Une place toute particuli\u00e8re sera faite aux artistes femmes.)Du jeudi 27 mars au mercredi 2 avril 2025\u00e0 La Galerie Pierre Brost5, rue Auber 75 009 Paris Dabos Jeanne (1763-1842)FranceJeanne Dabos, n\u00e9e Bernard, est une peintre en miniature et pastelliste fran\u00e7aise active au tournant des XVIIIe et XIXe [&hellip;]<\/p>\n","protected":false},"author":1,"featured_media":29436,"comment_status":"open","ping_status":"open","sticky":false,"template":"","format":"image","meta":{"om_disable_all_campaigns":false,"_monsterinsights_skip_tracking":false,"_monsterinsights_sitenote_active":false,"_monsterinsights_sitenote_note":"","_monsterinsights_sitenote_category":0,"_s2mail":"","footnotes":""},"categories":[29,61],"tags":[],"class_list":["post-29427","post","type-post","status-publish","format-image","has-post-thumbnail","hentry","category-evenements","category-femmes-peintres","post_format-post-format-image"],"aioseo_notices":[],"_links":{"self":[{"href":"https:\/\/www.histoiresgalantes.fr\/blog\/wp-json\/wp\/v2\/posts\/29427","targetHints":{"allow":["GET"]}}],"collection":[{"href":"https:\/\/www.histoiresgalantes.fr\/blog\/wp-json\/wp\/v2\/posts"}],"about":[{"href":"https:\/\/www.histoiresgalantes.fr\/blog\/wp-json\/wp\/v2\/types\/post"}],"author":[{"embeddable":true,"href":"https:\/\/www.histoiresgalantes.fr\/blog\/wp-json\/wp\/v2\/users\/1"}],"replies":[{"embeddable":true,"href":"https:\/\/www.histoiresgalantes.fr\/blog\/wp-json\/wp\/v2\/comments?post=29427"}],"version-history":[{"count":7,"href":"https:\/\/www.histoiresgalantes.fr\/blog\/wp-json\/wp\/v2\/posts\/29427\/revisions"}],"predecessor-version":[{"id":29481,"href":"https:\/\/www.histoiresgalantes.fr\/blog\/wp-json\/wp\/v2\/posts\/29427\/revisions\/29481"}],"wp:featuredmedia":[{"embeddable":true,"href":"https:\/\/www.histoiresgalantes.fr\/blog\/wp-json\/wp\/v2\/media\/29436"}],"wp:attachment":[{"href":"https:\/\/www.histoiresgalantes.fr\/blog\/wp-json\/wp\/v2\/media?parent=29427"}],"wp:term":[{"taxonomy":"category","embeddable":true,"href":"https:\/\/www.histoiresgalantes.fr\/blog\/wp-json\/wp\/v2\/categories?post=29427"},{"taxonomy":"post_tag","embeddable":true,"href":"https:\/\/www.histoiresgalantes.fr\/blog\/wp-json\/wp\/v2\/tags?post=29427"}],"curies":[{"name":"wp","href":"https:\/\/api.w.org\/{rel}","templated":true}]}}