{"id":2994,"date":"2016-01-04T17:31:49","date_gmt":"2016-01-04T16:31:49","guid":{"rendered":"http:\/\/www.histoiresgalantes.fr\/blog\/?p=2994"},"modified":"2016-01-18T21:56:45","modified_gmt":"2016-01-18T20:56:45","slug":"allegorie-du-temps-enlevant-un-enfant-1740","status":"publish","type":"post","link":"https:\/\/www.histoiresgalantes.fr\/blog\/2016\/01\/04\/allegorie-du-temps-enlevant-un-enfant-1740\/","title":{"rendered":"All\u00e9gorie du Temps enlevant un enfant &#8211; 1740"},"content":{"rendered":"<p><a href=\"https:\/\/www.histoiresgalantes.fr\/blog\/2015\/05\/04\/emilie-visionnaire\/\"><strong>Emilie du Ch\u00e2telet<\/strong><\/a>, c\u00e9l\u00e8bre math\u00e9maticienne lorraine (et fran\u00e7aise) du XVIIIe si\u00e8cle, dont le travail influen\u00e7a<strong> Einstein<\/strong> et dont le g\u00e9nie fut oubli\u00e9 au XIXe puis au XXe si\u00e8cle, sort tout doucement de l&#8217;oubli. On peut acc\u00e9der d\u00e9sormais librement, notamment sur Gallica, \u00e0 ses nombreuses productions.<br \/>\nOn peut constater, en admirant son choix de gravures pour ses <strong>&#8220;institutions de physique&#8221;<\/strong>, [livre qu&#8217;elle \u00e9crivit en 1740 pour expliquer les lois de la physique \u00e0 ses enfants], \u00e0 quel point la transmission lui est ch\u00e8re, et \u00e0 quel point elle aime ses enfants.<br \/>\nElle \u00e9voque m\u00eame, pour son chapitre sur le temps, avec beaucoup de pudeur et de tristesse et gr\u00e2ce \u00e0 une tr\u00e8s belle all\u00e9gorie, la perte de son troisi\u00e8me enfant, Victor-Esprit, d\u00e9c\u00e9d\u00e9 \u00e0 l&#8217;\u00e2ge de 1 an, en 1733.<\/p>\n<p><a href=\"https:\/\/www.histoiresgalantes.fr\/blog\/wp-content\/uploads\/2016\/01\/temps13.png\"><img loading=\"lazy\" decoding=\"async\" class=\"alignnone size-full wp-image-3014\" src=\"https:\/\/www.histoiresgalantes.fr\/blog\/wp-content\/uploads\/2016\/01\/temps13.png\" alt=\"temps13\" width=\"568\" height=\"948\" srcset=\"https:\/\/www.histoiresgalantes.fr\/blog\/wp-content\/uploads\/2016\/01\/temps13.png 568w, https:\/\/www.histoiresgalantes.fr\/blog\/wp-content\/uploads\/2016\/01\/temps13-180x300.png 180w\" sizes=\"auto, (max-width: 568px) 100vw, 568px\" \/><\/a>\u00a0\u00a0 <a href=\"https:\/\/www.histoiresgalantes.fr\/blog\/wp-content\/uploads\/2016\/01\/temps16.png\"><img loading=\"lazy\" decoding=\"async\" class=\"alignnone size-full wp-image-3017\" src=\"https:\/\/www.histoiresgalantes.fr\/blog\/wp-content\/uploads\/2016\/01\/temps16.png\" alt=\"temps16\" width=\"569\" height=\"948\" srcset=\"https:\/\/www.histoiresgalantes.fr\/blog\/wp-content\/uploads\/2016\/01\/temps16.png 569w, https:\/\/www.histoiresgalantes.fr\/blog\/wp-content\/uploads\/2016\/01\/temps16-180x300.png 180w\" sizes=\"auto, (max-width: 569px) 100vw, 569px\" \/><\/a>\u00a0\u00a0 <a href=\"https:\/\/www.histoiresgalantes.fr\/blog\/wp-content\/uploads\/2016\/01\/temps121.png\"><img loading=\"lazy\" decoding=\"async\" class=\"alignnone size-full wp-image-3022\" src=\"https:\/\/www.histoiresgalantes.fr\/blog\/wp-content\/uploads\/2016\/01\/temps121.png\" alt=\"temps121\" width=\"561\" height=\"950\" srcset=\"https:\/\/www.histoiresgalantes.fr\/blog\/wp-content\/uploads\/2016\/01\/temps121.png 561w, https:\/\/www.histoiresgalantes.fr\/blog\/wp-content\/uploads\/2016\/01\/temps121-177x300.png 177w\" sizes=\"auto, (max-width: 561px) 100vw, 561px\" \/><\/a><\/p>\n","protected":false},"excerpt":{"rendered":"<p>Emilie du Ch\u00e2telet, c\u00e9l\u00e8bre math\u00e9maticienne lorraine (et fran\u00e7aise) du XVIIIe si\u00e8cle, dont le travail influen\u00e7a Einstein et dont le g\u00e9nie fut oubli\u00e9 au XIXe puis au XXe si\u00e8cle, sort tout doucement de l&#8217;oubli. On peut acc\u00e9der d\u00e9sormais librement, notamment sur Gallica, \u00e0 ses nombreuses productions. On peut constater, en admirant son choix de gravures pour [&hellip;]<\/p>\n","protected":false},"author":1,"featured_media":3007,"comment_status":"open","ping_status":"open","sticky":false,"template":"","format":"image","meta":{"om_disable_all_campaigns":false,"_monsterinsights_skip_tracking":false,"_monsterinsights_sitenote_active":false,"_monsterinsights_sitenote_note":"","_monsterinsights_sitenote_category":0,"_s2mail":"yes","footnotes":""},"categories":[13,26],"tags":[],"class_list":["post-2994","post","type-post","status-publish","format-image","has-post-thumbnail","hentry","category-cour-de-stanislas","category-mme-du-chatelet","post_format-post-format-image"],"aioseo_notices":[],"_links":{"self":[{"href":"https:\/\/www.histoiresgalantes.fr\/blog\/wp-json\/wp\/v2\/posts\/2994","targetHints":{"allow":["GET"]}}],"collection":[{"href":"https:\/\/www.histoiresgalantes.fr\/blog\/wp-json\/wp\/v2\/posts"}],"about":[{"href":"https:\/\/www.histoiresgalantes.fr\/blog\/wp-json\/wp\/v2\/types\/post"}],"author":[{"embeddable":true,"href":"https:\/\/www.histoiresgalantes.fr\/blog\/wp-json\/wp\/v2\/users\/1"}],"replies":[{"embeddable":true,"href":"https:\/\/www.histoiresgalantes.fr\/blog\/wp-json\/wp\/v2\/comments?post=2994"}],"version-history":[{"count":10,"href":"https:\/\/www.histoiresgalantes.fr\/blog\/wp-json\/wp\/v2\/posts\/2994\/revisions"}],"predecessor-version":[{"id":3135,"href":"https:\/\/www.histoiresgalantes.fr\/blog\/wp-json\/wp\/v2\/posts\/2994\/revisions\/3135"}],"wp:featuredmedia":[{"embeddable":true,"href":"https:\/\/www.histoiresgalantes.fr\/blog\/wp-json\/wp\/v2\/media\/3007"}],"wp:attachment":[{"href":"https:\/\/www.histoiresgalantes.fr\/blog\/wp-json\/wp\/v2\/media?parent=2994"}],"wp:term":[{"taxonomy":"category","embeddable":true,"href":"https:\/\/www.histoiresgalantes.fr\/blog\/wp-json\/wp\/v2\/categories?post=2994"},{"taxonomy":"post_tag","embeddable":true,"href":"https:\/\/www.histoiresgalantes.fr\/blog\/wp-json\/wp\/v2\/tags?post=2994"}],"curies":[{"name":"wp","href":"https:\/\/api.w.org\/{rel}","templated":true}]}}