{"id":30415,"date":"2025-09-07T14:10:48","date_gmt":"2025-09-07T13:10:48","guid":{"rendered":"https:\/\/www.histoiresgalantes.fr\/blog\/?p=30415"},"modified":"2025-09-08T20:31:36","modified_gmt":"2025-09-08T19:31:36","slug":"marie-anne-collot-a-paris","status":"publish","type":"post","link":"https:\/\/www.histoiresgalantes.fr\/blog\/2025\/09\/07\/marie-anne-collot-a-paris\/","title":{"rendered":"Marie-Anne Collot \u00e0 Paris [\u00c9pisode 2]"},"content":{"rendered":"\n<p>La capitale garde encore de pr\u00e9cieux t\u00e9moignages de celles et ceux, philosophes, artistes et litt\u00e9rateurs qui &#8220;refaisaient&#8221; le monde dans les salons de <strong>Mme Geoffrin<\/strong>, de <strong>Mme d\u2019Epinay<\/strong>, ou encore \u00e0 <strong>la Chaumi\u00e8re<\/strong>, atelier-maison du sculpteur <strong>Falconet<\/strong>.<br>Emboitons le pas de<a href=\"https:\/\/www.histoiresgalantes.fr\/blog\/2025\/05\/03\/decouvrez-lascension-vertigineuse-de-marie-anne-collot-modele-datelier-du-louvre-devenue-une-sculptrice-copiee-par-les-plus-grands-statuaires-de-son-temps\/\" target=\"_blank\" rel=\"noopener\" title=\"\"> <strong>Marie-Anne Collot<\/strong><\/a>, pour d\u00e9couvrir son immeuble<strong>, rue de la Regrati\u00e8re<\/strong>, autrefois rue de La-Femme-sans-T\u00eate, sur l\u2019\u00cele Saint-Louis, ou encore l\u2019entr\u00e9e de la cour <strong>Carr\u00e9e du Louvre<\/strong>, rue de Rivoli, qui desservait les ateliers de sculpture et de peinture de l\u2019Acad\u00e9mie royale.<br><strong>L\u2019\u00e9glise Saint-Roch<\/strong> conserve aussi des souvenirs rares de cette \u00e9poque.<br>Cette \u00e9glise, dont la premi\u00e8re pierre fut pos\u00e9e par Louis XIV en 1653, est l\u2019une des plus plus grandes de Paris.<br>Administr\u00e9e au XVIIIe s. par le <strong>cur\u00e9 Marduel,<\/strong> tr\u00e8s bon ami de Falconet, elle comporte, au d\u00e9tour de ses nombreuses chapelles, les chefs-d\u2019\u0153uvre des artistes <strong>Jean-Baptiste Lemoyne (I et II), Falconet, Coustou, Huez, Coysevox, Pierre<\/strong>, \u2026<br>De nombreuses personnalit\u00e9s furent inhum\u00e9es \u00e0 Saint-Roch : <strong>Mme Geoffrin, la princesse de Conti, Pierre Corneille, Diderot, Moli\u00e8re, Jean de la Fontaine, Bossuet, Fragonard, Alfred de Musset, Maupertuis<\/strong>, etc.<br>Leurs d\u00e9pouilles, profan\u00e9es \u00e0 la R\u00e9volution, reposent sous l&#8217;autel de la chapelle de la Vierge, sous la <em>Gloire<\/em> de Falconet.<br>Saviez-vous que les angelots de la Gloire de Falconet \u00e9taient en porcelaine de S\u00e8vres ? A l\u2019\u00e9poque, Etienne-Maurice Falconet \u00e9tait directeur des ateliers de modelage de la manufacture de Mme de Pompadour.<br>Photographies \u00a9 PFD 2025<\/p>\n\n\n<div class=\"wp-block-image\">\n<figure class=\"aligncenter size-large\"><a href=\"https:\/\/www.histoiresgalantes.fr\/blog\/wp-content\/uploads\/2025\/09\/IMG_6533c.jpg\"><img loading=\"lazy\" decoding=\"async\" width=\"682\" height=\"1024\" src=\"https:\/\/www.histoiresgalantes.fr\/blog\/wp-content\/uploads\/2025\/09\/IMG_6533c-682x1024.jpg\" alt=\"\" class=\"wp-image-30417\" srcset=\"https:\/\/www.histoiresgalantes.fr\/blog\/wp-content\/uploads\/2025\/09\/IMG_6533c-682x1024.jpg 682w, https:\/\/www.histoiresgalantes.fr\/blog\/wp-content\/uploads\/2025\/09\/IMG_6533c-200x300.jpg 200w, https:\/\/www.histoiresgalantes.fr\/blog\/wp-content\/uploads\/2025\/09\/IMG_6533c-768x1152.jpg 768w, https:\/\/www.histoiresgalantes.fr\/blog\/wp-content\/uploads\/2025\/09\/IMG_6533c-1024x1536.jpg 1024w, https:\/\/www.histoiresgalantes.fr\/blog\/wp-content\/uploads\/2025\/09\/IMG_6533c.jpg 1333w\" sizes=\"auto, (max-width: 682px) 100vw, 682px\" \/><\/a><figcaption class=\"wp-element-caption\">Rue Regrati\u00e8re, \u00cele saint-Louis<\/figcaption><\/figure><\/div>\n\n<div class=\"wp-block-image\">\n<figure class=\"aligncenter size-large\"><a href=\"https:\/\/www.histoiresgalantes.fr\/blog\/wp-content\/uploads\/2025\/09\/IMG_9979.jpg\"><img loading=\"lazy\" decoding=\"async\" width=\"768\" height=\"1024\" src=\"https:\/\/www.histoiresgalantes.fr\/blog\/wp-content\/uploads\/2025\/09\/IMG_9979-768x1024.jpg\" alt=\"\" class=\"wp-image-30418\" srcset=\"https:\/\/www.histoiresgalantes.fr\/blog\/wp-content\/uploads\/2025\/09\/IMG_9979-768x1024.jpg 768w, https:\/\/www.histoiresgalantes.fr\/blog\/wp-content\/uploads\/2025\/09\/IMG_9979-225x300.jpg 225w, https:\/\/www.histoiresgalantes.fr\/blog\/wp-content\/uploads\/2025\/09\/IMG_9979-1152x1536.jpg 1152w, https:\/\/www.histoiresgalantes.fr\/blog\/wp-content\/uploads\/2025\/09\/IMG_9979.jpg 1500w\" sizes=\"auto, (max-width: 768px) 100vw, 768px\" \/><\/a><figcaption class=\"wp-element-caption\">Immeuble o\u00f9 v\u00e9cut Falconete &amp;  Marie-Anne Collot rue Regrati\u00e8re, \u00cele saint-Louis, Paris<\/figcaption><\/figure><\/div>\n\n<div class=\"wp-block-image\">\n<figure class=\"aligncenter size-large\"><a href=\"https:\/\/www.histoiresgalantes.fr\/blog\/wp-content\/uploads\/2025\/09\/IMG_6529.jpg\"><img loading=\"lazy\" decoding=\"async\" width=\"1024\" height=\"682\" src=\"https:\/\/www.histoiresgalantes.fr\/blog\/wp-content\/uploads\/2025\/09\/IMG_6529-1024x682.jpg\" alt=\"\" class=\"wp-image-30419\" srcset=\"https:\/\/www.histoiresgalantes.fr\/blog\/wp-content\/uploads\/2025\/09\/IMG_6529-1024x682.jpg 1024w, https:\/\/www.histoiresgalantes.fr\/blog\/wp-content\/uploads\/2025\/09\/IMG_6529-300x200.jpg 300w, https:\/\/www.histoiresgalantes.fr\/blog\/wp-content\/uploads\/2025\/09\/IMG_6529-768x512.jpg 768w, https:\/\/www.histoiresgalantes.fr\/blog\/wp-content\/uploads\/2025\/09\/IMG_6529-1536x1024.jpg 1536w, https:\/\/www.histoiresgalantes.fr\/blog\/wp-content\/uploads\/2025\/09\/IMG_6529-330x220.jpg 330w, https:\/\/www.histoiresgalantes.fr\/blog\/wp-content\/uploads\/2025\/09\/IMG_6529.jpg 2000w\" sizes=\"auto, (max-width: 1024px) 100vw, 1024px\" \/><\/a><figcaption class=\"wp-element-caption\">Rue Regrati\u00e8re ou Le Regratier, autrefois rue de la-Femme-sans-T\u00eate<\/figcaption><\/figure><\/div>\n\n<div class=\"wp-block-image\">\n<figure class=\"aligncenter size-large\"><a href=\"https:\/\/www.histoiresgalantes.fr\/blog\/wp-content\/uploads\/2025\/09\/IMG_6549.jpg\"><img loading=\"lazy\" decoding=\"async\" width=\"682\" height=\"1024\" src=\"https:\/\/www.histoiresgalantes.fr\/blog\/wp-content\/uploads\/2025\/09\/IMG_6549-682x1024.jpg\" alt=\"\" class=\"wp-image-30420\" srcset=\"https:\/\/www.histoiresgalantes.fr\/blog\/wp-content\/uploads\/2025\/09\/IMG_6549-682x1024.jpg 682w, https:\/\/www.histoiresgalantes.fr\/blog\/wp-content\/uploads\/2025\/09\/IMG_6549-200x300.jpg 200w, https:\/\/www.histoiresgalantes.fr\/blog\/wp-content\/uploads\/2025\/09\/IMG_6549-768x1152.jpg 768w, https:\/\/www.histoiresgalantes.fr\/blog\/wp-content\/uploads\/2025\/09\/IMG_6549-1024x1536.jpg 1024w, https:\/\/www.histoiresgalantes.fr\/blog\/wp-content\/uploads\/2025\/09\/IMG_6549.jpg 1333w\" sizes=\"auto, (max-width: 682px) 100vw, 682px\" \/><\/a><figcaption class=\"wp-element-caption\">Entr\u00e9e des anciens ateliers de l&#8217;Acad\u00e9mie royale, sur la cour Carr\u00e9e, rue de Rivoli<\/figcaption><\/figure><\/div>\n\n<div class=\"wp-block-image\">\n<figure class=\"aligncenter size-large\"><a href=\"https:\/\/www.histoiresgalantes.fr\/blog\/wp-content\/uploads\/2025\/09\/IMG_6550.jpg\"><img loading=\"lazy\" decoding=\"async\" width=\"682\" height=\"1024\" src=\"https:\/\/www.histoiresgalantes.fr\/blog\/wp-content\/uploads\/2025\/09\/IMG_6550-682x1024.jpg\" alt=\"\" class=\"wp-image-30421\" srcset=\"https:\/\/www.histoiresgalantes.fr\/blog\/wp-content\/uploads\/2025\/09\/IMG_6550-682x1024.jpg 682w, https:\/\/www.histoiresgalantes.fr\/blog\/wp-content\/uploads\/2025\/09\/IMG_6550-200x300.jpg 200w, https:\/\/www.histoiresgalantes.fr\/blog\/wp-content\/uploads\/2025\/09\/IMG_6550-768x1152.jpg 768w, https:\/\/www.histoiresgalantes.fr\/blog\/wp-content\/uploads\/2025\/09\/IMG_6550-1024x1536.jpg 1024w, https:\/\/www.histoiresgalantes.fr\/blog\/wp-content\/uploads\/2025\/09\/IMG_6550.jpg 1333w\" sizes=\"auto, (max-width: 682px) 100vw, 682px\" \/><\/a><figcaption class=\"wp-element-caption\">Entr\u00e9e des anciens ateliers de l&#8217;Acad\u00e9mie royale, sur la cour Carr\u00e9e, rue de Rivoli<\/figcaption><\/figure><\/div>\n\n<div class=\"wp-block-image\">\n<figure class=\"aligncenter size-large\"><a href=\"https:\/\/www.histoiresgalantes.fr\/blog\/wp-content\/uploads\/2025\/09\/IMG_9982.jpg\"><img loading=\"lazy\" decoding=\"async\" width=\"768\" height=\"1024\" src=\"https:\/\/www.histoiresgalantes.fr\/blog\/wp-content\/uploads\/2025\/09\/IMG_9982-768x1024.jpg\" alt=\"\" class=\"wp-image-30422\" srcset=\"https:\/\/www.histoiresgalantes.fr\/blog\/wp-content\/uploads\/2025\/09\/IMG_9982-768x1024.jpg 768w, https:\/\/www.histoiresgalantes.fr\/blog\/wp-content\/uploads\/2025\/09\/IMG_9982-225x300.jpg 225w, https:\/\/www.histoiresgalantes.fr\/blog\/wp-content\/uploads\/2025\/09\/IMG_9982-1152x1536.jpg 1152w, https:\/\/www.histoiresgalantes.fr\/blog\/wp-content\/uploads\/2025\/09\/IMG_9982.jpg 1333w\" sizes=\"auto, (max-width: 768px) 100vw, 768px\" \/><\/a><figcaption class=\"wp-element-caption\">Gloire de Falconet, \u00e9glise Saint-Roch, Paris<\/figcaption><\/figure><\/div>\n\n<div class=\"wp-block-image\">\n<figure class=\"aligncenter size-large\"><a href=\"https:\/\/www.histoiresgalantes.fr\/blog\/wp-content\/uploads\/2025\/09\/IMG_6553.jpg\"><img loading=\"lazy\" decoding=\"async\" width=\"682\" height=\"1024\" src=\"https:\/\/www.histoiresgalantes.fr\/blog\/wp-content\/uploads\/2025\/09\/IMG_6553-682x1024.jpg\" alt=\"\" class=\"wp-image-30435\" srcset=\"https:\/\/www.histoiresgalantes.fr\/blog\/wp-content\/uploads\/2025\/09\/IMG_6553-682x1024.jpg 682w, https:\/\/www.histoiresgalantes.fr\/blog\/wp-content\/uploads\/2025\/09\/IMG_6553-200x300.jpg 200w, https:\/\/www.histoiresgalantes.fr\/blog\/wp-content\/uploads\/2025\/09\/IMG_6553-768x1152.jpg 768w, https:\/\/www.histoiresgalantes.fr\/blog\/wp-content\/uploads\/2025\/09\/IMG_6553-1024x1536.jpg 1024w, https:\/\/www.histoiresgalantes.fr\/blog\/wp-content\/uploads\/2025\/09\/IMG_6553.jpg 1333w\" sizes=\"auto, (max-width: 682px) 100vw, 682px\" \/><\/a><figcaption class=\"wp-element-caption\">Gloire de Falconet, \u00e9glise Saint-Roch, Paris<\/figcaption><\/figure><\/div>\n\n<div class=\"wp-block-image\">\n<figure class=\"aligncenter size-large\"><a href=\"https:\/\/www.histoiresgalantes.fr\/blog\/wp-content\/uploads\/2025\/09\/IMG_9988.jpg\"><img loading=\"lazy\" decoding=\"async\" width=\"768\" height=\"1024\" src=\"https:\/\/www.histoiresgalantes.fr\/blog\/wp-content\/uploads\/2025\/09\/IMG_9988-768x1024.jpg\" alt=\"\" class=\"wp-image-30423\" srcset=\"https:\/\/www.histoiresgalantes.fr\/blog\/wp-content\/uploads\/2025\/09\/IMG_9988-768x1024.jpg 768w, https:\/\/www.histoiresgalantes.fr\/blog\/wp-content\/uploads\/2025\/09\/IMG_9988-225x300.jpg 225w, https:\/\/www.histoiresgalantes.fr\/blog\/wp-content\/uploads\/2025\/09\/IMG_9988-1152x1536.jpg 1152w, https:\/\/www.histoiresgalantes.fr\/blog\/wp-content\/uploads\/2025\/09\/IMG_9988.jpg 1500w\" sizes=\"auto, (max-width: 768px) 100vw, 768px\" \/><\/a><figcaption class=\"wp-element-caption\">La Bapt\u00eame de J\u00e9sus par J.-B. Lemoyne I et II<\/figcaption><\/figure><\/div>\n\n<div class=\"wp-block-image\">\n<figure class=\"aligncenter size-large\"><a href=\"https:\/\/www.histoiresgalantes.fr\/blog\/wp-content\/uploads\/2025\/09\/IMG_6558.jpg\"><img loading=\"lazy\" decoding=\"async\" width=\"682\" height=\"1024\" src=\"https:\/\/www.histoiresgalantes.fr\/blog\/wp-content\/uploads\/2025\/09\/IMG_6558-682x1024.jpg\" alt=\"\" class=\"wp-image-30424\" srcset=\"https:\/\/www.histoiresgalantes.fr\/blog\/wp-content\/uploads\/2025\/09\/IMG_6558-682x1024.jpg 682w, https:\/\/www.histoiresgalantes.fr\/blog\/wp-content\/uploads\/2025\/09\/IMG_6558-200x300.jpg 200w, https:\/\/www.histoiresgalantes.fr\/blog\/wp-content\/uploads\/2025\/09\/IMG_6558-768x1152.jpg 768w, https:\/\/www.histoiresgalantes.fr\/blog\/wp-content\/uploads\/2025\/09\/IMG_6558-1024x1536.jpg 1024w, https:\/\/www.histoiresgalantes.fr\/blog\/wp-content\/uploads\/2025\/09\/IMG_6558.jpg 1333w\" sizes=\"auto, (max-width: 682px) 100vw, 682px\" \/><\/a><figcaption class=\"wp-element-caption\">Eglise Saint-Roch, la sacristie<\/figcaption><\/figure><\/div>\n\n<div class=\"wp-block-image\">\n<figure class=\"aligncenter size-large\"><a href=\"https:\/\/www.histoiresgalantes.fr\/blog\/wp-content\/uploads\/2025\/09\/IMG_6565.jpg\"><img loading=\"lazy\" decoding=\"async\" width=\"682\" height=\"1024\" src=\"https:\/\/www.histoiresgalantes.fr\/blog\/wp-content\/uploads\/2025\/09\/IMG_6565-682x1024.jpg\" alt=\"\" class=\"wp-image-30425\" srcset=\"https:\/\/www.histoiresgalantes.fr\/blog\/wp-content\/uploads\/2025\/09\/IMG_6565-682x1024.jpg 682w, https:\/\/www.histoiresgalantes.fr\/blog\/wp-content\/uploads\/2025\/09\/IMG_6565-200x300.jpg 200w, https:\/\/www.histoiresgalantes.fr\/blog\/wp-content\/uploads\/2025\/09\/IMG_6565-768x1152.jpg 768w, https:\/\/www.histoiresgalantes.fr\/blog\/wp-content\/uploads\/2025\/09\/IMG_6565-1024x1536.jpg 1024w, https:\/\/www.histoiresgalantes.fr\/blog\/wp-content\/uploads\/2025\/09\/IMG_6565.jpg 1333w\" sizes=\"auto, (max-width: 682px) 100vw, 682px\" \/><\/a><figcaption class=\"wp-element-caption\">J<em>\u00e9sus au Jardin des Oliviers<\/em>, Falconet, d&#8217;apr\u00e8s <em>L&#8217;Extase <\/em>de sainte Th\u00e9r\u00e8se du Bernin<\/figcaption><\/figure><\/div>\n\n<div class=\"wp-block-image\">\n<figure class=\"aligncenter size-large\"><a href=\"https:\/\/www.histoiresgalantes.fr\/blog\/wp-content\/uploads\/2025\/09\/plaque-jankovitz-scaled.jpg\"><img loading=\"lazy\" decoding=\"async\" width=\"553\" height=\"1024\" src=\"https:\/\/www.histoiresgalantes.fr\/blog\/wp-content\/uploads\/2025\/09\/plaque-jankovitz-553x1024.jpg\" alt=\"\" class=\"wp-image-30426\" srcset=\"https:\/\/www.histoiresgalantes.fr\/blog\/wp-content\/uploads\/2025\/09\/plaque-jankovitz-553x1024.jpg 553w, https:\/\/www.histoiresgalantes.fr\/blog\/wp-content\/uploads\/2025\/09\/plaque-jankovitz-162x300.jpg 162w, https:\/\/www.histoiresgalantes.fr\/blog\/wp-content\/uploads\/2025\/09\/plaque-jankovitz-768x1422.jpg 768w, https:\/\/www.histoiresgalantes.fr\/blog\/wp-content\/uploads\/2025\/09\/plaque-jankovitz-829x1536.jpg 829w, https:\/\/www.histoiresgalantes.fr\/blog\/wp-content\/uploads\/2025\/09\/plaque-jankovitz-1106x2048.jpg 1106w, https:\/\/www.histoiresgalantes.fr\/blog\/wp-content\/uploads\/2025\/09\/plaque-jankovitz-scaled.jpg 1382w\" sizes=\"auto, (max-width: 553px) 100vw, 553px\" \/><\/a><figcaption class=\"wp-element-caption\">Plaque \u00e0 la m\u00e9moire de d&#8217;Etienne-Maurice Falconet<br>et de Marie-Anne Collot,<br>chapelle du Calvaire, \u00e9glise Saint-Roch<\/figcaption><\/figure><\/div>\n\n<div class=\"wp-block-image\">\n<figure class=\"aligncenter size-large\"><a href=\"https:\/\/www.histoiresgalantes.fr\/blog\/wp-content\/uploads\/2025\/09\/IMG_9986.jpg\"><img loading=\"lazy\" decoding=\"async\" width=\"768\" height=\"1024\" src=\"https:\/\/www.histoiresgalantes.fr\/blog\/wp-content\/uploads\/2025\/09\/IMG_9986-768x1024.jpg\" alt=\"\" class=\"wp-image-30427\" srcset=\"https:\/\/www.histoiresgalantes.fr\/blog\/wp-content\/uploads\/2025\/09\/IMG_9986-768x1024.jpg 768w, https:\/\/www.histoiresgalantes.fr\/blog\/wp-content\/uploads\/2025\/09\/IMG_9986-225x300.jpg 225w, https:\/\/www.histoiresgalantes.fr\/blog\/wp-content\/uploads\/2025\/09\/IMG_9986-1152x1536.jpg 1152w, https:\/\/www.histoiresgalantes.fr\/blog\/wp-content\/uploads\/2025\/09\/IMG_9986.jpg 1333w\" sizes=\"auto, (max-width: 768px) 100vw, 768px\" \/><\/a><figcaption class=\"wp-element-caption\">Tombeau de Maupertuis<\/figcaption><\/figure><\/div>\n\n<div class=\"wp-block-image\">\n<figure class=\"aligncenter size-large\"><a href=\"https:\/\/www.histoiresgalantes.fr\/blog\/wp-content\/uploads\/2025\/09\/IMG_6578.jpg\"><img loading=\"lazy\" decoding=\"async\" width=\"682\" height=\"1024\" src=\"https:\/\/www.histoiresgalantes.fr\/blog\/wp-content\/uploads\/2025\/09\/IMG_6578-682x1024.jpg\" alt=\"\" class=\"wp-image-30428\" srcset=\"https:\/\/www.histoiresgalantes.fr\/blog\/wp-content\/uploads\/2025\/09\/IMG_6578-682x1024.jpg 682w, https:\/\/www.histoiresgalantes.fr\/blog\/wp-content\/uploads\/2025\/09\/IMG_6578-200x300.jpg 200w, https:\/\/www.histoiresgalantes.fr\/blog\/wp-content\/uploads\/2025\/09\/IMG_6578-768x1152.jpg 768w, https:\/\/www.histoiresgalantes.fr\/blog\/wp-content\/uploads\/2025\/09\/IMG_6578-1024x1536.jpg 1024w, https:\/\/www.histoiresgalantes.fr\/blog\/wp-content\/uploads\/2025\/09\/IMG_6578.jpg 1333w\" sizes=\"auto, (max-width: 682px) 100vw, 682px\" \/><\/a><figcaption class=\"wp-element-caption\">Fille de Mignard en Orante, J.-B. Lemoyne II<\/figcaption><\/figure><\/div>\n\n<div class=\"wp-block-image\">\n<figure class=\"aligncenter size-large\"><a href=\"https:\/\/www.histoiresgalantes.fr\/blog\/wp-content\/uploads\/2025\/09\/IMG_6577.jpg\"><img loading=\"lazy\" decoding=\"async\" width=\"1024\" height=\"682\" src=\"https:\/\/www.histoiresgalantes.fr\/blog\/wp-content\/uploads\/2025\/09\/IMG_6577-1024x682.jpg\" alt=\"\" class=\"wp-image-30416\" srcset=\"https:\/\/www.histoiresgalantes.fr\/blog\/wp-content\/uploads\/2025\/09\/IMG_6577-1024x682.jpg 1024w, https:\/\/www.histoiresgalantes.fr\/blog\/wp-content\/uploads\/2025\/09\/IMG_6577-300x200.jpg 300w, https:\/\/www.histoiresgalantes.fr\/blog\/wp-content\/uploads\/2025\/09\/IMG_6577-768x512.jpg 768w, https:\/\/www.histoiresgalantes.fr\/blog\/wp-content\/uploads\/2025\/09\/IMG_6577-1536x1024.jpg 1536w, https:\/\/www.histoiresgalantes.fr\/blog\/wp-content\/uploads\/2025\/09\/IMG_6577-330x220.jpg 330w, https:\/\/www.histoiresgalantes.fr\/blog\/wp-content\/uploads\/2025\/09\/IMG_6577.jpg 2000w\" sizes=\"auto, (max-width: 1024px) 100vw, 1024px\" \/><\/a><figcaption class=\"wp-element-caption\">Mme de La Live de Jully, par Falconet<\/figcaption><\/figure><\/div>\n\n<div class=\"wp-block-image\">\n<figure class=\"aligncenter size-large\"><a href=\"https:\/\/www.histoiresgalantes.fr\/blog\/wp-content\/uploads\/2025\/09\/IMG_6571.jpg\"><img loading=\"lazy\" decoding=\"async\" width=\"1024\" height=\"682\" src=\"https:\/\/www.histoiresgalantes.fr\/blog\/wp-content\/uploads\/2025\/09\/IMG_6571-1024x682.jpg\" alt=\"\" class=\"wp-image-30429\" srcset=\"https:\/\/www.histoiresgalantes.fr\/blog\/wp-content\/uploads\/2025\/09\/IMG_6571-1024x682.jpg 1024w, https:\/\/www.histoiresgalantes.fr\/blog\/wp-content\/uploads\/2025\/09\/IMG_6571-300x200.jpg 300w, https:\/\/www.histoiresgalantes.fr\/blog\/wp-content\/uploads\/2025\/09\/IMG_6571-768x512.jpg 768w, https:\/\/www.histoiresgalantes.fr\/blog\/wp-content\/uploads\/2025\/09\/IMG_6571-1536x1024.jpg 1536w, https:\/\/www.histoiresgalantes.fr\/blog\/wp-content\/uploads\/2025\/09\/IMG_6571-330x220.jpg 330w, https:\/\/www.histoiresgalantes.fr\/blog\/wp-content\/uploads\/2025\/09\/IMG_6571.jpg 2000w\" sizes=\"auto, (max-width: 1024px) 100vw, 1024px\" \/><\/a><figcaption class=\"wp-element-caption\">Plafond peint par J.-B. Pierre<\/figcaption><\/figure><\/div>\n\n\n<p><\/p>\n","protected":false},"excerpt":{"rendered":"<p>La capitale garde encore de pr\u00e9cieux t\u00e9moignages de celles et ceux, philosophes, artistes et litt\u00e9rateurs qui &#8220;refaisaient&#8221; le monde dans les salons de Mme Geoffrin, de Mme d\u2019Epinay, ou encore \u00e0 la Chaumi\u00e8re, atelier-maison du sculpteur Falconet.Emboitons le pas de Marie-Anne Collot, pour d\u00e9couvrir son immeuble, rue de la Regrati\u00e8re, autrefois rue de La-Femme-sans-T\u00eate, sur [&hellip;]<\/p>\n","protected":false},"author":1,"featured_media":30432,"comment_status":"open","ping_status":"open","sticky":false,"template":"","format":"image","meta":{"om_disable_all_campaigns":false,"_monsterinsights_skip_tracking":false,"_monsterinsights_sitenote_active":false,"_monsterinsights_sitenote_note":"","_monsterinsights_sitenote_category":0,"_s2mail":"yes","footnotes":""},"categories":[32,100,93,34,76],"tags":[],"class_list":["post-30415","post","type-post","status-publish","format-image","has-post-thumbnail","hentry","category-sites-a-visiter","category-diderot","category-philosophes","category-sculpteurs","category-sortir","post_format-post-format-image"],"aioseo_notices":[],"_links":{"self":[{"href":"https:\/\/www.histoiresgalantes.fr\/blog\/wp-json\/wp\/v2\/posts\/30415","targetHints":{"allow":["GET"]}}],"collection":[{"href":"https:\/\/www.histoiresgalantes.fr\/blog\/wp-json\/wp\/v2\/posts"}],"about":[{"href":"https:\/\/www.histoiresgalantes.fr\/blog\/wp-json\/wp\/v2\/types\/post"}],"author":[{"embeddable":true,"href":"https:\/\/www.histoiresgalantes.fr\/blog\/wp-json\/wp\/v2\/users\/1"}],"replies":[{"embeddable":true,"href":"https:\/\/www.histoiresgalantes.fr\/blog\/wp-json\/wp\/v2\/comments?post=30415"}],"version-history":[{"count":12,"href":"https:\/\/www.histoiresgalantes.fr\/blog\/wp-json\/wp\/v2\/posts\/30415\/revisions"}],"predecessor-version":[{"id":30474,"href":"https:\/\/www.histoiresgalantes.fr\/blog\/wp-json\/wp\/v2\/posts\/30415\/revisions\/30474"}],"wp:featuredmedia":[{"embeddable":true,"href":"https:\/\/www.histoiresgalantes.fr\/blog\/wp-json\/wp\/v2\/media\/30432"}],"wp:attachment":[{"href":"https:\/\/www.histoiresgalantes.fr\/blog\/wp-json\/wp\/v2\/media?parent=30415"}],"wp:term":[{"taxonomy":"category","embeddable":true,"href":"https:\/\/www.histoiresgalantes.fr\/blog\/wp-json\/wp\/v2\/categories?post=30415"},{"taxonomy":"post_tag","embeddable":true,"href":"https:\/\/www.histoiresgalantes.fr\/blog\/wp-json\/wp\/v2\/tags?post=30415"}],"curies":[{"name":"wp","href":"https:\/\/api.w.org\/{rel}","templated":true}]}}