{"id":30439,"date":"2025-09-05T08:51:30","date_gmt":"2025-09-05T07:51:30","guid":{"rendered":"https:\/\/www.histoiresgalantes.fr\/blog\/?p=30439"},"modified":"2025-09-11T09:38:46","modified_gmt":"2025-09-11T08:38:46","slug":"marie-anne-collot-a-paris-2","status":"publish","type":"post","link":"https:\/\/www.histoiresgalantes.fr\/blog\/2025\/09\/05\/marie-anne-collot-a-paris-2\/","title":{"rendered":"Marie-Anne Collot \u00e0 Paris [\u00c9pisode 1]"},"content":{"rendered":"\n<p><br>Merci \u00e0 <strong>Aymeric Peniguet de Stoutz,<\/strong> administrateur de la <strong><a href=\"https:\/\/fr.wikipedia.org\/wiki\/Chapelle_expiatoire\" target=\"_blank\" rel=\"noopener\" title=\"\">Chapelle expiatoire<\/a><\/strong>, et \u00e0 <strong>Thomas Pucci,<\/strong> charg\u00e9 d\u2019action culturelle du Centre des monuments nationaux, pour leur invitation \u00e0 venir pr\u00e9senter ma conf\u00e9rence \u00ab\u00a0<em>Marie-Anne Collot, sculptrice des Lumi\u00e8res<\/em>\u00a0\u00bb le 4 septembre \u00e0 Paris.<\/p>\n\n\n\n<p>Pour son retour aux sources et apr\u00e8s tant d\u2019ann\u00e9es d\u2019oubli, la <strong>portraitiste attitr\u00e9e de Catherine II<\/strong> a, semble-t\u2019il, conquis son public parisien. Il faut dire que, plac\u00e9e \u00e0 13 ans, comme mod\u00e8le dans les ateliers du Louvre, <strong>Marie-Anne Collot<\/strong> se professionnalisa avec une intelligence et une volont\u00e9 qui for\u00e7a, d\u00e9j\u00e0 \u00e0 son \u00e9poque, l\u2019admiration et le respect du <strong>Tout-Paris<\/strong>.<br><br><a href=\"https:\/\/www.liralest.fr\/produit\/marie-anne-collot-sculptrice-des-lumieres\/\" target=\"_blank\" rel=\"noopener\" title=\"\"><em>Marie-Anne Collot, sculptrice des Lumi\u00e8res<\/em>, LIRALEST \u00e9ditions, 2025<\/a><br>Pr\u00e9sentation au <strong>Livre sur la Place<\/strong> \u00e0 partir de vendredi apr\u00e8s-midi sur le stand de la librairie du mus\u00e9e des Beaux-Arts de Nancy.<\/p>\n\n\n<div class=\"wp-block-image\">\n<figure class=\"aligncenter size-large\"><a href=\"https:\/\/www.histoiresgalantes.fr\/blog\/wp-content\/uploads\/2025\/09\/chapelle-expia5.jpg\"><img loading=\"lazy\" decoding=\"async\" width=\"1024\" height=\"768\" src=\"https:\/\/www.histoiresgalantes.fr\/blog\/wp-content\/uploads\/2025\/09\/chapelle-expia5-1024x768.jpg\" alt=\"\" class=\"wp-image-30443\" srcset=\"https:\/\/www.histoiresgalantes.fr\/blog\/wp-content\/uploads\/2025\/09\/chapelle-expia5-1024x768.jpg 1024w, https:\/\/www.histoiresgalantes.fr\/blog\/wp-content\/uploads\/2025\/09\/chapelle-expia5-300x225.jpg 300w, https:\/\/www.histoiresgalantes.fr\/blog\/wp-content\/uploads\/2025\/09\/chapelle-expia5-768x576.jpg 768w, https:\/\/www.histoiresgalantes.fr\/blog\/wp-content\/uploads\/2025\/09\/chapelle-expia5-1536x1152.jpg 1536w, https:\/\/www.histoiresgalantes.fr\/blog\/wp-content\/uploads\/2025\/09\/chapelle-expia5-640x480.jpg 640w, https:\/\/www.histoiresgalantes.fr\/blog\/wp-content\/uploads\/2025\/09\/chapelle-expia5.jpg 2048w\" sizes=\"auto, (max-width: 1024px) 100vw, 1024px\" \/><\/a><figcaption class=\"wp-element-caption\"><a href=\"https:\/\/fr.wikipedia.org\/wiki\/Chapelle_expiatoire\" target=\"_blank\" rel=\"noopener\" title=\"\">Chapelle expiatoire<\/a>, rue d&#8217;Anjou, Paris 8e,<br>soit \u00e0 300 m de la &#8220;chaumi\u00e8re&#8221;, atelier-maison d&#8217;E.-M. Falconet<\/figcaption><\/figure><\/div>\n\n\n<p><\/p>\n\n\n\n<figure class=\"wp-block-video\"><video autoplay controls src=\"https:\/\/www.histoiresgalantes.fr\/blog\/wp-content\/uploads\/2025\/09\/collot-conf-7-09-25_1.mp4\"><\/video><figcaption class=\"wp-element-caption\">Diaporame de la conf\u00e9rence <em>Marie-Anne Collot, sculptrice des Lumi\u00e8res<\/em><\/figcaption><\/figure>\n\n\n<div class=\"wp-block-image\">\n<figure class=\"aligncenter size-large\"><a href=\"https:\/\/www.histoiresgalantes.fr\/blog\/wp-content\/uploads\/2025\/09\/aymeric-peniguet.jpg\"><img loading=\"lazy\" decoding=\"async\" width=\"768\" height=\"1024\" src=\"https:\/\/www.histoiresgalantes.fr\/blog\/wp-content\/uploads\/2025\/09\/aymeric-peniguet-768x1024.jpg\" alt=\"\" class=\"wp-image-30442\" srcset=\"https:\/\/www.histoiresgalantes.fr\/blog\/wp-content\/uploads\/2025\/09\/aymeric-peniguet-768x1024.jpg 768w, https:\/\/www.histoiresgalantes.fr\/blog\/wp-content\/uploads\/2025\/09\/aymeric-peniguet-225x300.jpg 225w, https:\/\/www.histoiresgalantes.fr\/blog\/wp-content\/uploads\/2025\/09\/aymeric-peniguet.jpg 1080w\" sizes=\"auto, (max-width: 768px) 100vw, 768px\" \/><\/a><figcaption class=\"wp-element-caption\">Aymeric Peniguet de Stoutz et Pascale Fourtier-Debert,<br>Chapelle expiatoire, 4 septembre 2025<\/figcaption><\/figure><\/div>\n\n<div class=\"wp-block-image\">\n<figure class=\"aligncenter size-large\"><a href=\"https:\/\/www.histoiresgalantes.fr\/blog\/wp-content\/uploads\/2025\/09\/chapelle-expia4.jpg\"><img loading=\"lazy\" decoding=\"async\" width=\"768\" height=\"1024\" src=\"https:\/\/www.histoiresgalantes.fr\/blog\/wp-content\/uploads\/2025\/09\/chapelle-expia4-768x1024.jpg\" alt=\"\" class=\"wp-image-30444\" srcset=\"https:\/\/www.histoiresgalantes.fr\/blog\/wp-content\/uploads\/2025\/09\/chapelle-expia4-768x1024.jpg 768w, https:\/\/www.histoiresgalantes.fr\/blog\/wp-content\/uploads\/2025\/09\/chapelle-expia4-225x300.jpg 225w, https:\/\/www.histoiresgalantes.fr\/blog\/wp-content\/uploads\/2025\/09\/chapelle-expia4-1152x1536.jpg 1152w, https:\/\/www.histoiresgalantes.fr\/blog\/wp-content\/uploads\/2025\/09\/chapelle-expia4.jpg 1536w\" sizes=\"auto, (max-width: 768px) 100vw, 768px\" \/><\/a><figcaption class=\"wp-element-caption\">Fa\u00e7ade d&#8217;une maison, <br>24, rue d&#8217;Anjou, Paris<\/figcaption><\/figure><\/div>\n\n<div class=\"wp-block-image\">\n<figure class=\"aligncenter size-large\"><a href=\"https:\/\/www.histoiresgalantes.fr\/blog\/wp-content\/uploads\/2025\/09\/image2.jpeg\"><img loading=\"lazy\" decoding=\"async\" width=\"1024\" height=\"768\" src=\"https:\/\/www.histoiresgalantes.fr\/blog\/wp-content\/uploads\/2025\/09\/image2-1024x768.jpeg\" alt=\"\" class=\"wp-image-30452\" srcset=\"https:\/\/www.histoiresgalantes.fr\/blog\/wp-content\/uploads\/2025\/09\/image2-1024x768.jpeg 1024w, https:\/\/www.histoiresgalantes.fr\/blog\/wp-content\/uploads\/2025\/09\/image2-300x225.jpeg 300w, https:\/\/www.histoiresgalantes.fr\/blog\/wp-content\/uploads\/2025\/09\/image2-768x576.jpeg 768w, https:\/\/www.histoiresgalantes.fr\/blog\/wp-content\/uploads\/2025\/09\/image2-1536x1152.jpeg 1536w, https:\/\/www.histoiresgalantes.fr\/blog\/wp-content\/uploads\/2025\/09\/image2-640x480.jpeg 640w, https:\/\/www.histoiresgalantes.fr\/blog\/wp-content\/uploads\/2025\/09\/image2.jpeg 2048w\" sizes=\"auto, (max-width: 1024px) 100vw, 1024px\" \/><\/a><figcaption class=\"wp-element-caption\">Plafond de la Chapelle expiatoire, <br>rue d&#8217;Anjou, Paris 8e<\/figcaption><\/figure><\/div>","protected":false},"excerpt":{"rendered":"<p>Merci \u00e0 Aymeric Peniguet de Stoutz, administrateur de la Chapelle expiatoire, et \u00e0 Thomas Pucci, charg\u00e9 d\u2019action culturelle du Centre des monuments nationaux, pour leur invitation \u00e0 venir pr\u00e9senter ma conf\u00e9rence \u00ab\u00a0Marie-Anne Collot, sculptrice des Lumi\u00e8res\u00a0\u00bb le 4 septembre \u00e0 Paris. Pour son retour aux sources et apr\u00e8s tant d\u2019ann\u00e9es d\u2019oubli, la portraitiste attitr\u00e9e de [&hellip;]<\/p>\n","protected":false},"author":1,"featured_media":30495,"comment_status":"open","ping_status":"open","sticky":false,"template":"","format":"image","meta":{"om_disable_all_campaigns":false,"_monsterinsights_skip_tracking":false,"_monsterinsights_sitenote_active":false,"_monsterinsights_sitenote_note":"","_monsterinsights_sitenote_category":0,"_s2mail":"yes","footnotes":""},"categories":[81,100,61,93],"tags":[],"class_list":["post-30439","post","type-post","status-publish","format-image","has-post-thumbnail","hentry","category-conference","category-diderot","category-femmes-peintres","category-philosophes","post_format-post-format-image"],"aioseo_notices":[],"_links":{"self":[{"href":"https:\/\/www.histoiresgalantes.fr\/blog\/wp-json\/wp\/v2\/posts\/30439","targetHints":{"allow":["GET"]}}],"collection":[{"href":"https:\/\/www.histoiresgalantes.fr\/blog\/wp-json\/wp\/v2\/posts"}],"about":[{"href":"https:\/\/www.histoiresgalantes.fr\/blog\/wp-json\/wp\/v2\/types\/post"}],"author":[{"embeddable":true,"href":"https:\/\/www.histoiresgalantes.fr\/blog\/wp-json\/wp\/v2\/users\/1"}],"replies":[{"embeddable":true,"href":"https:\/\/www.histoiresgalantes.fr\/blog\/wp-json\/wp\/v2\/comments?post=30439"}],"version-history":[{"count":16,"href":"https:\/\/www.histoiresgalantes.fr\/blog\/wp-json\/wp\/v2\/posts\/30439\/revisions"}],"predecessor-version":[{"id":30475,"href":"https:\/\/www.histoiresgalantes.fr\/blog\/wp-json\/wp\/v2\/posts\/30439\/revisions\/30475"}],"wp:featuredmedia":[{"embeddable":true,"href":"https:\/\/www.histoiresgalantes.fr\/blog\/wp-json\/wp\/v2\/media\/30495"}],"wp:attachment":[{"href":"https:\/\/www.histoiresgalantes.fr\/blog\/wp-json\/wp\/v2\/media?parent=30439"}],"wp:term":[{"taxonomy":"category","embeddable":true,"href":"https:\/\/www.histoiresgalantes.fr\/blog\/wp-json\/wp\/v2\/categories?post=30439"},{"taxonomy":"post_tag","embeddable":true,"href":"https:\/\/www.histoiresgalantes.fr\/blog\/wp-json\/wp\/v2\/tags?post=30439"}],"curies":[{"name":"wp","href":"https:\/\/api.w.org\/{rel}","templated":true}]}}