{"id":30762,"date":"2025-10-27T13:12:13","date_gmt":"2025-10-27T12:12:13","guid":{"rendered":"https:\/\/www.histoiresgalantes.fr\/blog\/?p=30762"},"modified":"2025-10-27T15:20:57","modified_gmt":"2025-10-27T14:20:57","slug":"la-chambre-demilie-du-chatelet-a-luneville","status":"publish","type":"post","link":"https:\/\/www.histoiresgalantes.fr\/blog\/2025\/10\/27\/la-chambre-demilie-du-chatelet-a-luneville\/","title":{"rendered":"La chambre d&#8217;\u00c9milie du Ch\u00e2telet \u00e0 Lun\u00e9ville"},"content":{"rendered":"\n<figure class=\"wp-block-video aligncenter\"><video autoplay controls src=\"https:\/\/www.histoiresgalantes.fr\/blog\/wp-content\/uploads\/2025\/10\/MVI_4114.mp4\"><\/video><\/figure>\n\n\n\n<p>Cette chambre du <strong>ch\u00e2teau de Lun\u00e9ville<\/strong>, au plafond \u00e9trangement vout\u00e9, fut celle du <strong>duc Fran\u00e7ois III<\/strong> de Lorraine, dite alors \u00ab\u00a0chambre verte\u00a0\u00bb, puis celle de <strong>Catherine Opalinska<\/strong>, \u00e9pouse du <strong>roy Stanislas<\/strong>, avant d&#8217;\u00eatre celle de <strong>Gabrielle \u00c9milie Le Tonnelier de Breteu\u00efl,\u00a0marquise du Ch\u00e2telet<\/strong>, en 1749.<br><br>En effet, le roy Stanislas, soucieux que sa bonne amie soit h\u00e9berg\u00e9e le mieux possible, la loge dans les appartements de feue son \u00e9pouse, la reine, dans les trois pi\u00e8ces en enfilade qui sont au plus pr\u00e8s des jardins. <br>On remarque sur le trumeau sculpt\u00e9 et peint en jaune du miroir, une sph\u00e8re armillaire ainsi que des instruments de math\u00e9matiques, sugg\u00e9rant que le roi aurait pu faire re-d\u00e9corer ces pi\u00e8ces sp\u00e9cialement pour la math\u00e9maticienne, de m\u00eame qu&#8217;il lui avait fait b\u00e2tir une <a href=\"https:\/\/www.histoiresgalantes.fr\/blog\/2023\/04\/01\/lallee-des-soupirs\/\" target=\"_blank\" rel=\"noopener\" title=\"\">petite maison de plaisance peinte en bleu dans le hameau de Jolivet <\/a>(le bleu et le jaune \u00e9tant les couleurs du blason de la famille de Breteu\u00efl).<br><br>Entour\u00e9e de ses amis, de ses livres, de ses robes, de ses bijoux et de ses nombreuses tabati\u00e8res, la c\u00e9l\u00e8bre marquise du Ch\u00e2telet d\u00e9c\u00e8de dans cette chambre le 10 septembre 1749, \u00e0 1h du matin, 6 jours apr\u00e8s avoir accouch\u00e9 <a href=\"https:\/\/www.histoiresgalantes.fr\/blog\/2024\/09\/10\/demoiselle-anonyme-du-chatelet\/\" target=\"_blank\" rel=\"noopener\" title=\"\">d\u2019une petite fille.<\/a><\/p>\n\n\n<div class=\"wp-block-image\">\n<figure class=\"aligncenter size-large\"><a href=\"https:\/\/www.histoiresgalantes.fr\/blog\/wp-content\/uploads\/2025\/10\/cha-emilie4.jpg\"><img loading=\"lazy\" decoding=\"async\" width=\"1024\" height=\"689\" src=\"https:\/\/www.histoiresgalantes.fr\/blog\/wp-content\/uploads\/2025\/10\/cha-emilie4-1024x689.jpg\" alt=\"\" class=\"wp-image-30764\" srcset=\"https:\/\/www.histoiresgalantes.fr\/blog\/wp-content\/uploads\/2025\/10\/cha-emilie4-1024x689.jpg 1024w, https:\/\/www.histoiresgalantes.fr\/blog\/wp-content\/uploads\/2025\/10\/cha-emilie4-300x202.jpg 300w, https:\/\/www.histoiresgalantes.fr\/blog\/wp-content\/uploads\/2025\/10\/cha-emilie4-768x517.jpg 768w, https:\/\/www.histoiresgalantes.fr\/blog\/wp-content\/uploads\/2025\/10\/cha-emilie4.jpg 1500w\" sizes=\"auto, (max-width: 1024px) 100vw, 1024px\" \/><\/a><\/figure><\/div>\n\n\n<p>L\u2019inventaire de ses effets personnels, \u00e9tabli le 11 septembre 1749, est conserv\u00e9 aux archives d\u00e9partementales de Meurthe-et-Moselle.<br>Il d\u00e9taille avec pr\u00e9cisions les \u00ab nippes&nbsp;\u00bb et \u00ab&nbsp;hardes&nbsp;\u00bb de la marquise, sachant qu\u2019une robe, \u00e0 cette \u00e9poque, peut valoir le prix d\u2019un ch\u00e2teau.<br>Extrait de l\u2019inventaire :<br>Dans la premi\u00e8re chambre qui compose son appartement et parce dans \u00ab&nbsp;quelle&nbsp;\u00bb nous y av\u00efons trouv\u00e9 une grande armoire servante de garde robes nous y av\u00efons fait apposer les scell\u00e9s aux deux bouts d\u2019une bande de papier traversante l\u2019entr\u00e9e de la serrure &#8212;- de l\u00e0 \u00e9tant pass\u00e9 dans une anti chambre voisine et parce que dans quelle il s\u2019est trouv\u00e9 une armoire bois noyer \u00e0 deux vollets fermante \u00e0 clef nous avions sur l\u2019entr\u00e9e des serrures de la ditte armoire et malle fait pareillement fait appos\u00e9 nos scell\u00e9s, de l\u00e0 \u00e9tant pass\u00e9 dans la chambre mortuaire, nous av\u00efons fait renfermer tout ce qui s\u2019est trouv\u00e9 dans le tiroirs d\u2019une commode, dans un cabinet attenant \u00e0 la dite chambre et apr\u00e8s en avoir fait fermer l\u2019entr\u00e9e, nous avons sur la porte du dit cabinet aussy fait mettre un scell\u00e9 de m\u00eame que sur un secr\u00e9taire qui se trouvait dans la ditte chambre, les clefs desquelles armoires, cabinet, secr\u00e9taire avons remis entre les mains de nostre dit greffier &#8212;- pour \u00eatre remise en son greffe.<\/p>\n\n\n\n<p><br><\/p>\n\n\n<div class=\"wp-block-image\">\n<figure class=\"aligncenter size-large\"><a href=\"https:\/\/www.histoiresgalantes.fr\/blog\/wp-content\/uploads\/2025\/10\/cha-emilie5.jpg\"><img loading=\"lazy\" decoding=\"async\" width=\"1024\" height=\"707\" src=\"https:\/\/www.histoiresgalantes.fr\/blog\/wp-content\/uploads\/2025\/10\/cha-emilie5-1024x707.jpg\" alt=\"\" class=\"wp-image-30765\" srcset=\"https:\/\/www.histoiresgalantes.fr\/blog\/wp-content\/uploads\/2025\/10\/cha-emilie5-1024x707.jpg 1024w, https:\/\/www.histoiresgalantes.fr\/blog\/wp-content\/uploads\/2025\/10\/cha-emilie5-300x207.jpg 300w, https:\/\/www.histoiresgalantes.fr\/blog\/wp-content\/uploads\/2025\/10\/cha-emilie5-768x530.jpg 768w, https:\/\/www.histoiresgalantes.fr\/blog\/wp-content\/uploads\/2025\/10\/cha-emilie5.jpg 1500w\" sizes=\"auto, (max-width: 1024px) 100vw, 1024px\" \/><\/a><figcaption class=\"wp-element-caption\">Croquis d&#8217;apr\u00e8s l&#8217;inventaire de 1749<\/figcaption><\/figure><\/div>\n\n<div class=\"wp-block-image\">\n<figure class=\"aligncenter size-large\"><a href=\"https:\/\/www.histoiresgalantes.fr\/blog\/wp-content\/uploads\/2025\/10\/cabinet-emilie.jpg\"><img loading=\"lazy\" decoding=\"async\" width=\"1024\" height=\"581\" src=\"https:\/\/www.histoiresgalantes.fr\/blog\/wp-content\/uploads\/2025\/10\/cabinet-emilie-1024x581.jpg\" alt=\"\" class=\"wp-image-30766\" srcset=\"https:\/\/www.histoiresgalantes.fr\/blog\/wp-content\/uploads\/2025\/10\/cabinet-emilie-1024x581.jpg 1024w, https:\/\/www.histoiresgalantes.fr\/blog\/wp-content\/uploads\/2025\/10\/cabinet-emilie-300x170.jpg 300w, https:\/\/www.histoiresgalantes.fr\/blog\/wp-content\/uploads\/2025\/10\/cabinet-emilie-768x436.jpg 768w, https:\/\/www.histoiresgalantes.fr\/blog\/wp-content\/uploads\/2025\/10\/cabinet-emilie-1536x872.jpg 1536w, https:\/\/www.histoiresgalantes.fr\/blog\/wp-content\/uploads\/2025\/10\/cabinet-emilie.jpg 1653w\" sizes=\"auto, (max-width: 1024px) 100vw, 1024px\" \/><\/a><figcaption class=\"wp-element-caption\">Cabinet attenant \u00e0 la chambre de la marquise, clin d&#8217;\u0153il du papier-peint r\u00e9tro dans l&#8217;esprit du XVIIIe s.<\/figcaption><\/figure><\/div>\n\n\n<p><\/p>\n","protected":false},"excerpt":{"rendered":"<p>Cette chambre du ch\u00e2teau de Lun\u00e9ville, au plafond \u00e9trangement vout\u00e9, fut celle du duc Fran\u00e7ois III de Lorraine, dite alors \u00ab\u00a0chambre verte\u00a0\u00bb, puis celle de Catherine Opalinska, \u00e9pouse du roy Stanislas, avant d&#8217;\u00eatre celle de Gabrielle \u00c9milie Le Tonnelier de Breteu\u00efl,\u00a0marquise du Ch\u00e2telet, en 1749. En effet, le roy Stanislas, soucieux que sa bonne amie [&hellip;]<\/p>\n","protected":false},"author":1,"featured_media":30767,"comment_status":"open","ping_status":"open","sticky":false,"template":"","format":"image","meta":{"om_disable_all_campaigns":false,"_monsterinsights_skip_tracking":false,"_monsterinsights_sitenote_active":false,"_monsterinsights_sitenote_note":"","_monsterinsights_sitenote_category":0,"_s2mail":"","footnotes":""},"categories":[78,26],"tags":[],"class_list":["post-30762","post","type-post","status-publish","format-image","has-post-thumbnail","hentry","category-coins-secrets-ou-pas-de-luneville","category-mme-du-chatelet","post_format-post-format-image"],"aioseo_notices":[],"_links":{"self":[{"href":"https:\/\/www.histoiresgalantes.fr\/blog\/wp-json\/wp\/v2\/posts\/30762","targetHints":{"allow":["GET"]}}],"collection":[{"href":"https:\/\/www.histoiresgalantes.fr\/blog\/wp-json\/wp\/v2\/posts"}],"about":[{"href":"https:\/\/www.histoiresgalantes.fr\/blog\/wp-json\/wp\/v2\/types\/post"}],"author":[{"embeddable":true,"href":"https:\/\/www.histoiresgalantes.fr\/blog\/wp-json\/wp\/v2\/users\/1"}],"replies":[{"embeddable":true,"href":"https:\/\/www.histoiresgalantes.fr\/blog\/wp-json\/wp\/v2\/comments?post=30762"}],"version-history":[{"count":6,"href":"https:\/\/www.histoiresgalantes.fr\/blog\/wp-json\/wp\/v2\/posts\/30762\/revisions"}],"predecessor-version":[{"id":30777,"href":"https:\/\/www.histoiresgalantes.fr\/blog\/wp-json\/wp\/v2\/posts\/30762\/revisions\/30777"}],"wp:featuredmedia":[{"embeddable":true,"href":"https:\/\/www.histoiresgalantes.fr\/blog\/wp-json\/wp\/v2\/media\/30767"}],"wp:attachment":[{"href":"https:\/\/www.histoiresgalantes.fr\/blog\/wp-json\/wp\/v2\/media?parent=30762"}],"wp:term":[{"taxonomy":"category","embeddable":true,"href":"https:\/\/www.histoiresgalantes.fr\/blog\/wp-json\/wp\/v2\/categories?post=30762"},{"taxonomy":"post_tag","embeddable":true,"href":"https:\/\/www.histoiresgalantes.fr\/blog\/wp-json\/wp\/v2\/tags?post=30762"}],"curies":[{"name":"wp","href":"https:\/\/api.w.org\/{rel}","templated":true}]}}