{"id":31215,"date":"2025-12-10T12:53:47","date_gmt":"2025-12-10T11:53:47","guid":{"rendered":"https:\/\/www.histoiresgalantes.fr\/blog\/?p=31215"},"modified":"2025-12-10T18:39:04","modified_gmt":"2025-12-10T17:39:04","slug":"emilie-et-voltaire-a-langres","status":"publish","type":"post","link":"https:\/\/www.histoiresgalantes.fr\/blog\/2025\/12\/10\/emilie-et-voltaire-a-langres\/","title":{"rendered":"\u00c9milie et Voltaire \u00e0 Langres"},"content":{"rendered":"\n<p>Scoop du XVIIIe s.<br>Lors de mes nombreuses visites d&#8217;immeubles anciens \u00e0 Langres en Haute-Marne, je fus \u00e9tonn\u00e9e de d\u00e9couvrir sur l&#8217;un des murs d&#8217;une maison du XVIIe si\u00e8cle, une fresque des ann\u00e9es 1980 repr\u00e9sentant Emilie de Brete\u00fcil, marquise du Ch\u00e2telet. On m&#8217;assura que cette fresque \u00e9tait un hommage \u00e0 la marquise qui avait s\u00e9journ\u00e9 dans cet h\u00f4tel.<br>Je doutai de cette information, car je n&#8217;avais jamais eu connaissance de cette visite.<br>Mais au cours de mes r\u00e9centes recherches, j&#8217;ai d\u00e9couvert que ce fait \u00e9tait VRAI !<br>D\u00e9but novembre 1739, Emilie et Voltaire partent pour Cirey, accompagn\u00e9s de Mme de Richelieu, dont il se s\u00e9parent \u00e0 Langres !<br>Ils ont donc tr\u00e8s probablement dormi une nuit dans cette belle demeure rue de la Cr\u00e9maill\u00e8re, peut-\u00eatre alors un h\u00f4tel de Poste (la recherche reste \u00e0 faire).<br>Cet h\u00f4tel fut remani\u00e9 enti\u00e8rement dans les ann\u00e9es 70\/80, date de cette fresque.<br>Art. et Photos \u00a9 PFDebert 2025<br>Source \u00a9 <a href=\"https:\/\/gallica.bnf.fr\/services\/engine\/search\/sru?operation=searchRetrieve&amp;version=1.2&amp;collapsing=disabled&amp;query=%28gallica%20all%20%22GUSTAVE%20DESNOIRESTERRES%20VOLTAIRE%20A%20CIREY%22%29%20and%20dc.relation%20all%20%22cb30333546x%22%20sortby%20dc.title%2Fsort.ascending&amp;rk=214593;2\"><mark>Voltaire<\/mark>\u00a0et la soci\u00e9t\u00e9 fran\u00e7aise au XVIIIe si\u00e8cle. 1e s\u00e9r. \/ par\u00a0<mark>Gustave<\/mark>\u00a0<mark>Desnoiresterres<\/mark>\u00a01867-1876<\/a><\/p>\n\n\n<div class=\"wp-block-image\">\n<figure class=\"aligncenter size-large\"><a href=\"https:\/\/www.histoiresgalantes.fr\/blog\/wp-content\/uploads\/2025\/12\/Emilie-langres2.jpg\"><img loading=\"lazy\" decoding=\"async\" width=\"768\" height=\"1024\" src=\"https:\/\/www.histoiresgalantes.fr\/blog\/wp-content\/uploads\/2025\/12\/Emilie-langres2-768x1024.jpg\" alt=\"\" class=\"wp-image-31217\" srcset=\"https:\/\/www.histoiresgalantes.fr\/blog\/wp-content\/uploads\/2025\/12\/Emilie-langres2-768x1024.jpg 768w, https:\/\/www.histoiresgalantes.fr\/blog\/wp-content\/uploads\/2025\/12\/Emilie-langres2-225x300.jpg 225w, https:\/\/www.histoiresgalantes.fr\/blog\/wp-content\/uploads\/2025\/12\/Emilie-langres2-1152x1536.jpg 1152w, https:\/\/www.histoiresgalantes.fr\/blog\/wp-content\/uploads\/2025\/12\/Emilie-langres2.jpg 1536w\" sizes=\"auto, (max-width: 768px) 100vw, 768px\" \/><\/a><figcaption class=\"wp-element-caption\">\u00a9 PFD 2025<\/figcaption><\/figure><\/div>\n\n<div class=\"wp-block-image\">\n<figure class=\"aligncenter size-large\"><a href=\"https:\/\/www.histoiresgalantes.fr\/blog\/wp-content\/uploads\/2025\/12\/Emilie-langres6.jpg\"><img loading=\"lazy\" decoding=\"async\" width=\"577\" height=\"1024\" src=\"https:\/\/www.histoiresgalantes.fr\/blog\/wp-content\/uploads\/2025\/12\/Emilie-langres6-577x1024.jpg\" alt=\"\" class=\"wp-image-31218\" srcset=\"https:\/\/www.histoiresgalantes.fr\/blog\/wp-content\/uploads\/2025\/12\/Emilie-langres6-577x1024.jpg 577w, https:\/\/www.histoiresgalantes.fr\/blog\/wp-content\/uploads\/2025\/12\/Emilie-langres6-169x300.jpg 169w, https:\/\/www.histoiresgalantes.fr\/blog\/wp-content\/uploads\/2025\/12\/Emilie-langres6-768x1364.jpg 768w, https:\/\/www.histoiresgalantes.fr\/blog\/wp-content\/uploads\/2025\/12\/Emilie-langres6-865x1536.jpg 865w, https:\/\/www.histoiresgalantes.fr\/blog\/wp-content\/uploads\/2025\/12\/Emilie-langres6.jpg 1126w\" sizes=\"auto, (max-width: 577px) 100vw, 577px\" \/><\/a><figcaption class=\"wp-element-caption\">\u00a9 LD 2025<\/figcaption><\/figure><\/div>\n\n<div class=\"wp-block-image\">\n<figure class=\"aligncenter size-large\"><a href=\"https:\/\/www.histoiresgalantes.fr\/blog\/wp-content\/uploads\/2025\/12\/Emilie-langres3.jpg\"><img loading=\"lazy\" decoding=\"async\" width=\"1024\" height=\"577\" src=\"https:\/\/www.histoiresgalantes.fr\/blog\/wp-content\/uploads\/2025\/12\/Emilie-langres3-1024x577.jpg\" alt=\"\" class=\"wp-image-31219\" srcset=\"https:\/\/www.histoiresgalantes.fr\/blog\/wp-content\/uploads\/2025\/12\/Emilie-langres3-1024x577.jpg 1024w, https:\/\/www.histoiresgalantes.fr\/blog\/wp-content\/uploads\/2025\/12\/Emilie-langres3-300x169.jpg 300w, https:\/\/www.histoiresgalantes.fr\/blog\/wp-content\/uploads\/2025\/12\/Emilie-langres3-768x432.jpg 768w, https:\/\/www.histoiresgalantes.fr\/blog\/wp-content\/uploads\/2025\/12\/Emilie-langres3-1536x865.jpg 1536w, https:\/\/www.histoiresgalantes.fr\/blog\/wp-content\/uploads\/2025\/12\/Emilie-langres3.jpg 2000w\" sizes=\"auto, (max-width: 1024px) 100vw, 1024px\" \/><\/a><figcaption class=\"wp-element-caption\">\u00a9 LD 2025<\/figcaption><\/figure><\/div>\n\n<div class=\"wp-block-image\">\n<figure class=\"aligncenter size-large\"><a href=\"https:\/\/www.histoiresgalantes.fr\/blog\/wp-content\/uploads\/2025\/12\/Emilie-langres4.jpg\"><img loading=\"lazy\" decoding=\"async\" width=\"577\" height=\"1024\" src=\"https:\/\/www.histoiresgalantes.fr\/blog\/wp-content\/uploads\/2025\/12\/Emilie-langres4-577x1024.jpg\" alt=\"\" class=\"wp-image-31220\" srcset=\"https:\/\/www.histoiresgalantes.fr\/blog\/wp-content\/uploads\/2025\/12\/Emilie-langres4-577x1024.jpg 577w, https:\/\/www.histoiresgalantes.fr\/blog\/wp-content\/uploads\/2025\/12\/Emilie-langres4-169x300.jpg 169w, https:\/\/www.histoiresgalantes.fr\/blog\/wp-content\/uploads\/2025\/12\/Emilie-langres4-768x1364.jpg 768w, https:\/\/www.histoiresgalantes.fr\/blog\/wp-content\/uploads\/2025\/12\/Emilie-langres4-865x1536.jpg 865w, https:\/\/www.histoiresgalantes.fr\/blog\/wp-content\/uploads\/2025\/12\/Emilie-langres4.jpg 1126w\" sizes=\"auto, (max-width: 577px) 100vw, 577px\" \/><\/a><figcaption class=\"wp-element-caption\">\u00a9 LD 2025<\/figcaption><\/figure><\/div>\n\n<div class=\"wp-block-image\">\n<figure class=\"aligncenter size-full\"><a href=\"https:\/\/www.histoiresgalantes.fr\/blog\/wp-content\/uploads\/2025\/12\/Emilie-langres8.jpg\"><img loading=\"lazy\" decoding=\"async\" width=\"712\" height=\"690\" src=\"https:\/\/www.histoiresgalantes.fr\/blog\/wp-content\/uploads\/2025\/12\/Emilie-langres8.jpg\" alt=\"\" class=\"wp-image-31222\" srcset=\"https:\/\/www.histoiresgalantes.fr\/blog\/wp-content\/uploads\/2025\/12\/Emilie-langres8.jpg 712w, https:\/\/www.histoiresgalantes.fr\/blog\/wp-content\/uploads\/2025\/12\/Emilie-langres8-300x291.jpg 300w\" sizes=\"auto, (max-width: 712px) 100vw, 712px\" \/><\/a><\/figure><\/div>\n\n<div class=\"wp-block-image\">\n<figure class=\"aligncenter size-large\"><a href=\"https:\/\/www.histoiresgalantes.fr\/blog\/wp-content\/uploads\/2025\/12\/Emilie-langres1.jpg\"><img loading=\"lazy\" decoding=\"async\" width=\"768\" height=\"1024\" src=\"https:\/\/www.histoiresgalantes.fr\/blog\/wp-content\/uploads\/2025\/12\/Emilie-langres1-768x1024.jpg\" alt=\"\" class=\"wp-image-31216\" srcset=\"https:\/\/www.histoiresgalantes.fr\/blog\/wp-content\/uploads\/2025\/12\/Emilie-langres1-768x1024.jpg 768w, https:\/\/www.histoiresgalantes.fr\/blog\/wp-content\/uploads\/2025\/12\/Emilie-langres1-225x300.jpg 225w, https:\/\/www.histoiresgalantes.fr\/blog\/wp-content\/uploads\/2025\/12\/Emilie-langres1-1152x1536.jpg 1152w, https:\/\/www.histoiresgalantes.fr\/blog\/wp-content\/uploads\/2025\/12\/Emilie-langres1.jpg 1536w\" sizes=\"auto, (max-width: 768px) 100vw, 768px\" \/><\/a><figcaption class=\"wp-element-caption\">\u00a9 PFD 2025<\/figcaption><\/figure><\/div>","protected":false},"excerpt":{"rendered":"<p>Scoop du XVIIIe s.Lors de mes nombreuses visites d&#8217;immeubles anciens \u00e0 Langres en Haute-Marne, je fus \u00e9tonn\u00e9e de d\u00e9couvrir sur l&#8217;un des murs d&#8217;une maison du XVIIe si\u00e8cle, une fresque des ann\u00e9es 1980 repr\u00e9sentant Emilie de Brete\u00fcil, marquise du Ch\u00e2telet. On m&#8217;assura que cette fresque \u00e9tait un hommage \u00e0 la marquise qui avait s\u00e9journ\u00e9 dans [&hellip;]<\/p>\n","protected":false},"author":1,"featured_media":31221,"comment_status":"open","ping_status":"open","sticky":false,"template":"","format":"image","meta":{"om_disable_all_campaigns":false,"_monsterinsights_skip_tracking":false,"_monsterinsights_sitenote_active":false,"_monsterinsights_sitenote_note":"","_monsterinsights_sitenote_category":0,"_s2mail":"","footnotes":""},"categories":[31,26],"tags":[],"class_list":["post-31215","post","type-post","status-publish","format-image","has-post-thumbnail","hentry","category-voltaire","category-mme-du-chatelet","post_format-post-format-image"],"aioseo_notices":[],"_links":{"self":[{"href":"https:\/\/www.histoiresgalantes.fr\/blog\/wp-json\/wp\/v2\/posts\/31215","targetHints":{"allow":["GET"]}}],"collection":[{"href":"https:\/\/www.histoiresgalantes.fr\/blog\/wp-json\/wp\/v2\/posts"}],"about":[{"href":"https:\/\/www.histoiresgalantes.fr\/blog\/wp-json\/wp\/v2\/types\/post"}],"author":[{"embeddable":true,"href":"https:\/\/www.histoiresgalantes.fr\/blog\/wp-json\/wp\/v2\/users\/1"}],"replies":[{"embeddable":true,"href":"https:\/\/www.histoiresgalantes.fr\/blog\/wp-json\/wp\/v2\/comments?post=31215"}],"version-history":[{"count":3,"href":"https:\/\/www.histoiresgalantes.fr\/blog\/wp-json\/wp\/v2\/posts\/31215\/revisions"}],"predecessor-version":[{"id":31271,"href":"https:\/\/www.histoiresgalantes.fr\/blog\/wp-json\/wp\/v2\/posts\/31215\/revisions\/31271"}],"wp:featuredmedia":[{"embeddable":true,"href":"https:\/\/www.histoiresgalantes.fr\/blog\/wp-json\/wp\/v2\/media\/31221"}],"wp:attachment":[{"href":"https:\/\/www.histoiresgalantes.fr\/blog\/wp-json\/wp\/v2\/media?parent=31215"}],"wp:term":[{"taxonomy":"category","embeddable":true,"href":"https:\/\/www.histoiresgalantes.fr\/blog\/wp-json\/wp\/v2\/categories?post=31215"},{"taxonomy":"post_tag","embeddable":true,"href":"https:\/\/www.histoiresgalantes.fr\/blog\/wp-json\/wp\/v2\/tags?post=31215"}],"curies":[{"name":"wp","href":"https:\/\/api.w.org\/{rel}","templated":true}]}}