{"id":31252,"date":"2025-12-09T14:17:33","date_gmt":"2025-12-09T13:17:33","guid":{"rendered":"https:\/\/www.histoiresgalantes.fr\/blog\/?p=31252"},"modified":"2025-12-11T09:29:59","modified_gmt":"2025-12-11T08:29:59","slug":"1925-2025","status":"publish","type":"post","link":"https:\/\/www.histoiresgalantes.fr\/blog\/2025\/12\/09\/1925-2025\/","title":{"rendered":"1925-2025"},"content":{"rendered":"\n<p>[Exposition]<br><br>Arts d\u00e9coratifs au mus\u00e9e des Beaux-Arts de Nancy, une p\u00e9riode que personnellement j&#8217;adore !<br><em>Nancy 1925. Une exp\u00e9rience de la vie moderne<\/em><br>Du 5 novembre 2025 au 1er mars 2026<br>Mus\u00e9e des Beaux-Arts<br>Cent ans apr\u00e8s l\u2019Exposition internationale des arts d\u00e9coratifs et industriels modernes de Paris en 1925, l\u2019exposition Nancy 1925. Une exp\u00e9rience de la vie moderne se propose de re-situer la gen\u00e8se et les d\u00e9veloppements de l\u2019Art D\u00e9co \u00e0 Nancy, en retra\u00e7ant une histoire du go\u00fbt dans les arts d\u00e9coratifs de 1900 \u00e0 la fin des ann\u00e9es 1930.<br>Photographies et carnet de croquis \u00a9 Pascale Fourtier-Debert 2025<\/p>\n\n\n<div class=\"wp-block-image\">\n<figure class=\"aligncenter size-large\"><a href=\"https:\/\/www.histoiresgalantes.fr\/blog\/wp-content\/uploads\/2025\/12\/IMG_6836.jpg\"><img loading=\"lazy\" decoding=\"async\" width=\"683\" height=\"1024\" src=\"https:\/\/www.histoiresgalantes.fr\/blog\/wp-content\/uploads\/2025\/12\/IMG_6836-683x1024.jpg\" alt=\"\" class=\"wp-image-31253\" srcset=\"https:\/\/www.histoiresgalantes.fr\/blog\/wp-content\/uploads\/2025\/12\/IMG_6836-683x1024.jpg 683w, https:\/\/www.histoiresgalantes.fr\/blog\/wp-content\/uploads\/2025\/12\/IMG_6836-200x300.jpg 200w, https:\/\/www.histoiresgalantes.fr\/blog\/wp-content\/uploads\/2025\/12\/IMG_6836-768x1152.jpg 768w, https:\/\/www.histoiresgalantes.fr\/blog\/wp-content\/uploads\/2025\/12\/IMG_6836.jpg 1000w\" sizes=\"auto, (max-width: 683px) 100vw, 683px\" \/><\/a><figcaption class=\"wp-element-caption\">Vase aux pastilles bleues(d\u00e9tail), vers 1924, Daum<\/figcaption><\/figure><\/div>\n\n<div class=\"wp-block-image\">\n<figure class=\"aligncenter size-large\"><a href=\"https:\/\/www.histoiresgalantes.fr\/blog\/wp-content\/uploads\/2025\/12\/IMG_6837.jpg\"><img loading=\"lazy\" decoding=\"async\" width=\"683\" height=\"1024\" src=\"https:\/\/www.histoiresgalantes.fr\/blog\/wp-content\/uploads\/2025\/12\/IMG_6837-683x1024.jpg\" alt=\"\" class=\"wp-image-31254\" srcset=\"https:\/\/www.histoiresgalantes.fr\/blog\/wp-content\/uploads\/2025\/12\/IMG_6837-683x1024.jpg 683w, https:\/\/www.histoiresgalantes.fr\/blog\/wp-content\/uploads\/2025\/12\/IMG_6837-200x300.jpg 200w, https:\/\/www.histoiresgalantes.fr\/blog\/wp-content\/uploads\/2025\/12\/IMG_6837-768x1152.jpg 768w, https:\/\/www.histoiresgalantes.fr\/blog\/wp-content\/uploads\/2025\/12\/IMG_6837.jpg 1000w\" sizes=\"auto, (max-width: 683px) 100vw, 683px\" \/><\/a><figcaption class=\"wp-element-caption\">Vase \u00e0 d\u00e9cor de raisins (d\u00e9tail), vers 1925, Daum<\/figcaption><\/figure><\/div>\n\n<div class=\"wp-block-image\">\n<figure class=\"aligncenter size-large\"><a href=\"https:\/\/www.histoiresgalantes.fr\/blog\/wp-content\/uploads\/2025\/12\/art-deco3.jpg\"><img loading=\"lazy\" decoding=\"async\" width=\"1024\" height=\"360\" src=\"https:\/\/www.histoiresgalantes.fr\/blog\/wp-content\/uploads\/2025\/12\/art-deco3-1024x360.jpg\" alt=\"\" class=\"wp-image-31260\" srcset=\"https:\/\/www.histoiresgalantes.fr\/blog\/wp-content\/uploads\/2025\/12\/art-deco3-1024x360.jpg 1024w, https:\/\/www.histoiresgalantes.fr\/blog\/wp-content\/uploads\/2025\/12\/art-deco3-300x105.jpg 300w, https:\/\/www.histoiresgalantes.fr\/blog\/wp-content\/uploads\/2025\/12\/art-deco3-768x270.jpg 768w, https:\/\/www.histoiresgalantes.fr\/blog\/wp-content\/uploads\/2025\/12\/art-deco3.jpg 1500w\" sizes=\"auto, (max-width: 1024px) 100vw, 1024px\" \/><\/a><figcaption class=\"wp-element-caption\">Carnet de croquis \u00a9&nbsp;pfd 2025<\/figcaption><\/figure><\/div>\n\n<div class=\"wp-block-image\">\n<figure class=\"aligncenter size-large\"><a href=\"https:\/\/www.histoiresgalantes.fr\/blog\/wp-content\/uploads\/2025\/12\/IMG_6847.jpg\"><img loading=\"lazy\" decoding=\"async\" width=\"683\" height=\"1024\" src=\"https:\/\/www.histoiresgalantes.fr\/blog\/wp-content\/uploads\/2025\/12\/IMG_6847-683x1024.jpg\" alt=\"\" class=\"wp-image-31255\" srcset=\"https:\/\/www.histoiresgalantes.fr\/blog\/wp-content\/uploads\/2025\/12\/IMG_6847-683x1024.jpg 683w, https:\/\/www.histoiresgalantes.fr\/blog\/wp-content\/uploads\/2025\/12\/IMG_6847-200x300.jpg 200w, https:\/\/www.histoiresgalantes.fr\/blog\/wp-content\/uploads\/2025\/12\/IMG_6847-768x1152.jpg 768w, https:\/\/www.histoiresgalantes.fr\/blog\/wp-content\/uploads\/2025\/12\/IMG_6847.jpg 1000w\" sizes=\"auto, (max-width: 683px) 100vw, 683px\" \/><\/a><figcaption class=\"wp-element-caption\">Serre-livre chien (d\u00e9tail), G\u00e9o Cond\u00e9 pour Saint-Cl\u00e9ment, 1925-1930<\/figcaption><\/figure><\/div>\n\n<div class=\"wp-block-image\">\n<figure class=\"aligncenter size-large\"><a href=\"https:\/\/www.histoiresgalantes.fr\/blog\/wp-content\/uploads\/2025\/12\/IMG_6851.jpg\"><img loading=\"lazy\" decoding=\"async\" width=\"1024\" height=\"683\" src=\"https:\/\/www.histoiresgalantes.fr\/blog\/wp-content\/uploads\/2025\/12\/IMG_6851-1024x683.jpg\" alt=\"\" class=\"wp-image-31256\" srcset=\"https:\/\/www.histoiresgalantes.fr\/blog\/wp-content\/uploads\/2025\/12\/IMG_6851-1024x683.jpg 1024w, https:\/\/www.histoiresgalantes.fr\/blog\/wp-content\/uploads\/2025\/12\/IMG_6851-300x200.jpg 300w, https:\/\/www.histoiresgalantes.fr\/blog\/wp-content\/uploads\/2025\/12\/IMG_6851-768x512.jpg 768w, https:\/\/www.histoiresgalantes.fr\/blog\/wp-content\/uploads\/2025\/12\/IMG_6851-330x220.jpg 330w, https:\/\/www.histoiresgalantes.fr\/blog\/wp-content\/uploads\/2025\/12\/IMG_6851.jpg 1500w\" sizes=\"auto, (max-width: 1024px) 100vw, 1024px\" \/><\/a><figcaption class=\"wp-element-caption\">Boite de chocolats (d\u00e9tail)<\/figcaption><\/figure><\/div>\n\n<div class=\"wp-block-image\">\n<figure class=\"aligncenter size-large\"><a href=\"https:\/\/www.histoiresgalantes.fr\/blog\/wp-content\/uploads\/2025\/12\/art-deco2.jpg\"><img loading=\"lazy\" decoding=\"async\" width=\"1024\" height=\"360\" src=\"https:\/\/www.histoiresgalantes.fr\/blog\/wp-content\/uploads\/2025\/12\/art-deco2-1024x360.jpg\" alt=\"\" class=\"wp-image-31259\" srcset=\"https:\/\/www.histoiresgalantes.fr\/blog\/wp-content\/uploads\/2025\/12\/art-deco2-1024x360.jpg 1024w, https:\/\/www.histoiresgalantes.fr\/blog\/wp-content\/uploads\/2025\/12\/art-deco2-300x105.jpg 300w, https:\/\/www.histoiresgalantes.fr\/blog\/wp-content\/uploads\/2025\/12\/art-deco2-768x270.jpg 768w, https:\/\/www.histoiresgalantes.fr\/blog\/wp-content\/uploads\/2025\/12\/art-deco2.jpg 1500w\" sizes=\"auto, (max-width: 1024px) 100vw, 1024px\" \/><\/a><figcaption class=\"wp-element-caption\">Carnet de croquis \u00a9&nbsp;pfd 2025<\/figcaption><\/figure><\/div>\n\n<div class=\"wp-block-image\">\n<figure class=\"aligncenter size-large\"><a href=\"https:\/\/www.histoiresgalantes.fr\/blog\/wp-content\/uploads\/2025\/12\/IMG_6852.jpg\"><img loading=\"lazy\" decoding=\"async\" width=\"1024\" height=\"683\" src=\"https:\/\/www.histoiresgalantes.fr\/blog\/wp-content\/uploads\/2025\/12\/IMG_6852-1024x683.jpg\" alt=\"\" class=\"wp-image-31257\" srcset=\"https:\/\/www.histoiresgalantes.fr\/blog\/wp-content\/uploads\/2025\/12\/IMG_6852-1024x683.jpg 1024w, https:\/\/www.histoiresgalantes.fr\/blog\/wp-content\/uploads\/2025\/12\/IMG_6852-300x200.jpg 300w, https:\/\/www.histoiresgalantes.fr\/blog\/wp-content\/uploads\/2025\/12\/IMG_6852-768x512.jpg 768w, https:\/\/www.histoiresgalantes.fr\/blog\/wp-content\/uploads\/2025\/12\/IMG_6852-330x220.jpg 330w, https:\/\/www.histoiresgalantes.fr\/blog\/wp-content\/uploads\/2025\/12\/IMG_6852.jpg 1500w\" sizes=\"auto, (max-width: 1024px) 100vw, 1024px\" \/><\/a><figcaption class=\"wp-element-caption\">Vase \u00e0 d\u00e9cor de poissons, ann\u00e9e 1920, Andr\u00e9 Delatte<\/figcaption><\/figure><\/div>\n\n<div class=\"wp-block-image\">\n<figure class=\"aligncenter size-large\"><a href=\"https:\/\/www.histoiresgalantes.fr\/blog\/wp-content\/uploads\/2025\/12\/IMG_6845.jpg\"><img loading=\"lazy\" decoding=\"async\" width=\"682\" height=\"1024\" src=\"https:\/\/www.histoiresgalantes.fr\/blog\/wp-content\/uploads\/2025\/12\/IMG_6845-682x1024.jpg\" alt=\"\" class=\"wp-image-31264\" srcset=\"https:\/\/www.histoiresgalantes.fr\/blog\/wp-content\/uploads\/2025\/12\/IMG_6845-682x1024.jpg 682w, https:\/\/www.histoiresgalantes.fr\/blog\/wp-content\/uploads\/2025\/12\/IMG_6845-200x300.jpg 200w, https:\/\/www.histoiresgalantes.fr\/blog\/wp-content\/uploads\/2025\/12\/IMG_6845-768x1152.jpg 768w, https:\/\/www.histoiresgalantes.fr\/blog\/wp-content\/uploads\/2025\/12\/IMG_6845-1024x1536.jpg 1024w, https:\/\/www.histoiresgalantes.fr\/blog\/wp-content\/uploads\/2025\/12\/IMG_6845.jpg 1333w\" sizes=\"auto, (max-width: 682px) 100vw, 682px\" \/><\/a><figcaption class=\"wp-element-caption\">Peigne hippocampe \u00a9&nbsp;pfd 2025<\/figcaption><\/figure><\/div>\n\n\n<figure class=\"wp-block-video aligncenter\"><video autoplay controls loop src=\"https:\/\/www.histoiresgalantes.fr\/blog\/wp-content\/uploads\/2025\/12\/IMG_1002.mp4\"><\/video><\/figure>\n","protected":false},"excerpt":{"rendered":"<p>[Exposition] Arts d\u00e9coratifs au mus\u00e9e des Beaux-Arts de Nancy, une p\u00e9riode que personnellement j&#8217;adore !Nancy 1925. Une exp\u00e9rience de la vie moderneDu 5 novembre 2025 au 1er mars 2026Mus\u00e9e des Beaux-ArtsCent ans apr\u00e8s l\u2019Exposition internationale des arts d\u00e9coratifs et industriels modernes de Paris en 1925, l\u2019exposition Nancy 1925. Une exp\u00e9rience de la vie moderne se [&hellip;]<\/p>\n","protected":false},"author":1,"featured_media":31261,"comment_status":"open","ping_status":"open","sticky":false,"template":"","format":"image","meta":{"om_disable_all_campaigns":false,"_monsterinsights_skip_tracking":false,"_monsterinsights_sitenote_active":false,"_monsterinsights_sitenote_note":"","_monsterinsights_sitenote_category":0,"_s2mail":"","footnotes":""},"categories":[29],"tags":[],"class_list":["post-31252","post","type-post","status-publish","format-image","has-post-thumbnail","hentry","category-evenements","post_format-post-format-image"],"aioseo_notices":[],"_links":{"self":[{"href":"https:\/\/www.histoiresgalantes.fr\/blog\/wp-json\/wp\/v2\/posts\/31252","targetHints":{"allow":["GET"]}}],"collection":[{"href":"https:\/\/www.histoiresgalantes.fr\/blog\/wp-json\/wp\/v2\/posts"}],"about":[{"href":"https:\/\/www.histoiresgalantes.fr\/blog\/wp-json\/wp\/v2\/types\/post"}],"author":[{"embeddable":true,"href":"https:\/\/www.histoiresgalantes.fr\/blog\/wp-json\/wp\/v2\/users\/1"}],"replies":[{"embeddable":true,"href":"https:\/\/www.histoiresgalantes.fr\/blog\/wp-json\/wp\/v2\/comments?post=31252"}],"version-history":[{"count":5,"href":"https:\/\/www.histoiresgalantes.fr\/blog\/wp-json\/wp\/v2\/posts\/31252\/revisions"}],"predecessor-version":[{"id":31270,"href":"https:\/\/www.histoiresgalantes.fr\/blog\/wp-json\/wp\/v2\/posts\/31252\/revisions\/31270"}],"wp:featuredmedia":[{"embeddable":true,"href":"https:\/\/www.histoiresgalantes.fr\/blog\/wp-json\/wp\/v2\/media\/31261"}],"wp:attachment":[{"href":"https:\/\/www.histoiresgalantes.fr\/blog\/wp-json\/wp\/v2\/media?parent=31252"}],"wp:term":[{"taxonomy":"category","embeddable":true,"href":"https:\/\/www.histoiresgalantes.fr\/blog\/wp-json\/wp\/v2\/categories?post=31252"},{"taxonomy":"post_tag","embeddable":true,"href":"https:\/\/www.histoiresgalantes.fr\/blog\/wp-json\/wp\/v2\/tags?post=31252"}],"curies":[{"name":"wp","href":"https:\/\/api.w.org\/{rel}","templated":true}]}}