{"id":31273,"date":"2025-12-08T18:33:39","date_gmt":"2025-12-08T17:33:39","guid":{"rendered":"https:\/\/www.histoiresgalantes.fr\/blog\/?p=31273"},"modified":"2025-12-11T19:33:12","modified_gmt":"2025-12-11T18:33:12","slug":"le-gout-demilie-pour-le-verny-martin","status":"publish","type":"post","link":"https:\/\/www.histoiresgalantes.fr\/blog\/2025\/12\/08\/le-gout-demilie-pour-le-verny-martin\/","title":{"rendered":"Le go\u00fbt d&#8217;\u00c9milie pour le &#8220;verny Martin&#8221;"},"content":{"rendered":"\n<p>Entre 1734 et 1742, \u00c9milie du Ch\u00e2telet et Voltaire r\u00e9novent et agrandissent le ch\u00e2teau familial des Du Ch\u00e2telet \u00e0 Cirey-le-Ch\u00e2teau et ils sont tr\u00e8s friands de d\u00e9coration.<br>On peut facilement les imaginer, lorsqu\u2019ils sont \u00e0 Paris, courant les boutiques des marchands merciers afin de meubler et d\u00e9corer somptueusement leurs appartements dans lesquels ils v\u00e9curent leur idylle.<br>Ainsi on retrouve dans les chambres et cabinets de nos deux tourtereaux, les m\u00eames \u00ab papiers peints de la Chine \u00e0 grands personnages \u00bb, ou encore de nombreux meubles en \u00ab verny Martin \u00bb.<br>La marquise prend \u00e0 son service, \u00e0 demeure, Pierre Lebrun, jeune peintre form\u00e9 par les c\u00e9l\u00e8bres fr\u00e8res Martin.<br>Le jeune homme de 30 ans reste plusieurs ann\u00e9es au service de la marquise, peignant les commodes, les encoignures, les boiseries, les plafonds. Il est assist\u00e9 de fr\u00e8re Macaire, moine-peintre, logeant dans une petite chapelle situ\u00e9e dans les bois de Doulevant, \u00e0 2 km de Cirey.<br>Le vernis Martin, qui s\u2019est substitu\u00e9 \u00e0 la laque de Chine \u00e0 partir de 1728, a r\u00e9volutionn\u00e9 la d\u00e9coration int\u00e9rieure.<br>On le travaille selon le m\u00eame principe que la laque orientale, de couches superpos\u00e9es, mais on peut, grande nouveaut\u00e9, y introduire de la couleur, ce qui fait la sp\u00e9cificit\u00e9 de cette laque fran\u00e7aise.<br>la math\u00e9maticienne et le philosophe en raffolent.<br>Ainsi on voit d\u00e9filer dans les inventaires, commodes, encoignures, tablettes, tables, chaises, fauteuils, sophas, et lambris assortis en \u00ab verny vert et or \u00bb ou \u00ab verny bleu et jaune \u00bb selon les pi\u00e8ces et selon les saisons.<\/p>\n\n\n<div class=\"wp-block-image\">\n<figure class=\"aligncenter size-full\"><a href=\"https:\/\/www.histoiresgalantes.fr\/blog\/wp-content\/uploads\/2025\/12\/verny-martin9.jpg\"><img loading=\"lazy\" decoding=\"async\" width=\"500\" height=\"338\" src=\"https:\/\/www.histoiresgalantes.fr\/blog\/wp-content\/uploads\/2025\/12\/verny-martin9.jpg\" alt=\"\" class=\"wp-image-31274\" srcset=\"https:\/\/www.histoiresgalantes.fr\/blog\/wp-content\/uploads\/2025\/12\/verny-martin9.jpg 500w, https:\/\/www.histoiresgalantes.fr\/blog\/wp-content\/uploads\/2025\/12\/verny-martin9-300x203.jpg 300w\" sizes=\"auto, (max-width: 500px) 100vw, 500px\" \/><\/a><figcaption class=\"wp-element-caption\">Commode XVIIIe s., vernis Martin<\/figcaption><\/figure><\/div>\n\n<div class=\"wp-block-image\">\n<figure class=\"aligncenter size-full\"><a href=\"https:\/\/www.histoiresgalantes.fr\/blog\/wp-content\/uploads\/2025\/12\/verny-martin8.jpg\"><img loading=\"lazy\" decoding=\"async\" width=\"969\" height=\"676\" src=\"https:\/\/www.histoiresgalantes.fr\/blog\/wp-content\/uploads\/2025\/12\/verny-martin8.jpg\" alt=\"\" class=\"wp-image-31275\" srcset=\"https:\/\/www.histoiresgalantes.fr\/blog\/wp-content\/uploads\/2025\/12\/verny-martin8.jpg 969w, https:\/\/www.histoiresgalantes.fr\/blog\/wp-content\/uploads\/2025\/12\/verny-martin8-300x209.jpg 300w, https:\/\/www.histoiresgalantes.fr\/blog\/wp-content\/uploads\/2025\/12\/verny-martin8-768x536.jpg 768w\" sizes=\"auto, (max-width: 969px) 100vw, 969px\" \/><\/a><figcaption class=\"wp-element-caption\">Bureau XVIIIe s., vernis Martin<\/figcaption><\/figure><\/div>\n\n<div class=\"wp-block-image\">\n<figure class=\"aligncenter size-full\"><a href=\"https:\/\/www.histoiresgalantes.fr\/blog\/wp-content\/uploads\/2025\/12\/verny-martin7.jpg\"><img loading=\"lazy\" decoding=\"async\" width=\"554\" height=\"486\" src=\"https:\/\/www.histoiresgalantes.fr\/blog\/wp-content\/uploads\/2025\/12\/verny-martin7.jpg\" alt=\"\" class=\"wp-image-31276\" srcset=\"https:\/\/www.histoiresgalantes.fr\/blog\/wp-content\/uploads\/2025\/12\/verny-martin7.jpg 554w, https:\/\/www.histoiresgalantes.fr\/blog\/wp-content\/uploads\/2025\/12\/verny-martin7-300x263.jpg 300w\" sizes=\"auto, (max-width: 554px) 100vw, 554px\" \/><\/a><figcaption class=\"wp-element-caption\">Commode XVIIIe s., vernis Martin<\/figcaption><\/figure><\/div>\n\n<div class=\"wp-block-image\">\n<figure class=\"aligncenter size-full\"><a href=\"https:\/\/www.histoiresgalantes.fr\/blog\/wp-content\/uploads\/2025\/12\/verny-martin6.jpg\"><img loading=\"lazy\" decoding=\"async\" width=\"450\" height=\"334\" src=\"https:\/\/www.histoiresgalantes.fr\/blog\/wp-content\/uploads\/2025\/12\/verny-martin6.jpg\" alt=\"\" class=\"wp-image-31277\" srcset=\"https:\/\/www.histoiresgalantes.fr\/blog\/wp-content\/uploads\/2025\/12\/verny-martin6.jpg 450w, https:\/\/www.histoiresgalantes.fr\/blog\/wp-content\/uploads\/2025\/12\/verny-martin6-300x223.jpg 300w\" sizes=\"auto, (max-width: 450px) 100vw, 450px\" \/><\/a><figcaption class=\"wp-element-caption\">Commode XVIIIe s. (d\u00e9tail), vernis Martin<\/figcaption><\/figure><\/div>\n\n<div class=\"wp-block-image\">\n<figure class=\"aligncenter size-full\"><a href=\"https:\/\/www.histoiresgalantes.fr\/blog\/wp-content\/uploads\/2025\/12\/verny-martin5.jpg\"><img loading=\"lazy\" decoding=\"async\" width=\"1024\" height=\"679\" src=\"https:\/\/www.histoiresgalantes.fr\/blog\/wp-content\/uploads\/2025\/12\/verny-martin5.jpg\" alt=\"\" class=\"wp-image-31278\" srcset=\"https:\/\/www.histoiresgalantes.fr\/blog\/wp-content\/uploads\/2025\/12\/verny-martin5.jpg 1024w, https:\/\/www.histoiresgalantes.fr\/blog\/wp-content\/uploads\/2025\/12\/verny-martin5-300x199.jpg 300w, https:\/\/www.histoiresgalantes.fr\/blog\/wp-content\/uploads\/2025\/12\/verny-martin5-768x509.jpg 768w, https:\/\/www.histoiresgalantes.fr\/blog\/wp-content\/uploads\/2025\/12\/verny-martin5-330x220.jpg 330w\" sizes=\"auto, (max-width: 1024px) 100vw, 1024px\" \/><\/a><figcaption class=\"wp-element-caption\">Commode 1742, vernis Martin, Jacques Dubois&nbsp;(1694-1763)<\/figcaption><\/figure><\/div>\n\n<div class=\"wp-block-image\">\n<figure class=\"aligncenter size-full\"><a href=\"https:\/\/www.histoiresgalantes.fr\/blog\/wp-content\/uploads\/2025\/12\/verny-martin3.jpg\"><img loading=\"lazy\" decoding=\"async\" width=\"534\" height=\"528\" src=\"https:\/\/www.histoiresgalantes.fr\/blog\/wp-content\/uploads\/2025\/12\/verny-martin3.jpg\" alt=\"\" class=\"wp-image-31279\" srcset=\"https:\/\/www.histoiresgalantes.fr\/blog\/wp-content\/uploads\/2025\/12\/verny-martin3.jpg 534w, https:\/\/www.histoiresgalantes.fr\/blog\/wp-content\/uploads\/2025\/12\/verny-martin3-300x297.jpg 300w\" sizes=\"auto, (max-width: 534px) 100vw, 534px\" \/><\/a><figcaption class=\"wp-element-caption\">Commode XVIIIe s., vernis Martin<\/figcaption><\/figure><\/div>\n\n<div class=\"wp-block-image\">\n<figure class=\"aligncenter size-large\"><a href=\"https:\/\/www.histoiresgalantes.fr\/blog\/wp-content\/uploads\/2025\/12\/verny-martin1.jpg\"><img loading=\"lazy\" decoding=\"async\" width=\"1024\" height=\"1024\" src=\"https:\/\/www.histoiresgalantes.fr\/blog\/wp-content\/uploads\/2025\/12\/verny-martin1-1024x1024.jpg\" alt=\"\" class=\"wp-image-31280\" srcset=\"https:\/\/www.histoiresgalantes.fr\/blog\/wp-content\/uploads\/2025\/12\/verny-martin1-1024x1024.jpg 1024w, https:\/\/www.histoiresgalantes.fr\/blog\/wp-content\/uploads\/2025\/12\/verny-martin1-300x300.jpg 300w, https:\/\/www.histoiresgalantes.fr\/blog\/wp-content\/uploads\/2025\/12\/verny-martin1-150x150.jpg 150w, https:\/\/www.histoiresgalantes.fr\/blog\/wp-content\/uploads\/2025\/12\/verny-martin1-768x768.jpg 768w, https:\/\/www.histoiresgalantes.fr\/blog\/wp-content\/uploads\/2025\/12\/verny-martin1-1536x1536.jpg 1536w, https:\/\/www.histoiresgalantes.fr\/blog\/wp-content\/uploads\/2025\/12\/verny-martin1.jpg 2000w\" sizes=\"auto, (max-width: 1024px) 100vw, 1024px\" \/><\/a><figcaption class=\"wp-element-caption\">Commode XVIIIe s., vernis Martin<\/figcaption><\/figure><\/div>\n\n<div class=\"wp-block-image\">\n<figure class=\"aligncenter size-full\"><a href=\"https:\/\/www.histoiresgalantes.fr\/blog\/wp-content\/uploads\/2025\/12\/verny-martin4.jpg\"><img loading=\"lazy\" decoding=\"async\" width=\"800\" height=\"961\" src=\"https:\/\/www.histoiresgalantes.fr\/blog\/wp-content\/uploads\/2025\/12\/verny-martin4.jpg\" alt=\"\" class=\"wp-image-31281\" srcset=\"https:\/\/www.histoiresgalantes.fr\/blog\/wp-content\/uploads\/2025\/12\/verny-martin4.jpg 800w, https:\/\/www.histoiresgalantes.fr\/blog\/wp-content\/uploads\/2025\/12\/verny-martin4-250x300.jpg 250w, https:\/\/www.histoiresgalantes.fr\/blog\/wp-content\/uploads\/2025\/12\/verny-martin4-768x923.jpg 768w\" sizes=\"auto, (max-width: 800px) 100vw, 800px\" \/><\/a><figcaption class=\"wp-element-caption\">Table de chevet pieds de biche, \u00e9poque Louis XV, vernis Martin<\/figcaption><\/figure><\/div>","protected":false},"excerpt":{"rendered":"<p>Entre 1734 et 1742, \u00c9milie du Ch\u00e2telet et Voltaire r\u00e9novent et agrandissent le ch\u00e2teau familial des Du Ch\u00e2telet \u00e0 Cirey-le-Ch\u00e2teau et ils sont tr\u00e8s friands de d\u00e9coration.On peut facilement les imaginer, lorsqu\u2019ils sont \u00e0 Paris, courant les boutiques des marchands merciers afin de meubler et d\u00e9corer somptueusement leurs appartements dans lesquels ils v\u00e9curent leur idylle.Ainsi [&hellip;]<\/p>\n","protected":false},"author":1,"featured_media":31282,"comment_status":"open","ping_status":"open","sticky":false,"template":"","format":"image","meta":{"om_disable_all_campaigns":false,"_monsterinsights_skip_tracking":false,"_monsterinsights_sitenote_active":false,"_monsterinsights_sitenote_note":"","_monsterinsights_sitenote_category":0,"_s2mail":"","footnotes":""},"categories":[77,75,74],"tags":[],"class_list":["post-31273","post","type-post","status-publish","format-image","has-post-thumbnail","hentry","category-decoration","category-home-sweet-home","category-life-style-xviiie","post_format-post-format-image"],"aioseo_notices":[],"_links":{"self":[{"href":"https:\/\/www.histoiresgalantes.fr\/blog\/wp-json\/wp\/v2\/posts\/31273","targetHints":{"allow":["GET"]}}],"collection":[{"href":"https:\/\/www.histoiresgalantes.fr\/blog\/wp-json\/wp\/v2\/posts"}],"about":[{"href":"https:\/\/www.histoiresgalantes.fr\/blog\/wp-json\/wp\/v2\/types\/post"}],"author":[{"embeddable":true,"href":"https:\/\/www.histoiresgalantes.fr\/blog\/wp-json\/wp\/v2\/users\/1"}],"replies":[{"embeddable":true,"href":"https:\/\/www.histoiresgalantes.fr\/blog\/wp-json\/wp\/v2\/comments?post=31273"}],"version-history":[{"count":7,"href":"https:\/\/www.histoiresgalantes.fr\/blog\/wp-json\/wp\/v2\/posts\/31273\/revisions"}],"predecessor-version":[{"id":31290,"href":"https:\/\/www.histoiresgalantes.fr\/blog\/wp-json\/wp\/v2\/posts\/31273\/revisions\/31290"}],"wp:featuredmedia":[{"embeddable":true,"href":"https:\/\/www.histoiresgalantes.fr\/blog\/wp-json\/wp\/v2\/media\/31282"}],"wp:attachment":[{"href":"https:\/\/www.histoiresgalantes.fr\/blog\/wp-json\/wp\/v2\/media?parent=31273"}],"wp:term":[{"taxonomy":"category","embeddable":true,"href":"https:\/\/www.histoiresgalantes.fr\/blog\/wp-json\/wp\/v2\/categories?post=31273"},{"taxonomy":"post_tag","embeddable":true,"href":"https:\/\/www.histoiresgalantes.fr\/blog\/wp-json\/wp\/v2\/tags?post=31273"}],"curies":[{"name":"wp","href":"https:\/\/api.w.org\/{rel}","templated":true}]}}