{"id":31850,"date":"2026-01-30T10:12:27","date_gmt":"2026-01-30T09:12:27","guid":{"rendered":"https:\/\/www.histoiresgalantes.fr\/blog\/?p=31850"},"modified":"2026-02-02T10:55:54","modified_gmt":"2026-02-02T09:55:54","slug":"magies-baroques","status":"publish","type":"post","link":"https:\/\/www.histoiresgalantes.fr\/blog\/2026\/01\/30\/magies-baroques\/","title":{"rendered":"Magies Baroques"},"content":{"rendered":"\n<h2 class=\"wp-block-heading\" id=\"presentation\">Exposition<br>Ch\u00e2teau de Voltaire &#8211; \u00a9 Centre des monuments nationaux<\/h2>\n\n\n\n<p>Dans les salles du ch\u00e2teau de Voltaire, d\u00e9ambulez parmi des cr\u00e9ations visuelles et sonores et d\u00e9couvrez la fascination que la figure de la magicienne a exerc\u00e9e dans l&#8217;imaginaire artistique, de la Renaissance \u00e0 l&#8217;\u00e9poque baroque.<\/p>\n\n\n\n<p>Cette&nbsp;<strong>exposition&nbsp;<\/strong>met en lumi\u00e8re la&nbsp;<strong>figure&nbsp;<\/strong>de la&nbsp;<strong>magicienne baroque<\/strong>&nbsp;et de ses&nbsp;<strong>enchantements<\/strong>, \u00e0 travers un&nbsp;<strong>parcours spectaculaire<\/strong>&nbsp;!&nbsp;<\/p>\n\n\n\n<p>Capables d&#8217;emprisonner les&nbsp;<strong>chevaliers&nbsp;<\/strong>dans leurs&nbsp;<strong>jardins d&#8217;illusion<\/strong>, de&nbsp;<strong>m\u00e9tamorphoser&nbsp;<\/strong>les&nbsp;<strong>hommes&nbsp;<\/strong>ou encore de faire&nbsp;<strong>d\u00e9ferler les \u00e9clairs<\/strong>, les&nbsp;<strong>magiciennes<\/strong>, nomm\u00e9es&nbsp;<strong>Circ\u00e9<\/strong>,&nbsp;<strong>Alcina&nbsp;<\/strong>ou encore&nbsp;<strong>Armide<\/strong>, ont \u00e9t\u00e9 une figure majeure de la<strong>&nbsp;culture baroque<\/strong>.&nbsp;<\/p>\n\n\n\n<p>En filigrane, c&#8217;est une\u00a0<strong>pr\u00e9sentation du monde du spectacle<\/strong>, de ses\u00a0<strong>m\u00e9canismes ing\u00e9nieux\u00a0<\/strong>et de sa mise en lumi\u00e8re telle qu&#8217;envisag\u00e9e \u00e0 la\u00a0<strong>p\u00e9riode baroque\u00a0<\/strong>qui nous est d\u00e9voil\u00e9e.<\/p>\n\n\n\n<p>De sc\u00e8nes en sc\u00e8nes, magie, m\u00e9tamorphoses, envoutements et autres d\u00e9cors enchanteurs vous transporteront dans un&nbsp;<strong>d\u00e9cor&nbsp;<\/strong>o\u00f9 les&nbsp;<strong>fronti\u00e8res du monde de la magie<\/strong>&nbsp;se fondent dans des&nbsp;<strong>d\u00e9cors de th\u00e9\u00e2tre<\/strong>&nbsp;et dans les diverses pi\u00e8ces du ch\u00e2teau.<\/p>\n\n\n\n<p>Cette exposition est \u00e0 partager en famille ou entre amis, pour le plus grand plaisir des petits et des grands &nbsp;!<\/p>\n\n\n\n<p>Texte emprunt\u00e9 au Ch\u00e2teau de Voltaire &#8211; \u00a9 Centre des monuments nationaux<br><a href=\"https:\/\/www.chateau-ferney-voltaire.fr\/agenda\/magies-baroques?fbclid=IwY2xjawPpUppleHRuA2FlbQIxMABicmlkETFQUmczWHp0em5zcGhyM1l0c3J0YwZhcHBfaWQQMjIyMDM5MTc4ODIwMDg5MgABHtaqEFYHNo8NolvCE7x2up3yQeIkTsxtC7PAWp4qIJhYKp-0gE00hjzNFYJv_aem_KDvXkIcxi51nvbJo6PMP4w\" target=\"_blank\" rel=\"noopener\" title=\"\">Page \u00e0 voir ici<\/a><\/p>\n\n\n<div class=\"wp-block-image\">\n<figure class=\"aligncenter size-large\"><a href=\"https:\/\/www.histoiresgalantes.fr\/blog\/wp-content\/uploads\/2026\/01\/1-IMG_0388-copie-1600x934-1.jpg\"><img loading=\"lazy\" decoding=\"async\" width=\"1024\" height=\"598\" src=\"https:\/\/www.histoiresgalantes.fr\/blog\/wp-content\/uploads\/2026\/01\/1-IMG_0388-copie-1600x934-1-1024x598.jpg\" alt=\"\" class=\"wp-image-31851\" srcset=\"https:\/\/www.histoiresgalantes.fr\/blog\/wp-content\/uploads\/2026\/01\/1-IMG_0388-copie-1600x934-1-1024x598.jpg 1024w, https:\/\/www.histoiresgalantes.fr\/blog\/wp-content\/uploads\/2026\/01\/1-IMG_0388-copie-1600x934-1-300x175.jpg 300w, https:\/\/www.histoiresgalantes.fr\/blog\/wp-content\/uploads\/2026\/01\/1-IMG_0388-copie-1600x934-1-768x448.jpg 768w, https:\/\/www.histoiresgalantes.fr\/blog\/wp-content\/uploads\/2026\/01\/1-IMG_0388-copie-1600x934-1-1536x897.jpg 1536w, https:\/\/www.histoiresgalantes.fr\/blog\/wp-content\/uploads\/2026\/01\/1-IMG_0388-copie-1600x934-1.jpg 1600w\" sizes=\"auto, (max-width: 1024px) 100vw, 1024px\" \/><\/a><figcaption class=\"wp-element-caption\">Ch\u00e2teau de Voltaire &#8211; \u00a9 Centre des monuments nationaux<\/figcaption><\/figure><\/div>","protected":false},"excerpt":{"rendered":"<p>ExpositionCh\u00e2teau de Voltaire &#8211; \u00a9 Centre des monuments nationaux Dans les salles du ch\u00e2teau de Voltaire, d\u00e9ambulez parmi des cr\u00e9ations visuelles et sonores et d\u00e9couvrez la fascination que la figure de la magicienne a exerc\u00e9e dans l&#8217;imaginaire artistique, de la Renaissance \u00e0 l&#8217;\u00e9poque baroque. Cette&nbsp;exposition&nbsp;met en lumi\u00e8re la&nbsp;figure&nbsp;de la&nbsp;magicienne baroque&nbsp;et de ses&nbsp;enchantements, \u00e0 travers un&nbsp;parcours [&hellip;]<\/p>\n","protected":false},"author":1,"featured_media":31851,"comment_status":"open","ping_status":"open","sticky":false,"template":"","format":"image","meta":{"om_disable_all_campaigns":false,"_monsterinsights_skip_tracking":false,"_monsterinsights_sitenote_active":false,"_monsterinsights_sitenote_note":"","_monsterinsights_sitenote_category":0,"_s2mail":"","footnotes":""},"categories":[29],"tags":[],"class_list":["post-31850","post","type-post","status-publish","format-image","has-post-thumbnail","hentry","category-evenements","post_format-post-format-image"],"aioseo_notices":[],"_links":{"self":[{"href":"https:\/\/www.histoiresgalantes.fr\/blog\/wp-json\/wp\/v2\/posts\/31850","targetHints":{"allow":["GET"]}}],"collection":[{"href":"https:\/\/www.histoiresgalantes.fr\/blog\/wp-json\/wp\/v2\/posts"}],"about":[{"href":"https:\/\/www.histoiresgalantes.fr\/blog\/wp-json\/wp\/v2\/types\/post"}],"author":[{"embeddable":true,"href":"https:\/\/www.histoiresgalantes.fr\/blog\/wp-json\/wp\/v2\/users\/1"}],"replies":[{"embeddable":true,"href":"https:\/\/www.histoiresgalantes.fr\/blog\/wp-json\/wp\/v2\/comments?post=31850"}],"version-history":[{"count":2,"href":"https:\/\/www.histoiresgalantes.fr\/blog\/wp-json\/wp\/v2\/posts\/31850\/revisions"}],"predecessor-version":[{"id":31854,"href":"https:\/\/www.histoiresgalantes.fr\/blog\/wp-json\/wp\/v2\/posts\/31850\/revisions\/31854"}],"wp:featuredmedia":[{"embeddable":true,"href":"https:\/\/www.histoiresgalantes.fr\/blog\/wp-json\/wp\/v2\/media\/31851"}],"wp:attachment":[{"href":"https:\/\/www.histoiresgalantes.fr\/blog\/wp-json\/wp\/v2\/media?parent=31850"}],"wp:term":[{"taxonomy":"category","embeddable":true,"href":"https:\/\/www.histoiresgalantes.fr\/blog\/wp-json\/wp\/v2\/categories?post=31850"},{"taxonomy":"post_tag","embeddable":true,"href":"https:\/\/www.histoiresgalantes.fr\/blog\/wp-json\/wp\/v2\/tags?post=31850"}],"curies":[{"name":"wp","href":"https:\/\/api.w.org\/{rel}","templated":true}]}}