{"id":32007,"date":"2026-03-18T19:21:16","date_gmt":"2026-03-18T18:21:16","guid":{"rendered":"https:\/\/www.histoiresgalantes.fr\/blog\/?p=32007"},"modified":"2026-03-18T19:24:26","modified_gmt":"2026-03-18T18:24:26","slug":"le-printemps-a-cirey","status":"publish","type":"post","link":"https:\/\/www.histoiresgalantes.fr\/blog\/2026\/03\/18\/le-printemps-a-cirey\/","title":{"rendered":"Le Printemps \u00e0 Cirey"},"content":{"rendered":"\n<p>Petite visite matinale au ch\u00e2teau de Cirey-sur-Blaise pour le tournage d&#8217;un documentaire sur \u00c9milie du Ch\u00e2telet, \u00e0 para\u00eetre bient\u00f4t.<br>Merci \u00e0 l&#8217;\u00e9quipe de FR3 et \u00e0 la propri\u00e9taire du ch\u00e2teau, ce fut une belle matin\u00e9e !<\/p>\n\n\n<div class=\"wp-block-image\">\n<figure class=\"aligncenter size-large\"><a href=\"https:\/\/www.histoiresgalantes.fr\/blog\/wp-content\/uploads\/2026\/03\/IMG_7058.jpg\"><img loading=\"lazy\" decoding=\"async\" width=\"683\" height=\"1024\" src=\"https:\/\/www.histoiresgalantes.fr\/blog\/wp-content\/uploads\/2026\/03\/IMG_7058-683x1024.jpg\" alt=\"\" class=\"wp-image-32009\" srcset=\"https:\/\/www.histoiresgalantes.fr\/blog\/wp-content\/uploads\/2026\/03\/IMG_7058-683x1024.jpg 683w, https:\/\/www.histoiresgalantes.fr\/blog\/wp-content\/uploads\/2026\/03\/IMG_7058-200x300.jpg 200w, https:\/\/www.histoiresgalantes.fr\/blog\/wp-content\/uploads\/2026\/03\/IMG_7058-768x1152.jpg 768w, https:\/\/www.histoiresgalantes.fr\/blog\/wp-content\/uploads\/2026\/03\/IMG_7058.jpg 1000w\" sizes=\"auto, (max-width: 683px) 100vw, 683px\" \/><\/a><figcaption class=\"wp-element-caption\">La porte de Jeanne \u00a9 PFD 2026<\/figcaption><\/figure><\/div>\n\n<div class=\"wp-block-image\">\n<figure class=\"aligncenter size-large\"><a href=\"https:\/\/www.histoiresgalantes.fr\/blog\/wp-content\/uploads\/2026\/03\/IMG_7059.jpg\"><img loading=\"lazy\" decoding=\"async\" width=\"683\" height=\"1024\" src=\"https:\/\/www.histoiresgalantes.fr\/blog\/wp-content\/uploads\/2026\/03\/IMG_7059-683x1024.jpg\" alt=\"\" class=\"wp-image-32015\" srcset=\"https:\/\/www.histoiresgalantes.fr\/blog\/wp-content\/uploads\/2026\/03\/IMG_7059-683x1024.jpg 683w, https:\/\/www.histoiresgalantes.fr\/blog\/wp-content\/uploads\/2026\/03\/IMG_7059-200x300.jpg 200w, https:\/\/www.histoiresgalantes.fr\/blog\/wp-content\/uploads\/2026\/03\/IMG_7059-768x1152.jpg 768w, https:\/\/www.histoiresgalantes.fr\/blog\/wp-content\/uploads\/2026\/03\/IMG_7059.jpg 1000w\" sizes=\"auto, (max-width: 683px) 100vw, 683px\" \/><\/a><figcaption class=\"wp-element-caption\">Timide primev\u00e8re \u00a9 PFD 2026<\/figcaption><\/figure><\/div>\n\n<div class=\"wp-block-image\">\n<figure class=\"aligncenter size-large\"><a href=\"https:\/\/www.histoiresgalantes.fr\/blog\/wp-content\/uploads\/2026\/03\/IMG_7066.jpg\"><img loading=\"lazy\" decoding=\"async\" width=\"1024\" height=\"683\" src=\"https:\/\/www.histoiresgalantes.fr\/blog\/wp-content\/uploads\/2026\/03\/IMG_7066-1024x683.jpg\" alt=\"\" class=\"wp-image-32011\" srcset=\"https:\/\/www.histoiresgalantes.fr\/blog\/wp-content\/uploads\/2026\/03\/IMG_7066-1024x683.jpg 1024w, https:\/\/www.histoiresgalantes.fr\/blog\/wp-content\/uploads\/2026\/03\/IMG_7066-300x200.jpg 300w, https:\/\/www.histoiresgalantes.fr\/blog\/wp-content\/uploads\/2026\/03\/IMG_7066-768x512.jpg 768w, https:\/\/www.histoiresgalantes.fr\/blog\/wp-content\/uploads\/2026\/03\/IMG_7066-330x220.jpg 330w, https:\/\/www.histoiresgalantes.fr\/blog\/wp-content\/uploads\/2026\/03\/IMG_7066.jpg 1500w\" sizes=\"auto, (max-width: 1024px) 100vw, 1024px\" \/><\/a><figcaption class=\"wp-element-caption\">La porte des arts \u00a9 PFD 2026<\/figcaption><\/figure><\/div>\n\n<div class=\"wp-block-image\">\n<figure class=\"aligncenter size-large\"><a href=\"https:\/\/www.histoiresgalantes.fr\/blog\/wp-content\/uploads\/2026\/03\/IMG_7065.jpg\"><img loading=\"lazy\" decoding=\"async\" width=\"683\" height=\"1024\" src=\"https:\/\/www.histoiresgalantes.fr\/blog\/wp-content\/uploads\/2026\/03\/IMG_7065-683x1024.jpg\" alt=\"\" class=\"wp-image-32008\" srcset=\"https:\/\/www.histoiresgalantes.fr\/blog\/wp-content\/uploads\/2026\/03\/IMG_7065-683x1024.jpg 683w, https:\/\/www.histoiresgalantes.fr\/blog\/wp-content\/uploads\/2026\/03\/IMG_7065-200x300.jpg 200w, https:\/\/www.histoiresgalantes.fr\/blog\/wp-content\/uploads\/2026\/03\/IMG_7065-768x1152.jpg 768w, https:\/\/www.histoiresgalantes.fr\/blog\/wp-content\/uploads\/2026\/03\/IMG_7065.jpg 1000w\" sizes=\"auto, (max-width: 683px) 100vw, 683px\" \/><\/a><figcaption class=\"wp-element-caption\">La promenade du belv\u00e9d\u00e8re \u00a9 PFD 2026<\/figcaption><\/figure><\/div>\n\n<div class=\"wp-block-image\">\n<figure class=\"aligncenter size-large\"><a href=\"https:\/\/www.histoiresgalantes.fr\/blog\/wp-content\/uploads\/2026\/03\/IMG_7071.jpg\"><img loading=\"lazy\" decoding=\"async\" width=\"1024\" height=\"683\" src=\"https:\/\/www.histoiresgalantes.fr\/blog\/wp-content\/uploads\/2026\/03\/IMG_7071-1024x683.jpg\" alt=\"\" class=\"wp-image-32010\" srcset=\"https:\/\/www.histoiresgalantes.fr\/blog\/wp-content\/uploads\/2026\/03\/IMG_7071-1024x683.jpg 1024w, https:\/\/www.histoiresgalantes.fr\/blog\/wp-content\/uploads\/2026\/03\/IMG_7071-300x200.jpg 300w, https:\/\/www.histoiresgalantes.fr\/blog\/wp-content\/uploads\/2026\/03\/IMG_7071-768x512.jpg 768w, https:\/\/www.histoiresgalantes.fr\/blog\/wp-content\/uploads\/2026\/03\/IMG_7071-330x220.jpg 330w, https:\/\/www.histoiresgalantes.fr\/blog\/wp-content\/uploads\/2026\/03\/IMG_7071.jpg 1500w\" sizes=\"auto, (max-width: 1024px) 100vw, 1024px\" \/><\/a><figcaption class=\"wp-element-caption\">Vue du ch\u00e2teau depuis la promenade \u00a9 PFD 2026<\/figcaption><\/figure><\/div>","protected":false},"excerpt":{"rendered":"<p>Petite visite matinale au ch\u00e2teau de Cirey-sur-Blaise pour le tournage d&#8217;un documentaire sur \u00c9milie du Ch\u00e2telet, \u00e0 para\u00eetre bient\u00f4t.Merci \u00e0 l&#8217;\u00e9quipe de FR3 et \u00e0 la propri\u00e9taire du ch\u00e2teau, ce fut une belle matin\u00e9e !<\/p>\n","protected":false},"author":1,"featured_media":32014,"comment_status":"open","ping_status":"open","sticky":false,"template":"","format":"image","meta":{"om_disable_all_campaigns":false,"_monsterinsights_skip_tracking":false,"_monsterinsights_sitenote_active":false,"_monsterinsights_sitenote_note":"","_monsterinsights_sitenote_category":0,"_s2mail":"","footnotes":""},"categories":[32,26],"tags":[],"class_list":["post-32007","post","type-post","status-publish","format-image","has-post-thumbnail","hentry","category-sites-a-visiter","category-mme-du-chatelet","post_format-post-format-image"],"aioseo_notices":[],"_links":{"self":[{"href":"https:\/\/www.histoiresgalantes.fr\/blog\/wp-json\/wp\/v2\/posts\/32007","targetHints":{"allow":["GET"]}}],"collection":[{"href":"https:\/\/www.histoiresgalantes.fr\/blog\/wp-json\/wp\/v2\/posts"}],"about":[{"href":"https:\/\/www.histoiresgalantes.fr\/blog\/wp-json\/wp\/v2\/types\/post"}],"author":[{"embeddable":true,"href":"https:\/\/www.histoiresgalantes.fr\/blog\/wp-json\/wp\/v2\/users\/1"}],"replies":[{"embeddable":true,"href":"https:\/\/www.histoiresgalantes.fr\/blog\/wp-json\/wp\/v2\/comments?post=32007"}],"version-history":[{"count":3,"href":"https:\/\/www.histoiresgalantes.fr\/blog\/wp-json\/wp\/v2\/posts\/32007\/revisions"}],"predecessor-version":[{"id":32017,"href":"https:\/\/www.histoiresgalantes.fr\/blog\/wp-json\/wp\/v2\/posts\/32007\/revisions\/32017"}],"wp:featuredmedia":[{"embeddable":true,"href":"https:\/\/www.histoiresgalantes.fr\/blog\/wp-json\/wp\/v2\/media\/32014"}],"wp:attachment":[{"href":"https:\/\/www.histoiresgalantes.fr\/blog\/wp-json\/wp\/v2\/media?parent=32007"}],"wp:term":[{"taxonomy":"category","embeddable":true,"href":"https:\/\/www.histoiresgalantes.fr\/blog\/wp-json\/wp\/v2\/categories?post=32007"},{"taxonomy":"post_tag","embeddable":true,"href":"https:\/\/www.histoiresgalantes.fr\/blog\/wp-json\/wp\/v2\/tags?post=32007"}],"curies":[{"name":"wp","href":"https:\/\/api.w.org\/{rel}","templated":true}]}}