{"id":32025,"date":"2026-03-18T19:52:24","date_gmt":"2026-03-18T18:52:24","guid":{"rendered":"https:\/\/www.histoiresgalantes.fr\/blog\/?p=32025"},"modified":"2026-03-18T19:57:23","modified_gmt":"2026-03-18T18:57:23","slug":"voltaire-et-la-petite-voleuse-paraitra-en-mai-aux-editions-liralest","status":"publish","type":"post","link":"https:\/\/www.histoiresgalantes.fr\/blog\/2026\/03\/18\/voltaire-et-la-petite-voleuse-paraitra-en-mai-aux-editions-liralest\/","title":{"rendered":"Deux nouveaux titres dans la collection Histoires galantes"},"content":{"rendered":"\n<p>\u00e0 para\u00eetre en mai et septembre 2026 aux \u00e9ditions Liralest<\/p>\n\n\n<div class=\"wp-block-image\">\n<figure class=\"aligncenter size-full\"><a href=\"https:\/\/www.histoiresgalantes.fr\/blog\/wp-content\/uploads\/2026\/03\/seau.gif\"><img loading=\"lazy\" decoding=\"async\" width=\"600\" height=\"604\" src=\"https:\/\/www.histoiresgalantes.fr\/blog\/wp-content\/uploads\/2026\/03\/seau.gif\" alt=\"\" class=\"wp-image-32026\"\/><\/a><\/figure><\/div>","protected":false},"excerpt":{"rendered":"<p>\u00e0 para\u00eetre en mai et septembre 2026 aux \u00e9ditions Liralest<\/p>\n","protected":false},"author":1,"featured_media":32030,"comment_status":"open","ping_status":"open","sticky":false,"template":"","format":"image","meta":{"om_disable_all_campaigns":false,"_monsterinsights_skip_tracking":false,"_monsterinsights_sitenote_active":false,"_monsterinsights_sitenote_note":"","_monsterinsights_sitenote_category":0,"_s2mail":"","footnotes":""},"categories":[41,26],"tags":[],"class_list":["post-32025","post","type-post","status-publish","format-image","has-post-thumbnail","hentry","category-litterature","category-mme-du-chatelet","post_format-post-format-image"],"aioseo_notices":[],"_links":{"self":[{"href":"https:\/\/www.histoiresgalantes.fr\/blog\/wp-json\/wp\/v2\/posts\/32025","targetHints":{"allow":["GET"]}}],"collection":[{"href":"https:\/\/www.histoiresgalantes.fr\/blog\/wp-json\/wp\/v2\/posts"}],"about":[{"href":"https:\/\/www.histoiresgalantes.fr\/blog\/wp-json\/wp\/v2\/types\/post"}],"author":[{"embeddable":true,"href":"https:\/\/www.histoiresgalantes.fr\/blog\/wp-json\/wp\/v2\/users\/1"}],"replies":[{"embeddable":true,"href":"https:\/\/www.histoiresgalantes.fr\/blog\/wp-json\/wp\/v2\/comments?post=32025"}],"version-history":[{"count":4,"href":"https:\/\/www.histoiresgalantes.fr\/blog\/wp-json\/wp\/v2\/posts\/32025\/revisions"}],"predecessor-version":[{"id":32032,"href":"https:\/\/www.histoiresgalantes.fr\/blog\/wp-json\/wp\/v2\/posts\/32025\/revisions\/32032"}],"wp:featuredmedia":[{"embeddable":true,"href":"https:\/\/www.histoiresgalantes.fr\/blog\/wp-json\/wp\/v2\/media\/32030"}],"wp:attachment":[{"href":"https:\/\/www.histoiresgalantes.fr\/blog\/wp-json\/wp\/v2\/media?parent=32025"}],"wp:term":[{"taxonomy":"category","embeddable":true,"href":"https:\/\/www.histoiresgalantes.fr\/blog\/wp-json\/wp\/v2\/categories?post=32025"},{"taxonomy":"post_tag","embeddable":true,"href":"https:\/\/www.histoiresgalantes.fr\/blog\/wp-json\/wp\/v2\/tags?post=32025"}],"curies":[{"name":"wp","href":"https:\/\/api.w.org\/{rel}","templated":true}]}}