{"id":3572,"date":"2016-04-03T17:32:33","date_gmt":"2016-04-03T16:32:33","guid":{"rendered":"http:\/\/www.histoiresgalantes.fr\/blog\/?p=3572"},"modified":"2017-09-22T09:07:58","modified_gmt":"2017-09-22T08:07:58","slug":"les-lorrains-ont-mange-des-patates-avant-tout-le-monde","status":"publish","type":"post","link":"https:\/\/www.histoiresgalantes.fr\/blog\/2016\/04\/03\/les-lorrains-ont-mange-des-patates-avant-tout-le-monde\/","title":{"rendered":"Les lorrains ont mang\u00e9 des patates avant tout le monde !"},"content":{"rendered":"<p>Saviez vous que la pomme de terre \u00e9tait servie \u00e0 la table de la cour de Lorraine bien avant que la France n&#8217;en autorise la culture ?<br \/>\n<a href=\"https:\/\/www.histoiresgalantes.fr\/blog\/2016\/03\/18\/un-petit-coin-de-paradis\/\"><strong>Le marquis de Lambertye<\/strong><\/a>, premier gentilhomme de la cour de L\u00e9opold, la ram\u00e8ne en 1718 d&#8217;Angleterre, pays o\u00f9 elle est tr\u00e8s appr\u00e9ci\u00e9e par les riches et les notables depuis 1663, et c&#8217;est bien avant que Parmentier ne la mette au gout du jour en France pour lutter contre les famines en 1778 !<br \/>\nLa &#8220;patate&#8221; est donc la reine des repas de<a href=\"https:\/\/www.histoiresgalantes.fr\/blog\/category\/cour-de-leopold\/\"> <strong>la cour de Lun\u00e9ville<\/strong> <\/a>pendant que la France continue \u00e0 en interdire la culture, la consid\u00e9rant comme impure et impropre \u00e0 la consommation humaine, elle y est m\u00eame synonyme de mortification et de p\u00e9nitence. Brrrrrrrr<br \/>\n<a href=\"https:\/\/www.histoiresgalantes.fr\/blog\/2015\/06\/29\/whaouh\/\"><strong>Famille de Lambertye, ch\u00e2teau de Gerb\u00e9viller<\/strong><\/a><br \/>\nIllustration \u00a9 Carolus Clusius. 1588.<br \/>\narticle\u00a9PFDebert<\/p>\n<figure id=\"attachment_3574\" class=\"thumbnail wp-caption alignnone\" style=\"width: 750px\"><a href=\"https:\/\/www.histoiresgalantes.fr\/blog\/2016\/04\/03\/les-lorrains-ont-mange-des-patates-avant-tout-le-monde\/aquarelle-de-clusius-1588\/\" rel=\"attachment wp-att-3574\"><img loading=\"lazy\" decoding=\"async\" class=\"size-full wp-image-3574\" src=\"https:\/\/www.histoiresgalantes.fr\/blog\/wp-content\/uploads\/2016\/04\/Aquarelle_de_Clusius.jpg\" alt=\"Aquarelle de Clusius 1588\" width=\"740\" height=\"1118\" srcset=\"https:\/\/www.histoiresgalantes.fr\/blog\/wp-content\/uploads\/2016\/04\/Aquarelle_de_Clusius.jpg 740w, https:\/\/www.histoiresgalantes.fr\/blog\/wp-content\/uploads\/2016\/04\/Aquarelle_de_Clusius-199x300.jpg 199w, https:\/\/www.histoiresgalantes.fr\/blog\/wp-content\/uploads\/2016\/04\/Aquarelle_de_Clusius-678x1024.jpg 678w\" sizes=\"auto, (max-width: 740px) 100vw, 740px\" \/><\/a><figcaption class=\"caption wp-caption-text\">Aquarelle de Clusius 1588<\/figcaption><\/figure>\n","protected":false},"excerpt":{"rendered":"<p>Saviez vous que la pomme de terre \u00e9tait servie \u00e0 la table de la cour de Lorraine bien avant que la France n&#8217;en autorise la culture ? Le marquis de Lambertye, premier gentilhomme de la cour de L\u00e9opold, la ram\u00e8ne en 1718 d&#8217;Angleterre, pays o\u00f9 elle est tr\u00e8s appr\u00e9ci\u00e9e par les riches et les notables [&hellip;]<\/p>\n","protected":false},"author":1,"featured_media":7676,"comment_status":"open","ping_status":"open","sticky":false,"template":"","format":"image","meta":{"om_disable_all_campaigns":false,"_monsterinsights_skip_tracking":false,"_monsterinsights_sitenote_active":false,"_monsterinsights_sitenote_note":"","_monsterinsights_sitenote_category":0,"_s2mail":"yes","footnotes":""},"categories":[37,19,12],"tags":[],"class_list":["post-3572","post","type-post","status-publish","format-image","has-post-thumbnail","hentry","category-anecdotes","category-arts-de-la-table","category-cour-de-leopold","post_format-post-format-image"],"aioseo_notices":[],"_links":{"self":[{"href":"https:\/\/www.histoiresgalantes.fr\/blog\/wp-json\/wp\/v2\/posts\/3572","targetHints":{"allow":["GET"]}}],"collection":[{"href":"https:\/\/www.histoiresgalantes.fr\/blog\/wp-json\/wp\/v2\/posts"}],"about":[{"href":"https:\/\/www.histoiresgalantes.fr\/blog\/wp-json\/wp\/v2\/types\/post"}],"author":[{"embeddable":true,"href":"https:\/\/www.histoiresgalantes.fr\/blog\/wp-json\/wp\/v2\/users\/1"}],"replies":[{"embeddable":true,"href":"https:\/\/www.histoiresgalantes.fr\/blog\/wp-json\/wp\/v2\/comments?post=3572"}],"version-history":[{"count":3,"href":"https:\/\/www.histoiresgalantes.fr\/blog\/wp-json\/wp\/v2\/posts\/3572\/revisions"}],"predecessor-version":[{"id":7678,"href":"https:\/\/www.histoiresgalantes.fr\/blog\/wp-json\/wp\/v2\/posts\/3572\/revisions\/7678"}],"wp:featuredmedia":[{"embeddable":true,"href":"https:\/\/www.histoiresgalantes.fr\/blog\/wp-json\/wp\/v2\/media\/7676"}],"wp:attachment":[{"href":"https:\/\/www.histoiresgalantes.fr\/blog\/wp-json\/wp\/v2\/media?parent=3572"}],"wp:term":[{"taxonomy":"category","embeddable":true,"href":"https:\/\/www.histoiresgalantes.fr\/blog\/wp-json\/wp\/v2\/categories?post=3572"},{"taxonomy":"post_tag","embeddable":true,"href":"https:\/\/www.histoiresgalantes.fr\/blog\/wp-json\/wp\/v2\/tags?post=3572"}],"curies":[{"name":"wp","href":"https:\/\/api.w.org\/{rel}","templated":true}]}}