{"id":3585,"date":"2016-04-02T21:09:07","date_gmt":"2016-04-02T20:09:07","guid":{"rendered":"http:\/\/www.histoiresgalantes.fr\/blog\/?p=3585"},"modified":"2017-09-16T09:49:18","modified_gmt":"2017-09-16T08:49:18","slug":"la-mysterieuse-enigme-du-portrait-de-germain-boffrand","status":"publish","type":"post","link":"https:\/\/www.histoiresgalantes.fr\/blog\/2016\/04\/02\/la-mysterieuse-enigme-du-portrait-de-germain-boffrand\/","title":{"rendered":"la myst\u00e9rieuse \u00e9nigme du portrait de Germain Boffrand"},"content":{"rendered":"<p>Si l&#8217;identit\u00e9 du mod\u00e8le ne semble pourtant faire aucun doute, la question reste cependant en &#8220;suspens&#8221; au <a href=\"https:\/\/www.histoiresgalantes.fr\/blog\/2016\/05\/01\/ma-belle-mignonne\/\"><strong>mus\u00e9e des Beaux Arts de Nancy<\/strong><\/a>.<br \/>\nPourtant tout concorde pour que le mod\u00e8le du tableau de Jean II Restout ne soit autre que <a href=\"https:\/\/www.histoiresgalantes.fr\/blog\/2015\/10\/24\/vaux-chef-doeuvre-oublie-de-boffrand\/\"><strong>Germain Boffrand<\/strong> <\/a>???<br \/>\nCe tableau du d\u00e9but du XVIIIe si\u00e8cle repr\u00e9sente un architecte esquissant des plans, et d\u00e9voile en arri\u00e8re plan un b\u00e2timent en construction qui ressemble \u00e0 l&#8217;actuel &#8220;palais du gouvernement&#8221; de Nancy.<br \/>\nIl n&#8217;y a aucun doute sur l&#8217;attribution de ce b\u00e2timent \u00e0 <a href=\"https:\/\/www.histoiresgalantes.fr\/blog\/2015\/09\/13\/on-a-echappe-a-pire-cathedrale-de-nancy\/\"><strong>Germain Boffrand<\/strong><\/a>, architecte du duc L\u00e9opold, qui dessine les premiers plans en 1715 du \u00ab <a href=\"https:\/\/www.histoiresgalantes.fr\/blog\/2017\/09\/08\/la-folie-des-grandeurs\/\">Nouveau Louvre<\/a> \u00bb, <a href=\"https:\/\/www.histoiresgalantes.fr\/blog\/2017\/09\/08\/la-folie-des-grandeurs\/\"><strong>place de la Carri\u00e8re<\/strong>. (voir l&#8217;\u00e9l\u00e9vation en cliquant ici)<\/a><br \/>\nCe b\u00e2timent lui est command\u00e9 par le duc L\u00e9opold. Rest\u00e9 inachev\u00e9 apr\u00e8s sa mort, il sera reconstruit par <a href=\"https:\/\/www.histoiresgalantes.fr\/blog\/2016\/03\/05\/bienvenue-chez-emmanuel-here\/\"><strong>H\u00e9r\u00e9, architecte de Stanislas<\/strong> <\/a>qui en gardera les grandes lignes que l&#8217;on aper\u00e7oit sur le tableau en arri\u00e8re plan !<br \/>\nD&#8217;autre part, Germain Boffrand travaille souvent en \u00e9troite collaboration avec son contemporain le peintre Jean II Restout, peintre de ce tableau, notamment pour la d\u00e9coration de l&#8217;h\u00f4tel de Soubise \u00e0 Paris.<br \/>\nLes portraits de l&#8217;architecte, (entre autre celui de <a href=\"https:\/\/www.histoiresgalantes.fr\/blog\/2015\/05\/02\/la-famille-adams\/\"><strong>Lambert-Sigisbert Adam<\/strong><\/a>) ne semblent pas non plus d\u00e9mentir ce fait, m\u00eame traits de l&#8217;architecte, m\u00eame fossette au creux du menton, m\u00eame nez, m\u00eame bouche \u2026, la seule diff\u00e9rence serait juste un petit lissage du nez, probablement par coquetterie !<br \/>\nIl serait temps que la lumi\u00e8re soit faite sur cette myst\u00e9rieuse \u00e9nigme ! Afin que ce magnifique tableau puisse enfin illustrer sans ambiguit\u00e9 la Lorraine du XVIIIe si\u00e8cle !<br \/>\nArticle \u00a9 PFDebert<\/p>\n<p><a href=\"https:\/\/www.histoiresgalantes.fr\/blog\/wp-content\/uploads\/2016\/04\/boffrand2.jpg\"><img loading=\"lazy\" decoding=\"async\" class=\"alignnone size-full wp-image-3586\" src=\"https:\/\/www.histoiresgalantes.fr\/blog\/wp-content\/uploads\/2016\/04\/boffrand2.jpg\" alt=\"boffrand2\" width=\"442\" height=\"700\" srcset=\"https:\/\/www.histoiresgalantes.fr\/blog\/wp-content\/uploads\/2016\/04\/boffrand2.jpg 442w, https:\/\/www.histoiresgalantes.fr\/blog\/wp-content\/uploads\/2016\/04\/boffrand2-189x300.jpg 189w\" sizes=\"auto, (max-width: 442px) 100vw, 442px\" \/><\/a><\/p>\n","protected":false},"excerpt":{"rendered":"<p>Si l&#8217;identit\u00e9 du mod\u00e8le ne semble pourtant faire aucun doute, la question reste cependant en &#8220;suspens&#8221; au mus\u00e9e des Beaux Arts de Nancy. Pourtant tout concorde pour que le mod\u00e8le du tableau de Jean II Restout ne soit autre que Germain Boffrand ??? Ce tableau du d\u00e9but du XVIIIe si\u00e8cle repr\u00e9sente un architecte esquissant des [&hellip;]<\/p>\n","protected":false},"author":1,"featured_media":7532,"comment_status":"open","ping_status":"open","sticky":false,"template":"","format":"image","meta":{"om_disable_all_campaigns":false,"_monsterinsights_skip_tracking":false,"_monsterinsights_sitenote_active":false,"_monsterinsights_sitenote_note":"","_monsterinsights_sitenote_category":0,"_s2mail":"yes","footnotes":""},"categories":[16,12,17],"tags":[],"class_list":["post-3585","post","type-post","status-publish","format-image","has-post-thumbnail","hentry","category-batiments","category-cour-de-leopold","category-portraits","post_format-post-format-image"],"aioseo_notices":[],"_links":{"self":[{"href":"https:\/\/www.histoiresgalantes.fr\/blog\/wp-json\/wp\/v2\/posts\/3585","targetHints":{"allow":["GET"]}}],"collection":[{"href":"https:\/\/www.histoiresgalantes.fr\/blog\/wp-json\/wp\/v2\/posts"}],"about":[{"href":"https:\/\/www.histoiresgalantes.fr\/blog\/wp-json\/wp\/v2\/types\/post"}],"author":[{"embeddable":true,"href":"https:\/\/www.histoiresgalantes.fr\/blog\/wp-json\/wp\/v2\/users\/1"}],"replies":[{"embeddable":true,"href":"https:\/\/www.histoiresgalantes.fr\/blog\/wp-json\/wp\/v2\/comments?post=3585"}],"version-history":[{"count":9,"href":"https:\/\/www.histoiresgalantes.fr\/blog\/wp-json\/wp\/v2\/posts\/3585\/revisions"}],"predecessor-version":[{"id":7550,"href":"https:\/\/www.histoiresgalantes.fr\/blog\/wp-json\/wp\/v2\/posts\/3585\/revisions\/7550"}],"wp:featuredmedia":[{"embeddable":true,"href":"https:\/\/www.histoiresgalantes.fr\/blog\/wp-json\/wp\/v2\/media\/7532"}],"wp:attachment":[{"href":"https:\/\/www.histoiresgalantes.fr\/blog\/wp-json\/wp\/v2\/media?parent=3585"}],"wp:term":[{"taxonomy":"category","embeddable":true,"href":"https:\/\/www.histoiresgalantes.fr\/blog\/wp-json\/wp\/v2\/categories?post=3585"},{"taxonomy":"post_tag","embeddable":true,"href":"https:\/\/www.histoiresgalantes.fr\/blog\/wp-json\/wp\/v2\/tags?post=3585"}],"curies":[{"name":"wp","href":"https:\/\/api.w.org\/{rel}","templated":true}]}}