{"id":3787,"date":"2016-05-02T20:16:35","date_gmt":"2016-05-02T19:16:35","guid":{"rendered":"http:\/\/www.histoiresgalantes.fr\/blog\/?p=3787"},"modified":"2016-05-06T20:21:39","modified_gmt":"2016-05-06T19:21:39","slug":"vernissage-de-lexposition-les-petits-papiers-demilie","status":"publish","type":"post","link":"https:\/\/www.histoiresgalantes.fr\/blog\/2016\/05\/02\/vernissage-de-lexposition-les-petits-papiers-demilie\/","title":{"rendered":"Vernissage de l&#8217;exposition &#8220;Les petits papiers d&#8217;Emilie&#8221;"},"content":{"rendered":"<p>Six classes de Chaumont et Poulangy exposent leurs livres objets dans le hall des archives d\u00e9partementales de Haute-Marne \u00e0 Chaumont.<br \/>\nphoto\u00a9l \u00e9cole des femmes au XVIIIe si\u00e8cle<br \/>\nAutour du <a href=\"https:\/\/www.histoiresgalantes.fr\/blog\/2015\/09\/04\/une-accro-du-shopping\/\"><strong>Fonds du Ch\u00e2telet<\/strong> <\/a>des archives D\u00e9partementales de Haute-Marne<br \/>\nPAG, DRAC Champagne-Ardenne<\/p>\n","protected":false},"excerpt":{"rendered":"<p>Six classes de Chaumont et Poulangy exposent leurs livres objets dans le hall des archives d\u00e9partementales de Haute-Marne \u00e0 Chaumont. photo\u00a9l \u00e9cole des femmes au XVIIIe si\u00e8cle Autour du Fonds du Ch\u00e2telet des archives D\u00e9partementales de Haute-Marne PAG, DRAC Champagne-Ardenne<\/p>\n","protected":false},"author":1,"featured_media":3789,"comment_status":"open","ping_status":"open","sticky":false,"template":"","format":"image","meta":{"om_disable_all_campaigns":false,"_monsterinsights_skip_tracking":false,"_monsterinsights_sitenote_active":false,"_monsterinsights_sitenote_note":"","_monsterinsights_sitenote_category":0,"_s2mail":"yes","footnotes":""},"categories":[29],"tags":[],"class_list":["post-3787","post","type-post","status-publish","format-image","has-post-thumbnail","hentry","category-evenements","post_format-post-format-image"],"aioseo_notices":[],"_links":{"self":[{"href":"https:\/\/www.histoiresgalantes.fr\/blog\/wp-json\/wp\/v2\/posts\/3787","targetHints":{"allow":["GET"]}}],"collection":[{"href":"https:\/\/www.histoiresgalantes.fr\/blog\/wp-json\/wp\/v2\/posts"}],"about":[{"href":"https:\/\/www.histoiresgalantes.fr\/blog\/wp-json\/wp\/v2\/types\/post"}],"author":[{"embeddable":true,"href":"https:\/\/www.histoiresgalantes.fr\/blog\/wp-json\/wp\/v2\/users\/1"}],"replies":[{"embeddable":true,"href":"https:\/\/www.histoiresgalantes.fr\/blog\/wp-json\/wp\/v2\/comments?post=3787"}],"version-history":[{"count":2,"href":"https:\/\/www.histoiresgalantes.fr\/blog\/wp-json\/wp\/v2\/posts\/3787\/revisions"}],"predecessor-version":[{"id":3790,"href":"https:\/\/www.histoiresgalantes.fr\/blog\/wp-json\/wp\/v2\/posts\/3787\/revisions\/3790"}],"wp:featuredmedia":[{"embeddable":true,"href":"https:\/\/www.histoiresgalantes.fr\/blog\/wp-json\/wp\/v2\/media\/3789"}],"wp:attachment":[{"href":"https:\/\/www.histoiresgalantes.fr\/blog\/wp-json\/wp\/v2\/media?parent=3787"}],"wp:term":[{"taxonomy":"category","embeddable":true,"href":"https:\/\/www.histoiresgalantes.fr\/blog\/wp-json\/wp\/v2\/categories?post=3787"},{"taxonomy":"post_tag","embeddable":true,"href":"https:\/\/www.histoiresgalantes.fr\/blog\/wp-json\/wp\/v2\/tags?post=3787"}],"curies":[{"name":"wp","href":"https:\/\/api.w.org\/{rel}","templated":true}]}}