{"id":3811,"date":"2016-05-07T10:42:10","date_gmt":"2016-05-07T09:42:10","guid":{"rendered":"http:\/\/www.histoiresgalantes.fr\/blog\/?p=3811"},"modified":"2016-05-07T10:53:59","modified_gmt":"2016-05-07T09:53:59","slug":"3811","status":"publish","type":"post","link":"https:\/\/www.histoiresgalantes.fr\/blog\/2016\/05\/07\/3811\/","title":{"rendered":"Invitation"},"content":{"rendered":"<p align=\"CENTER\">Invitation <span style=\"font-family: Verdana,Helvetica,Arial;\"><span style=\"font-size: 11pt;\">\u00e0 venir f\u00eater la sortie des &#8220;<strong>Petits Secrets des Ducs de Lorraine<\/strong>,<br \/>\nle <strong>vendredi 13 ma<\/strong>i (une date facile \u00e0 retenir donc)<\/span><\/span><\/p>\n<p align=\"CENTER\"><span style=\"font-family: Verdana,Helvetica,Arial;\"><span style=\"font-size: 11pt;\">A partir de 16h chez <b>Helmut &amp; Petula<\/b>, petite boutique de cr\u00e9ateurs du passage bleu \u00e0 Nancy.<br \/>\n<b><br \/>\n<\/b><br \/>\n<b>Le pourquoi du comment de ce petit guide 100% XVIIIe si\u00e8cle<br \/>\n<\/b>Les nombreux artistes et intellectuels de la cour de Lun\u00e9ville continuent de nous \u00e9blouir en France et en Europe mais restent souvent pour la plupart m\u00e9connus dans leur propre r\u00e9gion.<br \/>\nDe la musique baroque jou\u00e9e actuellement au spectacle des grandes eaux du ch\u00e2teau de Versailles aux pavillons du ch\u00e2teau de Sans-Soucis \u00e0 Postdam, en passant par l&#8217;architecture du th\u00e9\u00e2tre et du hameau de la Reine Marie-Antoinette, la traduction des principes math\u00e9matiques de Newton, le f\u00e9minisme, le romantisme ou encore les premi\u00e8res vaccinations, le nom des auteurs de ces \u0153uvres sont souvent malheureusement tomb\u00e9s dans l&#8217;oubli !<br \/>\nEt pourtant, ces hommes et ces femmes sont tous issus de la petite cour de Lorraine, appel\u00e9e autrefois &#8220;petit Versailles Lorrain&#8221; !<br \/>\nJ&#8217;ai donc collect\u00e9 au cours de mes recherche toutes sortes d&#8217;anecdotes concernant ces talentueuses personnes pour les faire revivre et conna\u00eetre \u00e0 travers leurs petites et grandes histoires !<\/span><\/span><\/p>\n<p align=\"CENTER\">Photo \u00a9 Cedric Jacquot Est R\u00e9publicain 2016<\/p>\n<p align=\"CENTER\"><span style=\"font-size: large;\"><span style=\"font-family: Verdana,Helvetica,Arial;\"><span style=\"font-size: 11pt;\"><br \/>\n<\/span><\/span><\/span><\/p>\n<p><a href=\"https:\/\/www.histoiresgalantes.fr\/blog\/wp-content\/uploads\/2016\/05\/couv-simple.jpg\"><img loading=\"lazy\" decoding=\"async\" class=\"alignnone size-full wp-image-3812\" src=\"https:\/\/www.histoiresgalantes.fr\/blog\/wp-content\/uploads\/2016\/05\/couv-simple.jpg\" alt=\"couverture-impression.indd\" width=\"1268\" height=\"2013\" srcset=\"https:\/\/www.histoiresgalantes.fr\/blog\/wp-content\/uploads\/2016\/05\/couv-simple.jpg 1268w, https:\/\/www.histoiresgalantes.fr\/blog\/wp-content\/uploads\/2016\/05\/couv-simple-189x300.jpg 189w, https:\/\/www.histoiresgalantes.fr\/blog\/wp-content\/uploads\/2016\/05\/couv-simple-768x1219.jpg 768w, https:\/\/www.histoiresgalantes.fr\/blog\/wp-content\/uploads\/2016\/05\/couv-simple-645x1024.jpg 645w\" sizes=\"auto, (max-width: 1268px) 100vw, 1268px\" \/><\/a><\/p>\n<p><span style=\"font-size: large;\"><span style=\"font-family: Verdana,Helvetica,Arial;\"><span style=\"font-size: 11pt;\"><b>\u00abLe vrai bonheur consiste \u00e0 faire des heureux\u00bb<br \/>\n<\/b><br \/>\nCette maxime \u00e9crite par le roy de Pologne illustre bien l\u2019esprit qui r\u00e8gne au<br \/>\nXVIIIe si\u00e8cle \u00e0 la cour de Lorraine.<br \/>\nL\u00e9opold et Stanislas, derniers ducs r\u00e9gnants, profitent de cette p\u00e9riode de paix pour embellir leur duch\u00e9 et agr\u00e9menter la vie de leurs courtisans !<br \/>\nAnecdotes, libertinage, curiosit\u00e9s historiques, de Voltaire \u00e0 Diane de Beauvau-Craon en passant par Ad\u00e9la\u00efde et Victoire de France, ce petit livre renferme plus de 100 articles illustr\u00e9s permettant de d\u00e9couvrir, de mani\u00e8re d\u00e9cal\u00e9e, Nancy et Lun\u00e9ville, cit\u00e9s rayonnant \u00e0 travers toute l\u2019Europe, mais aussi des endroits lorrains moins connus, tous certifi\u00e9s 100 % XVIIIe si\u00e8cle<br \/>\nEn savoir + :<br \/>\n<span style=\"color: #0000ff;\"><u><a href=\"https:\/\/www.histoiresgalantes.fr\/blog\/2016\/04\/12\/petits-secrets-des-ducs-de-lorraine-au-xviiie-siecle\/\">https:\/\/www.histoiresgalantes.fr\/blog\/2016\/04\/12\/petits-secrets-des-ducs-de-lorraine-au-xviiie-siecle\/<\/a><br \/>\n<\/u><\/span><br \/>\n<b>BIO<br \/>\n<\/b>Pascale Debert est n\u00e9e en 1964. Dipl\u00f4m\u00e9e des Beaux-Arts, elle est directrice artistique \u00e0 Paris puis graphiste freelance \u00e0 Nancy, o\u00f9 elle vit aujourd&#8217;hui. \u00c9galement illustratrice et photographe, elle se passionne pour les livres, la mode, les ann\u00e9es 20 et 70, le XVIIIe si\u00e8cle, le dessin, etc&#8230;<br \/>\nDu m\u00eame auteur :<br \/>\nLa maison de Tamara (Albin Michel Jeunesse, 2011)<br \/>\nHistoires Galantes (compte d\u2019auteurs, 2015)<br \/>\nCollection (Albin Michel, 2016) <\/span><\/span><\/span><\/p>\n","protected":false},"excerpt":{"rendered":"<p>Invitation \u00e0 venir f\u00eater la sortie des &#8220;Petits Secrets des Ducs de Lorraine, le vendredi 13 mai (une date facile \u00e0 retenir donc) A partir de 16h chez Helmut &amp; Petula, petite boutique de cr\u00e9ateurs du passage bleu \u00e0 Nancy. Le pourquoi du comment de ce petit guide 100% XVIIIe si\u00e8cle Les nombreux artistes et [&hellip;]<\/p>\n","protected":false},"author":1,"featured_media":3813,"comment_status":"open","ping_status":"open","sticky":false,"template":"","format":"image","meta":{"om_disable_all_campaigns":false,"_monsterinsights_skip_tracking":false,"_monsterinsights_sitenote_active":false,"_monsterinsights_sitenote_note":"","_monsterinsights_sitenote_category":0,"_s2mail":"yes","footnotes":""},"categories":[32,29,41],"tags":[],"class_list":["post-3811","post","type-post","status-publish","format-image","has-post-thumbnail","hentry","category-sites-a-visiter","category-evenements","category-litterature","post_format-post-format-image"],"aioseo_notices":[],"_links":{"self":[{"href":"https:\/\/www.histoiresgalantes.fr\/blog\/wp-json\/wp\/v2\/posts\/3811","targetHints":{"allow":["GET"]}}],"collection":[{"href":"https:\/\/www.histoiresgalantes.fr\/blog\/wp-json\/wp\/v2\/posts"}],"about":[{"href":"https:\/\/www.histoiresgalantes.fr\/blog\/wp-json\/wp\/v2\/types\/post"}],"author":[{"embeddable":true,"href":"https:\/\/www.histoiresgalantes.fr\/blog\/wp-json\/wp\/v2\/users\/1"}],"replies":[{"embeddable":true,"href":"https:\/\/www.histoiresgalantes.fr\/blog\/wp-json\/wp\/v2\/comments?post=3811"}],"version-history":[{"count":9,"href":"https:\/\/www.histoiresgalantes.fr\/blog\/wp-json\/wp\/v2\/posts\/3811\/revisions"}],"predecessor-version":[{"id":3823,"href":"https:\/\/www.histoiresgalantes.fr\/blog\/wp-json\/wp\/v2\/posts\/3811\/revisions\/3823"}],"wp:featuredmedia":[{"embeddable":true,"href":"https:\/\/www.histoiresgalantes.fr\/blog\/wp-json\/wp\/v2\/media\/3813"}],"wp:attachment":[{"href":"https:\/\/www.histoiresgalantes.fr\/blog\/wp-json\/wp\/v2\/media?parent=3811"}],"wp:term":[{"taxonomy":"category","embeddable":true,"href":"https:\/\/www.histoiresgalantes.fr\/blog\/wp-json\/wp\/v2\/categories?post=3811"},{"taxonomy":"post_tag","embeddable":true,"href":"https:\/\/www.histoiresgalantes.fr\/blog\/wp-json\/wp\/v2\/tags?post=3811"}],"curies":[{"name":"wp","href":"https:\/\/api.w.org\/{rel}","templated":true}]}}