{"id":4068,"date":"2016-06-08T17:57:24","date_gmt":"2016-06-08T16:57:24","guid":{"rendered":"http:\/\/www.histoiresgalantes.fr\/blog\/?p=4068"},"modified":"2016-07-19T19:24:14","modified_gmt":"2016-07-19T18:24:14","slug":"stanislas-reenchante-leurope","status":"publish","type":"post","link":"https:\/\/www.histoiresgalantes.fr\/blog\/2016\/06\/08\/stanislas-reenchante-leurope\/","title":{"rendered":"Stanislas r\u00e9enchante l&#8217;Europe !"},"content":{"rendered":"<p>STANISLAS RE-ENCHANTE L EUROPE !<br \/>\nIl fallait oser, Missadline l&#8217;a fait, D\u00e9cid\u00e9ment<a href=\"https:\/\/www.histoiresgalantes.fr\/blog\/?s=stanislas\"><strong> Stanislas<\/strong> <\/a>est intemporel !<br \/>\nC&#8217;est le grand &#8220;style&#8221; pour le roy de Pologne, duc de Lorraine et de Bar dont l&#8217;image continue non seulement d&#8217; &#8220;illuminer&#8221; la Lorraine, mais d&#8217;une certaine &#8220;mesure&#8221; et dans un autre genre, contribue \u00e0 r\u00e9-enchanter l&#8217;Europe lors de cette exposition !<br \/>\nExposition Espoir et Utopie, Espace et Territoire, des th\u00e8mes abord\u00e9s par 18 artistes des ateliers des s\u0153urs Macarons po<span class=\"text_exposed_show\">ur r\u00e9-enchanter l&#8217;Europe<br \/>\nDu 6 juin au 13 juin 2016, Mai de l&#8217;Europe<br \/>\nVernissage jeudi 9 juin \u00e0 18h galerie 9 rue Gustave Simon, Nancy<br \/>\n<i class=\"_4ay8\">\u00a9<\/i>Missadline<\/span><\/p>\n","protected":false},"excerpt":{"rendered":"<p>STANISLAS RE-ENCHANTE L EUROPE ! Il fallait oser, Missadline l&#8217;a fait, D\u00e9cid\u00e9ment Stanislas est intemporel ! C&#8217;est le grand &#8220;style&#8221; pour le roy de Pologne, duc de Lorraine et de Bar dont l&#8217;image continue non seulement d&#8217; &#8220;illuminer&#8221; la Lorraine, mais d&#8217;une certaine &#8220;mesure&#8221; et dans un autre genre, contribue \u00e0 r\u00e9-enchanter l&#8217;Europe lors de [&hellip;]<\/p>\n","protected":false},"author":1,"featured_media":4069,"comment_status":"open","ping_status":"open","sticky":false,"template":"","format":"image","meta":{"om_disable_all_campaigns":false,"_monsterinsights_skip_tracking":false,"_monsterinsights_sitenote_active":false,"_monsterinsights_sitenote_note":"","_monsterinsights_sitenote_category":0,"_s2mail":"yes","footnotes":""},"categories":[13,29],"tags":[],"class_list":["post-4068","post","type-post","status-publish","format-image","has-post-thumbnail","hentry","category-cour-de-stanislas","category-evenements","post_format-post-format-image"],"aioseo_notices":[],"_links":{"self":[{"href":"https:\/\/www.histoiresgalantes.fr\/blog\/wp-json\/wp\/v2\/posts\/4068","targetHints":{"allow":["GET"]}}],"collection":[{"href":"https:\/\/www.histoiresgalantes.fr\/blog\/wp-json\/wp\/v2\/posts"}],"about":[{"href":"https:\/\/www.histoiresgalantes.fr\/blog\/wp-json\/wp\/v2\/types\/post"}],"author":[{"embeddable":true,"href":"https:\/\/www.histoiresgalantes.fr\/blog\/wp-json\/wp\/v2\/users\/1"}],"replies":[{"embeddable":true,"href":"https:\/\/www.histoiresgalantes.fr\/blog\/wp-json\/wp\/v2\/comments?post=4068"}],"version-history":[{"count":2,"href":"https:\/\/www.histoiresgalantes.fr\/blog\/wp-json\/wp\/v2\/posts\/4068\/revisions"}],"predecessor-version":[{"id":4459,"href":"https:\/\/www.histoiresgalantes.fr\/blog\/wp-json\/wp\/v2\/posts\/4068\/revisions\/4459"}],"wp:featuredmedia":[{"embeddable":true,"href":"https:\/\/www.histoiresgalantes.fr\/blog\/wp-json\/wp\/v2\/media\/4069"}],"wp:attachment":[{"href":"https:\/\/www.histoiresgalantes.fr\/blog\/wp-json\/wp\/v2\/media?parent=4068"}],"wp:term":[{"taxonomy":"category","embeddable":true,"href":"https:\/\/www.histoiresgalantes.fr\/blog\/wp-json\/wp\/v2\/categories?post=4068"},{"taxonomy":"post_tag","embeddable":true,"href":"https:\/\/www.histoiresgalantes.fr\/blog\/wp-json\/wp\/v2\/tags?post=4068"}],"curies":[{"name":"wp","href":"https:\/\/api.w.org\/{rel}","templated":true}]}}