{"id":4298,"date":"2016-07-01T22:59:39","date_gmt":"2016-07-01T21:59:39","guid":{"rendered":"http:\/\/www.histoiresgalantes.fr\/blog\/?p=4298"},"modified":"2016-10-26T20:14:52","modified_gmt":"2016-10-26T19:14:52","slug":"mini-revolution-dans-le-salon-de-minette","status":"publish","type":"post","link":"https:\/\/www.histoiresgalantes.fr\/blog\/2016\/07\/01\/mini-revolution-dans-le-salon-de-minette\/","title":{"rendered":"Mini r\u00e9volution dans le salon de Minette !"},"content":{"rendered":"<p>Connue dans le monde entier sous le nom de <a href=\"https:\/\/www.histoiresgalantes.fr\/blog\/2015\/01\/22\/le-saviez-vous\/\"><strong>Mme Helv\u00e9tius<\/strong>,<\/a><br \/>\nCatherine de Ligniville, dite Minette, est n\u00e9e \u00e0 Nancy en 1722, c&#8217;est la ni\u00e8ce de la truculente <a href=\"https:\/\/www.histoiresgalantes.fr\/blog\/2015\/02\/01\/le-cedre-du-liban-du-parc-de-mme-de-graffigny\/\"><strong>Mme de Graffigny<\/strong><\/a>.<br \/>\nPersonnalit\u00e9 remarquable et remarqu\u00e9e de son \u00e9poque, Minette cr\u00e9e en 1771, \u00e0 la mort de son mari, le Cercle d&#8217;Auteuil, le salon litt\u00e9raire le plus couru de son \u00e9poque, o\u00f9, tous les grands esprits d\u00e9battent des sujets chauds bouillants du moment, on est \u00e0 la veille <span class=\"text_exposed_show\">de la R\u00e9volution !<br \/>\nLibert\u00e9, tol\u00e9rance, la Soci\u00e9t\u00e9 d&#8217;Auteuil a pour objectif de construire une cit\u00e9 id\u00e9ale sans distinction de classe, une mini R\u00e9volution est en marche dans le salon de Mme Helv\u00e9tius !<br \/>\nLes personnalit\u00e9s fr\u00e9quentant ce salon sont amus\u00e9es par les 18 chats angora de Minette, habill\u00e9s de petites capes doubl\u00e9es de fourrure. Des chats princiers inspirant plus tard l&#8217;artiste Leonor Fini qui les dessinera dans son recueil appel\u00e9 &#8220;Les chats de Mme Helv\u00e9tius&#8221;.<br \/>\nArticle<i class=\"_4ay8\">\u00a9<\/i>PFDebert, Ilustrationchats<i class=\"_4ay8\">\u00a9<\/i>Leonor Fini<br \/>\n<a href=\"http:\/\/fineartamerica.com\/products\/madame-helvetius-granger-tote-bag.html\"><strong>C&#8217;EST CHIC, on trouve m\u00eame un sac avec son portrait de van Loo \u00e0 24\u20ac33<\/strong><\/a><\/span><\/p>\n<p><a href=\"https:\/\/www.histoiresgalantes.fr\/blog\/wp-content\/uploads\/2016\/07\/Chats-a\u0300-cornes-1983.jpg\"><img loading=\"lazy\" decoding=\"async\" class=\"alignnone size-full wp-image-4299\" src=\"https:\/\/www.histoiresgalantes.fr\/blog\/wp-content\/uploads\/2016\/07\/Chats-a\u0300-cornes-1983.jpg\" alt=\"Chats-a\u0300-cornes-1983\" width=\"763\" height=\"1000\" srcset=\"https:\/\/www.histoiresgalantes.fr\/blog\/wp-content\/uploads\/2016\/07\/Chats-a\u0300-cornes-1983.jpg 763w, https:\/\/www.histoiresgalantes.fr\/blog\/wp-content\/uploads\/2016\/07\/Chats-a\u0300-cornes-1983-229x300.jpg 229w\" sizes=\"auto, (max-width: 763px) 100vw, 763px\" \/><\/a> <a href=\"https:\/\/www.histoiresgalantes.fr\/blog\/wp-content\/uploads\/2016\/07\/minette.jpg\"><img loading=\"lazy\" decoding=\"async\" class=\"alignnone size-full wp-image-4300\" src=\"https:\/\/www.histoiresgalantes.fr\/blog\/wp-content\/uploads\/2016\/07\/minette.jpg\" alt=\"minette\" width=\"2614\" height=\"3228\" srcset=\"https:\/\/www.histoiresgalantes.fr\/blog\/wp-content\/uploads\/2016\/07\/minette.jpg 2614w, https:\/\/www.histoiresgalantes.fr\/blog\/wp-content\/uploads\/2016\/07\/minette-243x300.jpg 243w, https:\/\/www.histoiresgalantes.fr\/blog\/wp-content\/uploads\/2016\/07\/minette-768x948.jpg 768w, https:\/\/www.histoiresgalantes.fr\/blog\/wp-content\/uploads\/2016\/07\/minette-829x1024.jpg 829w\" sizes=\"auto, (max-width: 2614px) 100vw, 2614px\" \/><\/a><\/p>\n","protected":false},"excerpt":{"rendered":"<p>Connue dans le monde entier sous le nom de Mme Helv\u00e9tius, Catherine de Ligniville, dite Minette, est n\u00e9e \u00e0 Nancy en 1722, c&#8217;est la ni\u00e8ce de la truculente Mme de Graffigny. Personnalit\u00e9 remarquable et remarqu\u00e9e de son \u00e9poque, Minette cr\u00e9e en 1771, \u00e0 la mort de son mari, le Cercle d&#8217;Auteuil, le salon litt\u00e9raire le [&hellip;]<\/p>\n","protected":false},"author":1,"featured_media":4301,"comment_status":"open","ping_status":"open","sticky":false,"template":"","format":"image","meta":{"om_disable_all_campaigns":false,"_monsterinsights_skip_tracking":false,"_monsterinsights_sitenote_active":false,"_monsterinsights_sitenote_note":"","_monsterinsights_sitenote_category":0,"_s2mail":"yes","footnotes":""},"categories":[37,13,43],"tags":[],"class_list":["post-4298","post","type-post","status-publish","format-image","has-post-thumbnail","hentry","category-anecdotes","category-cour-de-stanislas","category-mme-de-graffigny","post_format-post-format-image"],"aioseo_notices":[],"_links":{"self":[{"href":"https:\/\/www.histoiresgalantes.fr\/blog\/wp-json\/wp\/v2\/posts\/4298","targetHints":{"allow":["GET"]}}],"collection":[{"href":"https:\/\/www.histoiresgalantes.fr\/blog\/wp-json\/wp\/v2\/posts"}],"about":[{"href":"https:\/\/www.histoiresgalantes.fr\/blog\/wp-json\/wp\/v2\/types\/post"}],"author":[{"embeddable":true,"href":"https:\/\/www.histoiresgalantes.fr\/blog\/wp-json\/wp\/v2\/users\/1"}],"replies":[{"embeddable":true,"href":"https:\/\/www.histoiresgalantes.fr\/blog\/wp-json\/wp\/v2\/comments?post=4298"}],"version-history":[{"count":3,"href":"https:\/\/www.histoiresgalantes.fr\/blog\/wp-json\/wp\/v2\/posts\/4298\/revisions"}],"predecessor-version":[{"id":4304,"href":"https:\/\/www.histoiresgalantes.fr\/blog\/wp-json\/wp\/v2\/posts\/4298\/revisions\/4304"}],"wp:featuredmedia":[{"embeddable":true,"href":"https:\/\/www.histoiresgalantes.fr\/blog\/wp-json\/wp\/v2\/media\/4301"}],"wp:attachment":[{"href":"https:\/\/www.histoiresgalantes.fr\/blog\/wp-json\/wp\/v2\/media?parent=4298"}],"wp:term":[{"taxonomy":"category","embeddable":true,"href":"https:\/\/www.histoiresgalantes.fr\/blog\/wp-json\/wp\/v2\/categories?post=4298"},{"taxonomy":"post_tag","embeddable":true,"href":"https:\/\/www.histoiresgalantes.fr\/blog\/wp-json\/wp\/v2\/tags?post=4298"}],"curies":[{"name":"wp","href":"https:\/\/api.w.org\/{rel}","templated":true}]}}