{"id":4495,"date":"2016-07-23T23:59:43","date_gmt":"2016-07-23T22:59:43","guid":{"rendered":"http:\/\/www.histoiresgalantes.fr\/blog\/?p=4495"},"modified":"2017-09-18T11:23:35","modified_gmt":"2017-09-18T10:23:35","slug":"une-princesse-de-craon-aux-encheres","status":"publish","type":"post","link":"https:\/\/www.histoiresgalantes.fr\/blog\/2016\/07\/23\/une-princesse-de-craon-aux-encheres\/","title":{"rendered":"Une princesse de Craon aux ench\u00e8res !"},"content":{"rendered":"<p>Un portrait de Gabrielle Fran\u00e7oise de Beauvau, <a href=\"https:\/\/www.histoiresgalantes.fr\/blog\/2015\/05\/14\/arbre-de-la-famille-de-beauvau-craon\/\"><strong>l&#8217;une des douze filles<\/strong> <\/a>de la favorite de L\u00e9opold, a \u00e9t\u00e9 vendu par <a href=\"https:\/\/www.histoiresgalantes.fr\/blog\/2016\/03\/09\/la-ferme-du-chateau-de-la-belle-au-bois-dormant-haroue\/\"><strong>Minnie de Beauvau Craon,<\/strong><\/a> il y a un an pour 17 499 \u20ac !!! Mari\u00e9e au prince de Chimay, Fran\u00e7oise aura, entre autres, une fille, vicomtesse de Cambis, c\u00e9l\u00e8bre \u00e0 la cour de France pour ses aventures galantes, celle ci ayant \u00e9t\u00e9 initi\u00e9e et pouss\u00e9e dans le lit de Louis XV par ses propres tantes (de Beauvau) \u2026 un art qui se perp\u00e9tue ! \u00ab Une taille \u00e9l\u00e9gante, de la gr\u00e2ce, beaucoup d&#8217;art et de coquetterie en faisaient une femme agr\u00e9able \u00bb, \u00e9crira Mme du Deffand en parlant de la petite fillote de la favorite du duc. Portrait de Pierre Gobert<\/p>\n<p><a href=\"https:\/\/www.histoiresgalantes.fr\/blog\/2016\/07\/23\/une-princesse-de-craon-aux-encheres\/craon2-3\/\" rel=\"attachment wp-att-7580\"><img loading=\"lazy\" decoding=\"async\" class=\"alignnone size-full wp-image-7580\" src=\"https:\/\/www.histoiresgalantes.fr\/blog\/wp-content\/uploads\/2016\/07\/craon2.jpg\" alt=\"craon2\" width=\"1024\" height=\"1024\" srcset=\"https:\/\/www.histoiresgalantes.fr\/blog\/wp-content\/uploads\/2016\/07\/craon2.jpg 1024w, https:\/\/www.histoiresgalantes.fr\/blog\/wp-content\/uploads\/2016\/07\/craon2-150x150.jpg 150w, https:\/\/www.histoiresgalantes.fr\/blog\/wp-content\/uploads\/2016\/07\/craon2-300x300.jpg 300w, https:\/\/www.histoiresgalantes.fr\/blog\/wp-content\/uploads\/2016\/07\/craon2-768x768.jpg 768w\" sizes=\"auto, (max-width: 1024px) 100vw, 1024px\" \/><\/a><\/p>\n<p><a href=\"https:\/\/www.histoiresgalantes.fr\/blog\/wp-content\/uploads\/2016\/07\/7377920f226f95a00d117a0f940536f3.jpg\"><img loading=\"lazy\" decoding=\"async\" class=\"alignnone size-full wp-image-4496\" src=\"https:\/\/www.histoiresgalantes.fr\/blog\/wp-content\/uploads\/2016\/07\/7377920f226f95a00d117a0f940536f3.jpg\" alt=\"7377920f226f95a00d117a0f940536f3\" width=\"236\" height=\"502\" srcset=\"https:\/\/www.histoiresgalantes.fr\/blog\/wp-content\/uploads\/2016\/07\/7377920f226f95a00d117a0f940536f3.jpg 236w, https:\/\/www.histoiresgalantes.fr\/blog\/wp-content\/uploads\/2016\/07\/7377920f226f95a00d117a0f940536f3-141x300.jpg 141w\" sizes=\"auto, (max-width: 236px) 100vw, 236px\" \/><\/a><\/p>\n","protected":false},"excerpt":{"rendered":"<p>Un portrait de Gabrielle Fran\u00e7oise de Beauvau, l&#8217;une des douze filles de la favorite de L\u00e9opold, a \u00e9t\u00e9 vendu par Minnie de Beauvau Craon, il y a un an pour 17 499 \u20ac !!! Mari\u00e9e au prince de Chimay, Fran\u00e7oise aura, entre autres, une fille, vicomtesse de Cambis, c\u00e9l\u00e8bre \u00e0 la cour de France pour [&hellip;]<\/p>\n","protected":false},"author":1,"featured_media":7578,"comment_status":"open","ping_status":"open","sticky":false,"template":"","format":"image","meta":{"om_disable_all_campaigns":false,"_monsterinsights_skip_tracking":false,"_monsterinsights_sitenote_active":false,"_monsterinsights_sitenote_note":"","_monsterinsights_sitenote_category":0,"_s2mail":"yes","footnotes":""},"categories":[12,36,24,42],"tags":[],"class_list":["post-4495","post","type-post","status-publish","format-image","has-post-thumbnail","hentry","category-cour-de-leopold","category-mme-de-brauvau-craon","category-peintres-dessinateurs","category-les-bons-plans","post_format-post-format-image"],"aioseo_notices":[],"_links":{"self":[{"href":"https:\/\/www.histoiresgalantes.fr\/blog\/wp-json\/wp\/v2\/posts\/4495","targetHints":{"allow":["GET"]}}],"collection":[{"href":"https:\/\/www.histoiresgalantes.fr\/blog\/wp-json\/wp\/v2\/posts"}],"about":[{"href":"https:\/\/www.histoiresgalantes.fr\/blog\/wp-json\/wp\/v2\/types\/post"}],"author":[{"embeddable":true,"href":"https:\/\/www.histoiresgalantes.fr\/blog\/wp-json\/wp\/v2\/users\/1"}],"replies":[{"embeddable":true,"href":"https:\/\/www.histoiresgalantes.fr\/blog\/wp-json\/wp\/v2\/comments?post=4495"}],"version-history":[{"count":2,"href":"https:\/\/www.histoiresgalantes.fr\/blog\/wp-json\/wp\/v2\/posts\/4495\/revisions"}],"predecessor-version":[{"id":7581,"href":"https:\/\/www.histoiresgalantes.fr\/blog\/wp-json\/wp\/v2\/posts\/4495\/revisions\/7581"}],"wp:featuredmedia":[{"embeddable":true,"href":"https:\/\/www.histoiresgalantes.fr\/blog\/wp-json\/wp\/v2\/media\/7578"}],"wp:attachment":[{"href":"https:\/\/www.histoiresgalantes.fr\/blog\/wp-json\/wp\/v2\/media?parent=4495"}],"wp:term":[{"taxonomy":"category","embeddable":true,"href":"https:\/\/www.histoiresgalantes.fr\/blog\/wp-json\/wp\/v2\/categories?post=4495"},{"taxonomy":"post_tag","embeddable":true,"href":"https:\/\/www.histoiresgalantes.fr\/blog\/wp-json\/wp\/v2\/tags?post=4495"}],"curies":[{"name":"wp","href":"https:\/\/api.w.org\/{rel}","templated":true}]}}