{"id":4599,"date":"2016-08-19T16:49:44","date_gmt":"2016-08-19T15:49:44","guid":{"rendered":"http:\/\/www.histoiresgalantes.fr\/blog\/?p=4599"},"modified":"2016-09-19T21:22:46","modified_gmt":"2016-09-19T20:22:46","slug":"en-passant-devant-lhotel-de-beauvau-paris-8e","status":"publish","type":"post","link":"https:\/\/www.histoiresgalantes.fr\/blog\/2016\/08\/19\/en-passant-devant-lhotel-de-beauvau-paris-8e\/","title":{"rendered":"En passant devant l&#8217;h\u00f4tel de Beauvau, Paris 8e"},"content":{"rendered":"<p>(actuel minist\u00e8re de l&#8217;int\u00e9rieur et de l&#8217;immigration)<br \/>\nImpossible de ne pas avoir une pens\u00e9e pour la<a href=\"https:\/\/www.histoiresgalantes.fr\/blog\/2015\/03\/28\/ourika\/\"><strong> petite princesse Ourika,<\/strong><\/a> adopt\u00e9e par le prince de Beauvau, (mar\u00e9chal de France, n\u00e9 \u00e0 Lun\u00e9ville) et sa femme Sylvie de Rohan-Chabot, \u2026<br \/>\nRetrouvez son histoire sur :<br \/>\n<a href=\"https:\/\/www.histoiresgalantes.fr\/blog\/2015\/03\/28\/ourika\/\" target=\"_blank\" rel=\"nofollow\">https:\/\/www.histoiresgalantes.fr\/blog\/2015\/03\/28\/ourika\/<\/a><span class=\"text_exposed_show\"><br \/>\nL&#8217;h\u00f4tel de Beauvau est consruit pou<a href=\"https:\/\/www.histoiresgalantes.fr\/blog\/wp-content\/uploads\/2015\/08\/arbre-craon12.pdf\"><strong>r le mar\u00e9chal-prince de Beauvau<\/strong> <\/a>qui en fut le locataire \u00e0 vie d\u00e8s sa construction, moyennant un bail annuel de 12000 livres.<br \/>\n(Le propri\u00e9taire de l&#8217;h\u00f4tel est Gaston Camus avocat au Parlement de Paris et h\u00e9ritier de biens consid\u00e9rables acquis par son p\u00e8re.)<\/span><\/p>\n","protected":false},"excerpt":{"rendered":"<p>(actuel minist\u00e8re de l&#8217;int\u00e9rieur et de l&#8217;immigration) Impossible de ne pas avoir une pens\u00e9e pour la petite princesse Ourika, adopt\u00e9e par le prince de Beauvau, (mar\u00e9chal de France, n\u00e9 \u00e0 Lun\u00e9ville) et sa femme Sylvie de Rohan-Chabot, \u2026 Retrouvez son histoire sur : https:\/\/www.histoiresgalantes.fr\/blog\/2015\/03\/28\/ourika\/ L&#8217;h\u00f4tel de Beauvau est consruit pour le mar\u00e9chal-prince de Beauvau qui [&hellip;]<\/p>\n","protected":false},"author":1,"featured_media":4600,"comment_status":"open","ping_status":"open","sticky":false,"template":"","format":"image","meta":{"om_disable_all_campaigns":false,"_monsterinsights_skip_tracking":false,"_monsterinsights_sitenote_active":false,"_monsterinsights_sitenote_note":"","_monsterinsights_sitenote_category":0,"_s2mail":"yes","footnotes":""},"categories":[36,21,53],"tags":[],"class_list":["post-4599","post","type-post","status-publish","format-image","has-post-thumbnail","hentry","category-mme-de-brauvau-craon","category-mme-de-bouflers","category-sites-prives","post_format-post-format-image"],"aioseo_notices":[],"_links":{"self":[{"href":"https:\/\/www.histoiresgalantes.fr\/blog\/wp-json\/wp\/v2\/posts\/4599","targetHints":{"allow":["GET"]}}],"collection":[{"href":"https:\/\/www.histoiresgalantes.fr\/blog\/wp-json\/wp\/v2\/posts"}],"about":[{"href":"https:\/\/www.histoiresgalantes.fr\/blog\/wp-json\/wp\/v2\/types\/post"}],"author":[{"embeddable":true,"href":"https:\/\/www.histoiresgalantes.fr\/blog\/wp-json\/wp\/v2\/users\/1"}],"replies":[{"embeddable":true,"href":"https:\/\/www.histoiresgalantes.fr\/blog\/wp-json\/wp\/v2\/comments?post=4599"}],"version-history":[{"count":3,"href":"https:\/\/www.histoiresgalantes.fr\/blog\/wp-json\/wp\/v2\/posts\/4599\/revisions"}],"predecessor-version":[{"id":4603,"href":"https:\/\/www.histoiresgalantes.fr\/blog\/wp-json\/wp\/v2\/posts\/4599\/revisions\/4603"}],"wp:featuredmedia":[{"embeddable":true,"href":"https:\/\/www.histoiresgalantes.fr\/blog\/wp-json\/wp\/v2\/media\/4600"}],"wp:attachment":[{"href":"https:\/\/www.histoiresgalantes.fr\/blog\/wp-json\/wp\/v2\/media?parent=4599"}],"wp:term":[{"taxonomy":"category","embeddable":true,"href":"https:\/\/www.histoiresgalantes.fr\/blog\/wp-json\/wp\/v2\/categories?post=4599"},{"taxonomy":"post_tag","embeddable":true,"href":"https:\/\/www.histoiresgalantes.fr\/blog\/wp-json\/wp\/v2\/tags?post=4599"}],"curies":[{"name":"wp","href":"https:\/\/api.w.org\/{rel}","templated":true}]}}