{"id":4806,"date":"2016-09-22T14:17:21","date_gmt":"2016-09-22T13:17:21","guid":{"rendered":"http:\/\/www.histoiresgalantes.fr\/blog\/?p=4806"},"modified":"2016-09-25T14:21:33","modified_gmt":"2016-09-25T13:21:33","slug":"une-chambre-dhotel-plus-quoriginale-juste-incrustee-dans-la-cathedrale-de-nancy","status":"publish","type":"post","link":"https:\/\/www.histoiresgalantes.fr\/blog\/2016\/09\/22\/une-chambre-dhotel-plus-quoriginale-juste-incrustee-dans-la-cathedrale-de-nancy\/","title":{"rendered":"Une chambre d&#8217;h\u00f4tel plus qu&#8217;originale, juste incrust\u00e9e dans la cath\u00e9drale de Nancy !"},"content":{"rendered":"<p>Les Monuments Historiques de l&#8217;\u00e9poque (s&#8217;ils existaient) devaient \u00eatre moins pointilleux qu&#8217;aujourd&#8217;hui car l&#8217;h\u00f4tel n&#8217;ayant pu \u00eatre construit que\u2026 apr\u00e8s la <a href=\"https:\/\/www.histoiresgalantes.fr\/blog\/2016\/04\/08\/petite-touche-vintage-de-la-cathedrale-de-nancy\/\"><strong>cath\u00e9drale<\/strong><\/a>, son accolement contre le mur gauche du b\u00e2timent religieux n&#8217;a pos\u00e9 aucun probl\u00e8me, et qu&#8217;importent ces petites excroissances (les <a href=\"https:\/\/www.histoiresgalantes.fr\/blog\/2015\/06\/22\/les-anges-dans-la-ville\/\"><strong>anges<\/strong><\/a>), les architectes les ont tr\u00e8s bien int\u00e9gr\u00e9es au d\u00e9cor, pour une d\u00e9co de chambre pour le moins originale !<br \/>\nH\u00f4tel des Pr\u00e9lats, Nancy<\/p>\n<p><a href=\"https:\/\/www.histoiresgalantes.fr\/blog\/wp-content\/uploads\/2016\/09\/eglise4.jpg\"><img loading=\"lazy\" decoding=\"async\" class=\"alignnone size-full wp-image-4810\" src=\"https:\/\/www.histoiresgalantes.fr\/blog\/wp-content\/uploads\/2016\/09\/eglise4.jpg\" alt=\"eglise4\" width=\"826\" height=\"593\" srcset=\"https:\/\/www.histoiresgalantes.fr\/blog\/wp-content\/uploads\/2016\/09\/eglise4.jpg 826w, https:\/\/www.histoiresgalantes.fr\/blog\/wp-content\/uploads\/2016\/09\/eglise4-300x215.jpg 300w, https:\/\/www.histoiresgalantes.fr\/blog\/wp-content\/uploads\/2016\/09\/eglise4-768x551.jpg 768w\" sizes=\"auto, (max-width: 826px) 100vw, 826px\" \/><\/a> <a href=\"https:\/\/www.histoiresgalantes.fr\/blog\/wp-content\/uploads\/2016\/09\/eglise3.jpg\"><img loading=\"lazy\" decoding=\"async\" class=\"alignnone size-full wp-image-4809\" src=\"https:\/\/www.histoiresgalantes.fr\/blog\/wp-content\/uploads\/2016\/09\/eglise3.jpg\" alt=\"eglise3\" width=\"935\" height=\"624\" srcset=\"https:\/\/www.histoiresgalantes.fr\/blog\/wp-content\/uploads\/2016\/09\/eglise3.jpg 935w, https:\/\/www.histoiresgalantes.fr\/blog\/wp-content\/uploads\/2016\/09\/eglise3-300x200.jpg 300w, https:\/\/www.histoiresgalantes.fr\/blog\/wp-content\/uploads\/2016\/09\/eglise3-768x513.jpg 768w, https:\/\/www.histoiresgalantes.fr\/blog\/wp-content\/uploads\/2016\/09\/eglise3-330x220.jpg 330w\" sizes=\"auto, (max-width: 935px) 100vw, 935px\" \/><\/a> <a href=\"https:\/\/www.histoiresgalantes.fr\/blog\/wp-content\/uploads\/2016\/09\/eglise.jpg\"><img loading=\"lazy\" decoding=\"async\" class=\"alignnone size-full wp-image-4807\" src=\"https:\/\/www.histoiresgalantes.fr\/blog\/wp-content\/uploads\/2016\/09\/eglise.jpg\" alt=\"eglise\" width=\"674\" height=\"451\" srcset=\"https:\/\/www.histoiresgalantes.fr\/blog\/wp-content\/uploads\/2016\/09\/eglise.jpg 674w, https:\/\/www.histoiresgalantes.fr\/blog\/wp-content\/uploads\/2016\/09\/eglise-300x201.jpg 300w, https:\/\/www.histoiresgalantes.fr\/blog\/wp-content\/uploads\/2016\/09\/eglise-330x220.jpg 330w\" sizes=\"auto, (max-width: 674px) 100vw, 674px\" \/><\/a><\/p>\n","protected":false},"excerpt":{"rendered":"<p>Les Monuments Historiques de l&#8217;\u00e9poque (s&#8217;ils existaient) devaient \u00eatre moins pointilleux qu&#8217;aujourd&#8217;hui car l&#8217;h\u00f4tel n&#8217;ayant pu \u00eatre construit que\u2026 apr\u00e8s la cath\u00e9drale, son accolement contre le mur gauche du b\u00e2timent religieux n&#8217;a pos\u00e9 aucun probl\u00e8me, et qu&#8217;importent ces petites excroissances (les anges), les architectes les ont tr\u00e8s bien int\u00e9gr\u00e9es au d\u00e9cor, pour une d\u00e9co de [&hellip;]<\/p>\n","protected":false},"author":1,"featured_media":4808,"comment_status":"open","ping_status":"open","sticky":false,"template":"","format":"image","meta":{"om_disable_all_campaigns":false,"_monsterinsights_skip_tracking":false,"_monsterinsights_sitenote_active":false,"_monsterinsights_sitenote_note":"","_monsterinsights_sitenote_category":0,"_s2mail":"yes","footnotes":""},"categories":[46,14],"tags":[],"class_list":["post-4806","post","type-post","status-publish","format-image","has-post-thumbnail","hentry","category-chambres-d-hotes-en-lorraine","category-insolite","post_format-post-format-image"],"aioseo_notices":[],"_links":{"self":[{"href":"https:\/\/www.histoiresgalantes.fr\/blog\/wp-json\/wp\/v2\/posts\/4806","targetHints":{"allow":["GET"]}}],"collection":[{"href":"https:\/\/www.histoiresgalantes.fr\/blog\/wp-json\/wp\/v2\/posts"}],"about":[{"href":"https:\/\/www.histoiresgalantes.fr\/blog\/wp-json\/wp\/v2\/types\/post"}],"author":[{"embeddable":true,"href":"https:\/\/www.histoiresgalantes.fr\/blog\/wp-json\/wp\/v2\/users\/1"}],"replies":[{"embeddable":true,"href":"https:\/\/www.histoiresgalantes.fr\/blog\/wp-json\/wp\/v2\/comments?post=4806"}],"version-history":[{"count":1,"href":"https:\/\/www.histoiresgalantes.fr\/blog\/wp-json\/wp\/v2\/posts\/4806\/revisions"}],"predecessor-version":[{"id":4811,"href":"https:\/\/www.histoiresgalantes.fr\/blog\/wp-json\/wp\/v2\/posts\/4806\/revisions\/4811"}],"wp:featuredmedia":[{"embeddable":true,"href":"https:\/\/www.histoiresgalantes.fr\/blog\/wp-json\/wp\/v2\/media\/4808"}],"wp:attachment":[{"href":"https:\/\/www.histoiresgalantes.fr\/blog\/wp-json\/wp\/v2\/media?parent=4806"}],"wp:term":[{"taxonomy":"category","embeddable":true,"href":"https:\/\/www.histoiresgalantes.fr\/blog\/wp-json\/wp\/v2\/categories?post=4806"},{"taxonomy":"post_tag","embeddable":true,"href":"https:\/\/www.histoiresgalantes.fr\/blog\/wp-json\/wp\/v2\/tags?post=4806"}],"curies":[{"name":"wp","href":"https:\/\/api.w.org\/{rel}","templated":true}]}}