{"id":5170,"date":"2016-11-16T17:48:00","date_gmt":"2016-11-16T16:48:00","guid":{"rendered":"http:\/\/www.histoiresgalantes.fr\/blog\/?p=5170"},"modified":"2016-11-16T17:49:26","modified_gmt":"2016-11-16T16:49:26","slug":"inauguration-de-lannee-emilie-du-chatelet-a-luneville","status":"publish","type":"post","link":"https:\/\/www.histoiresgalantes.fr\/blog\/2016\/11\/16\/inauguration-de-lannee-emilie-du-chatelet-a-luneville\/","title":{"rendered":"Inauguration de l&#8217;ann\u00e9e Emilie du Ch\u00e2telet \u00e0 Lun\u00e9ville"},"content":{"rendered":"<p>Des concerts, des conf\u00e9rences, des animations, une exposition\u2026<br \/>\nLes festivit\u00e9s d\u00e9marrent \u00e0 partir de samedi 19-11 \u00e0 Baccarat avec la repr\u00e9sentation<br \/>\n\u00abLa grotte de Versailles\u00bb, Conservatoire du Grand Nancy<\/p>\n<p><a href=\"http:\/\/www.cc-lunevillois.fr\/emilie_s.html\">En savoir plus ici<\/a><\/p>\n<p><a href=\"https:\/\/www.histoiresgalantes.fr\/blog\/2016\/11\/16\/inauguration-de-lannee-emilie-du-chatelet-a-luneville\/emilie-luneville\/\" rel=\"attachment wp-att-5172\"><img loading=\"lazy\" decoding=\"async\" class=\"alignnone size-full wp-image-5172\" src=\"https:\/\/www.histoiresgalantes.fr\/blog\/wp-content\/uploads\/2016\/11\/emilie-luneville.jpg\" alt=\"emilie-luneville\" width=\"1000\" height=\"356\" srcset=\"https:\/\/www.histoiresgalantes.fr\/blog\/wp-content\/uploads\/2016\/11\/emilie-luneville.jpg 1000w, https:\/\/www.histoiresgalantes.fr\/blog\/wp-content\/uploads\/2016\/11\/emilie-luneville-300x107.jpg 300w, https:\/\/www.histoiresgalantes.fr\/blog\/wp-content\/uploads\/2016\/11\/emilie-luneville-768x273.jpg 768w\" sizes=\"auto, (max-width: 1000px) 100vw, 1000px\" \/><\/a><\/p>\n<p>&nbsp;<\/p>\n","protected":false},"excerpt":{"rendered":"<p>Des concerts, des conf\u00e9rences, des animations, une exposition\u2026 Les festivit\u00e9s d\u00e9marrent \u00e0 partir de samedi 19-11 \u00e0 Baccarat avec la repr\u00e9sentation \u00abLa grotte de Versailles\u00bb, Conservatoire du Grand Nancy En savoir plus ici &nbsp;<\/p>\n","protected":false},"author":1,"featured_media":5171,"comment_status":"open","ping_status":"open","sticky":false,"template":"","format":"image","meta":{"om_disable_all_campaigns":false,"_monsterinsights_skip_tracking":false,"_monsterinsights_sitenote_active":false,"_monsterinsights_sitenote_note":"","_monsterinsights_sitenote_category":0,"_s2mail":"yes","footnotes":""},"categories":[13,29,26],"tags":[],"class_list":["post-5170","post","type-post","status-publish","format-image","has-post-thumbnail","hentry","category-cour-de-stanislas","category-evenements","category-mme-du-chatelet","post_format-post-format-image"],"aioseo_notices":[],"_links":{"self":[{"href":"https:\/\/www.histoiresgalantes.fr\/blog\/wp-json\/wp\/v2\/posts\/5170","targetHints":{"allow":["GET"]}}],"collection":[{"href":"https:\/\/www.histoiresgalantes.fr\/blog\/wp-json\/wp\/v2\/posts"}],"about":[{"href":"https:\/\/www.histoiresgalantes.fr\/blog\/wp-json\/wp\/v2\/types\/post"}],"author":[{"embeddable":true,"href":"https:\/\/www.histoiresgalantes.fr\/blog\/wp-json\/wp\/v2\/users\/1"}],"replies":[{"embeddable":true,"href":"https:\/\/www.histoiresgalantes.fr\/blog\/wp-json\/wp\/v2\/comments?post=5170"}],"version-history":[{"count":2,"href":"https:\/\/www.histoiresgalantes.fr\/blog\/wp-json\/wp\/v2\/posts\/5170\/revisions"}],"predecessor-version":[{"id":5174,"href":"https:\/\/www.histoiresgalantes.fr\/blog\/wp-json\/wp\/v2\/posts\/5170\/revisions\/5174"}],"wp:featuredmedia":[{"embeddable":true,"href":"https:\/\/www.histoiresgalantes.fr\/blog\/wp-json\/wp\/v2\/media\/5171"}],"wp:attachment":[{"href":"https:\/\/www.histoiresgalantes.fr\/blog\/wp-json\/wp\/v2\/media?parent=5170"}],"wp:term":[{"taxonomy":"category","embeddable":true,"href":"https:\/\/www.histoiresgalantes.fr\/blog\/wp-json\/wp\/v2\/categories?post=5170"},{"taxonomy":"post_tag","embeddable":true,"href":"https:\/\/www.histoiresgalantes.fr\/blog\/wp-json\/wp\/v2\/tags?post=5170"}],"curies":[{"name":"wp","href":"https:\/\/api.w.org\/{rel}","templated":true}]}}