{"id":5601,"date":"2017-01-11T13:43:59","date_gmt":"2017-01-11T12:43:59","guid":{"rendered":"http:\/\/www.histoiresgalantes.fr\/blog\/?p=5601"},"modified":"2017-09-15T14:38:52","modified_gmt":"2017-09-15T13:38:52","slug":"fausse-rumeur","status":"publish","type":"post","link":"https:\/\/www.histoiresgalantes.fr\/blog\/2017\/01\/11\/fausse-rumeur\/","title":{"rendered":"Fausse rumeur"},"content":{"rendered":"<p><a href=\"https:\/\/www.histoiresgalantes.fr\/blog\/2017\/01\/11\/fausse-rumeur\/voltaire13\/\" rel=\"attachment wp-att-5603\"><img loading=\"lazy\" decoding=\"async\" class=\"alignnone size-full wp-image-5603 aligncenter\" src=\"https:\/\/www.histoiresgalantes.fr\/blog\/wp-content\/uploads\/2017\/01\/voltaire13.gif\" alt=\"voltaire13\" width=\"422\" height=\"550\" \/><\/a><\/p>\n<p style=\"text-align: center;\">Saviez-vous que la rumeur de Voltaire raciste et ayant particip\u00e9 \u00e0 la traite des noirs est fausse et qu&#8217;il n&#8217;a jamais particip\u00e9 au commerce des esclaves ? C&#8217;est une calomnie de ses nombreux d\u00e9tracteurs, un article en parle plus en d\u00e9tail ici :<br \/>\n<a href=\"http:\/\/www.sculfort.fr\/articles\/etoes\/18e\/voltaire\/negrier.html\" target=\"_blank\" rel=\"nofollow\">http:\/\/www.sculfort.fr\/articl\u2026\/etoes\/\u2026\/voltaire\/negrier.html<\/a><br \/>\nSources : Jean Erhard, Lumi\u00e8res et esclavage. L\u2019esclavage colonial et l\u2019opinion publique en France au XVIIIe si\u00e8cle<br \/>\nGif anim\u00e9 Non,non,Don Alvarez,Acte1,Alzire\/Vo<span class=\"text_exposed_show\">ltaire\u00a9PFDebert d&#8217;apr\u00e8s Delatour<\/span><\/p>\n","protected":false},"excerpt":{"rendered":"<p>Saviez-vous que la rumeur de Voltaire raciste et ayant particip\u00e9 \u00e0 la traite des noirs est fausse et qu&#8217;il n&#8217;a jamais particip\u00e9 au commerce des esclaves ? C&#8217;est une calomnie de ses nombreux d\u00e9tracteurs, un article en parle plus en d\u00e9tail ici : http:\/\/www.sculfort.fr\/articl\u2026\/etoes\/\u2026\/voltaire\/negrier.html Sources : Jean Erhard, Lumi\u00e8res et esclavage. L\u2019esclavage colonial et l\u2019opinion [&hellip;]<\/p>\n","protected":false},"author":1,"featured_media":7448,"comment_status":"open","ping_status":"open","sticky":false,"template":"","format":"image","meta":{"om_disable_all_campaigns":false,"_monsterinsights_skip_tracking":false,"_monsterinsights_sitenote_active":false,"_monsterinsights_sitenote_note":"","_monsterinsights_sitenote_category":0,"_s2mail":"yes","footnotes":""},"categories":[58,31],"tags":[],"class_list":["post-5601","post","type-post","status-publish","format-image","has-post-thumbnail","hentry","category-gifs-animes-xviiie","category-voltaire","post_format-post-format-image"],"aioseo_notices":[],"_links":{"self":[{"href":"https:\/\/www.histoiresgalantes.fr\/blog\/wp-json\/wp\/v2\/posts\/5601","targetHints":{"allow":["GET"]}}],"collection":[{"href":"https:\/\/www.histoiresgalantes.fr\/blog\/wp-json\/wp\/v2\/posts"}],"about":[{"href":"https:\/\/www.histoiresgalantes.fr\/blog\/wp-json\/wp\/v2\/types\/post"}],"author":[{"embeddable":true,"href":"https:\/\/www.histoiresgalantes.fr\/blog\/wp-json\/wp\/v2\/users\/1"}],"replies":[{"embeddable":true,"href":"https:\/\/www.histoiresgalantes.fr\/blog\/wp-json\/wp\/v2\/comments?post=5601"}],"version-history":[{"count":4,"href":"https:\/\/www.histoiresgalantes.fr\/blog\/wp-json\/wp\/v2\/posts\/5601\/revisions"}],"predecessor-version":[{"id":7455,"href":"https:\/\/www.histoiresgalantes.fr\/blog\/wp-json\/wp\/v2\/posts\/5601\/revisions\/7455"}],"wp:featuredmedia":[{"embeddable":true,"href":"https:\/\/www.histoiresgalantes.fr\/blog\/wp-json\/wp\/v2\/media\/7448"}],"wp:attachment":[{"href":"https:\/\/www.histoiresgalantes.fr\/blog\/wp-json\/wp\/v2\/media?parent=5601"}],"wp:term":[{"taxonomy":"category","embeddable":true,"href":"https:\/\/www.histoiresgalantes.fr\/blog\/wp-json\/wp\/v2\/categories?post=5601"},{"taxonomy":"post_tag","embeddable":true,"href":"https:\/\/www.histoiresgalantes.fr\/blog\/wp-json\/wp\/v2\/tags?post=5601"}],"curies":[{"name":"wp","href":"https:\/\/api.w.org\/{rel}","templated":true}]}}