{"id":5661,"date":"2017-01-20T15:14:12","date_gmt":"2017-01-20T14:14:12","guid":{"rendered":"http:\/\/www.histoiresgalantes.fr\/blog\/?p=5661"},"modified":"2017-09-15T16:34:31","modified_gmt":"2017-09-15T15:34:31","slug":"sexy-en-habit-de-deuil","status":"publish","type":"post","link":"https:\/\/www.histoiresgalantes.fr\/blog\/2017\/01\/20\/sexy-en-habit-de-deuil\/","title":{"rendered":"Sexy en habit de deuil"},"content":{"rendered":"<p><a href=\"https:\/\/www.histoiresgalantes.fr\/blog\/2017\/01\/20\/sexy-en-habit-de-deuil\/sebastien-leclerc6\/\" rel=\"attachment wp-att-5673\"><img loading=\"lazy\" decoding=\"async\" class=\"alignnone size-full wp-image-5673 aligncenter\" src=\"https:\/\/www.histoiresgalantes.fr\/blog\/wp-content\/uploads\/2017\/01\/sebastien-leclerc6.gif\" alt=\"sebastien-leclerc6\" width=\"400\" height=\"670\" \/><\/a><\/p>\n<p style=\"text-align: left;\">Quand le graveur Lorrain<strong> S\u00e9bastien Leclerc<\/strong>, &#8220;As&#8221; du burin, lance le d\u00e9fi, &#8220;Sexy en habit de deuil&#8221;, Christina Cordula peut aller se rhabiller !<br \/>\nLe graveur surdou\u00e9, n\u00e9 \u00e0 Metz en 1637, grave sa premi\u00e8re estampe \u00e0 7 ans ! (un enfant endormi, en perspective, avec juste quelques petits raccourcis de rien du tout, hem, hem\u2026)<\/p>\n<p><a href=\"https:\/\/www.histoiresgalantes.fr\/blog\/2017\/01\/20\/sexy-en-habit-de-deuil\/bb\/\" rel=\"attachment wp-att-5676\"><img loading=\"lazy\" decoding=\"async\" class=\"alignnone size-full wp-image-5676\" src=\"https:\/\/www.histoiresgalantes.fr\/blog\/wp-content\/uploads\/2017\/01\/bb.jpg\" alt=\"bb\" width=\"500\" height=\"404\" srcset=\"https:\/\/www.histoiresgalantes.fr\/blog\/wp-content\/uploads\/2017\/01\/bb.jpg 500w, https:\/\/www.histoiresgalantes.fr\/blog\/wp-content\/uploads\/2017\/01\/bb-300x242.jpg 300w\" sizes=\"auto, (max-width: 500px) 100vw, 500px\" \/><\/a><br \/>\n<span data-offset-key=\"cpj6g-0-0\"><span data-text=\"true\"><strong>S\u00e9bastien Leclerc<\/strong> signe ensuite une s\u00e9rie d&#8217;eaux fortes (1664) appel\u00e9e <strong>&#8220;Modes de Metz&#8221;<\/strong> o\u00f9 ses personnages masculins ont tous des poses sensuelles et d\u00e9cal\u00e9es, <\/span><\/span><\/p>\n<div class=\"\" data-block=\"true\" data-editor=\"2sm08\" data-offset-key=\"26hmm-0-0\">\n<div class=\"_1mf _1mj\" data-offset-key=\"26hmm-0-0\"><span data-offset-key=\"26hmm-0-0\"><span data-text=\"true\">Ce g\u00e9nie du dessin et de la perspective est \u00e9videmment r\u00e9cup\u00e9r\u00e9 et nomm\u00e9 rapidement graveur du roi Louis XIV. Aussi c\u00e9l\u00e8bre que Callot, il gravera jusqu&#8217;\u00e0 la fin de sa vie des estampes que les collectionneurs s&#8217;arrachaient, s&#8217;arrachent et s&#8217;arracheront !<\/span><\/span><\/div>\n<div class=\"_1mf _1mj\" data-offset-key=\"26hmm-0-0\"><\/div>\n<\/div>\n<div class=\"\" data-block=\"true\" data-editor=\"2sm08\" data-offset-key=\"2jmab-0-0\">\n<div class=\"_1mf _1mj\" data-offset-key=\"2jmab-0-0\"><em><span data-offset-key=\"2jmab-0-0\"><span data-text=\"true\">Prochainement, article coup de c\u0153ur sur S\u00e9bastien Leclerc et ma d\u00e9couverte d&#8217;un recueil de plusieurs s\u00e9ries d&#8217;estampes de ce graveur lorrain de g\u00e9nie, conserv\u00e9 pr\u00e9cieusement \u00e0 la biblioth\u00e8que de Nancy !<\/span><\/span><\/em><\/div>\n<\/div>\n<p><span class=\"text_exposed_show\"><br \/>\n<\/span>L&#8217;homme en deuil : [estampe]<br \/>\nAuteur \u00a0Leclerc , S\u00e9bastien (1637-1714). Graveur- Source\u00a9Gallica bnf<\/p>\n<p>&nbsp;<\/p>\n<p><a href=\"https:\/\/www.histoiresgalantes.fr\/blog\/2017\/01\/20\/sexy-en-habit-de-deuil\/sebastien-leclerc2\/\" rel=\"attachment wp-att-5663\"><img loading=\"lazy\" decoding=\"async\" class=\"alignnone size-full wp-image-5663\" src=\"https:\/\/www.histoiresgalantes.fr\/blog\/wp-content\/uploads\/2017\/01\/sebastien-leclerc2.jpg\" alt=\"sebastien-leclerc2\" width=\"976\" height=\"1566\" srcset=\"https:\/\/www.histoiresgalantes.fr\/blog\/wp-content\/uploads\/2017\/01\/sebastien-leclerc2.jpg 976w, https:\/\/www.histoiresgalantes.fr\/blog\/wp-content\/uploads\/2017\/01\/sebastien-leclerc2-187x300.jpg 187w, https:\/\/www.histoiresgalantes.fr\/blog\/wp-content\/uploads\/2017\/01\/sebastien-leclerc2-768x1232.jpg 768w, https:\/\/www.histoiresgalantes.fr\/blog\/wp-content\/uploads\/2017\/01\/sebastien-leclerc2-638x1024.jpg 638w\" sizes=\"auto, (max-width: 976px) 100vw, 976px\" \/><\/a><br \/>\nLe Conseiller au parlement : [estampe]<\/p>\n<p><a href=\"https:\/\/www.histoiresgalantes.fr\/blog\/2017\/01\/20\/sexy-en-habit-de-deuil\/sebastien-leclerc1\/\" rel=\"attachment wp-att-5662\"><img loading=\"lazy\" decoding=\"async\" class=\"alignnone size-full wp-image-5662\" src=\"https:\/\/www.histoiresgalantes.fr\/blog\/wp-content\/uploads\/2017\/01\/sebastien-leclerc1.jpg\" alt=\"sebastien-leclerc1\" width=\"1003\" height=\"1566\" srcset=\"https:\/\/www.histoiresgalantes.fr\/blog\/wp-content\/uploads\/2017\/01\/sebastien-leclerc1.jpg 1003w, https:\/\/www.histoiresgalantes.fr\/blog\/wp-content\/uploads\/2017\/01\/sebastien-leclerc1-192x300.jpg 192w, https:\/\/www.histoiresgalantes.fr\/blog\/wp-content\/uploads\/2017\/01\/sebastien-leclerc1-768x1199.jpg 768w, https:\/\/www.histoiresgalantes.fr\/blog\/wp-content\/uploads\/2017\/01\/sebastien-leclerc1-656x1024.jpg 656w\" sizes=\"auto, (max-width: 1003px) 100vw, 1003px\" \/><\/a><\/p>\n<p>Le G\u00e9n\u00e9ral d&#8217;arm\u00e9e : [estampe]<\/p>\n<p><strong><a href=\"https:\/\/www.histoiresgalantes.fr\/blog\/2017\/01\/20\/sexy-en-habit-de-deuil\/f1-11-2\/\" rel=\"attachment wp-att-5668\"><img loading=\"lazy\" decoding=\"async\" class=\"alignnone size-full wp-image-5668\" src=\"https:\/\/www.histoiresgalantes.fr\/blog\/wp-content\/uploads\/2017\/01\/f1-11.jpg\" alt=\"f1-11\" width=\"954\" height=\"1566\" srcset=\"https:\/\/www.histoiresgalantes.fr\/blog\/wp-content\/uploads\/2017\/01\/f1-11.jpg 954w, https:\/\/www.histoiresgalantes.fr\/blog\/wp-content\/uploads\/2017\/01\/f1-11-183x300.jpg 183w, https:\/\/www.histoiresgalantes.fr\/blog\/wp-content\/uploads\/2017\/01\/f1-11-768x1261.jpg 768w, https:\/\/www.histoiresgalantes.fr\/blog\/wp-content\/uploads\/2017\/01\/f1-11-624x1024.jpg 624w\" sizes=\"auto, (max-width: 954px) 100vw, 954px\" \/><\/a><\/strong><\/p>\n<p>Le Pr\u00e9sident \u00e0 mortier : [estampe]<\/p>\n<p><a href=\"https:\/\/www.histoiresgalantes.fr\/blog\/2017\/01\/20\/sexy-en-habit-de-deuil\/f1-15\/\" rel=\"attachment wp-att-5669\"><img loading=\"lazy\" decoding=\"async\" class=\"alignnone size-full wp-image-5669\" src=\"https:\/\/www.histoiresgalantes.fr\/blog\/wp-content\/uploads\/2017\/01\/f1-15.jpg\" alt=\"f1-15\" width=\"975\" height=\"1566\" srcset=\"https:\/\/www.histoiresgalantes.fr\/blog\/wp-content\/uploads\/2017\/01\/f1-15.jpg 975w, https:\/\/www.histoiresgalantes.fr\/blog\/wp-content\/uploads\/2017\/01\/f1-15-187x300.jpg 187w, https:\/\/www.histoiresgalantes.fr\/blog\/wp-content\/uploads\/2017\/01\/f1-15-768x1234.jpg 768w, https:\/\/www.histoiresgalantes.fr\/blog\/wp-content\/uploads\/2017\/01\/f1-15-638x1024.jpg 638w\" sizes=\"auto, (max-width: 975px) 100vw, 975px\" \/><\/a><br \/>\nL&#8217;abb\u00e9 en manteau court : [estampe]<\/p>\n<p><a href=\"https:\/\/www.histoiresgalantes.fr\/blog\/2017\/01\/20\/sexy-en-habit-de-deuil\/sebastien-leclerc3\/\" rel=\"attachment wp-att-5664\"><img loading=\"lazy\" decoding=\"async\" class=\"alignnone size-full wp-image-5664\" src=\"https:\/\/www.histoiresgalantes.fr\/blog\/wp-content\/uploads\/2017\/01\/sebastien-leclerc3.jpg\" alt=\"sebastien-leclerc3\" width=\"1009\" height=\"1566\" srcset=\"https:\/\/www.histoiresgalantes.fr\/blog\/wp-content\/uploads\/2017\/01\/sebastien-leclerc3.jpg 1009w, https:\/\/www.histoiresgalantes.fr\/blog\/wp-content\/uploads\/2017\/01\/sebastien-leclerc3-193x300.jpg 193w, https:\/\/www.histoiresgalantes.fr\/blog\/wp-content\/uploads\/2017\/01\/sebastien-leclerc3-768x1192.jpg 768w, https:\/\/www.histoiresgalantes.fr\/blog\/wp-content\/uploads\/2017\/01\/sebastien-leclerc3-660x1024.jpg 660w\" sizes=\"auto, (max-width: 1009px) 100vw, 1009px\" \/><\/a><br \/>\nLe gentilhomme : [estampe]<\/p>\n<p><a href=\"https:\/\/www.histoiresgalantes.fr\/blog\/2017\/01\/20\/sexy-en-habit-de-deuil\/f1-12-2\/\" rel=\"attachment wp-att-5667\"><img loading=\"lazy\" decoding=\"async\" class=\"alignnone size-full wp-image-5667\" src=\"https:\/\/www.histoiresgalantes.fr\/blog\/wp-content\/uploads\/2017\/01\/f1-12.jpg\" alt=\"f1-12\" width=\"988\" height=\"1566\" srcset=\"https:\/\/www.histoiresgalantes.fr\/blog\/wp-content\/uploads\/2017\/01\/f1-12.jpg 988w, https:\/\/www.histoiresgalantes.fr\/blog\/wp-content\/uploads\/2017\/01\/f1-12-189x300.jpg 189w, https:\/\/www.histoiresgalantes.fr\/blog\/wp-content\/uploads\/2017\/01\/f1-12-768x1217.jpg 768w, https:\/\/www.histoiresgalantes.fr\/blog\/wp-content\/uploads\/2017\/01\/f1-12-646x1024.jpg 646w\" sizes=\"auto, (max-width: 988px) 100vw, 988px\" \/><\/a><br \/>\nL&#8217;abb\u00e9 en manteau long : [estampe]<\/p>\n<p><a href=\"https:\/\/www.histoiresgalantes.fr\/blog\/2017\/01\/20\/sexy-en-habit-de-deuil\/f1-13-2\/\" rel=\"attachment wp-att-5666\"><img loading=\"lazy\" decoding=\"async\" class=\"alignnone size-full wp-image-5666\" src=\"https:\/\/www.histoiresgalantes.fr\/blog\/wp-content\/uploads\/2017\/01\/f1-13.jpg\" alt=\"f1-13\" width=\"1009\" height=\"1566\" srcset=\"https:\/\/www.histoiresgalantes.fr\/blog\/wp-content\/uploads\/2017\/01\/f1-13.jpg 1009w, https:\/\/www.histoiresgalantes.fr\/blog\/wp-content\/uploads\/2017\/01\/f1-13-193x300.jpg 193w, https:\/\/www.histoiresgalantes.fr\/blog\/wp-content\/uploads\/2017\/01\/f1-13-768x1192.jpg 768w, https:\/\/www.histoiresgalantes.fr\/blog\/wp-content\/uploads\/2017\/01\/f1-13-660x1024.jpg 660w\" sizes=\"auto, (max-width: 1009px) 100vw, 1009px\" \/><\/a><\/p>\n<p>\u00a9source gallica bnf<\/p>\n<p>&nbsp;<\/p>\n<p>&nbsp;<\/p>\n","protected":false},"excerpt":{"rendered":"<p>Quand le graveur Lorrain S\u00e9bastien Leclerc, &#8220;As&#8221; du burin, lance le d\u00e9fi, &#8220;Sexy en habit de deuil&#8221;, Christina Cordula peut aller se rhabiller ! Le graveur surdou\u00e9, n\u00e9 \u00e0 Metz en 1637, grave sa premi\u00e8re estampe \u00e0 7 ans ! (un enfant endormi, en perspective, avec juste quelques petits raccourcis de rien du tout, hem, [&hellip;]<\/p>\n","protected":false},"author":1,"featured_media":7528,"comment_status":"open","ping_status":"open","sticky":false,"template":"","format":"image","meta":{"om_disable_all_campaigns":false,"_monsterinsights_skip_tracking":false,"_monsterinsights_sitenote_active":false,"_monsterinsights_sitenote_note":"","_monsterinsights_sitenote_category":0,"_s2mail":"yes","footnotes":""},"categories":[45,55,23,52,24],"tags":[],"class_list":["post-5661","post","type-post","status-publish","format-image","has-post-thumbnail","hentry","category-collections","category-graveurs","category-mode","category-sauvegarde-du-patrimoine","category-peintres-dessinateurs","post_format-post-format-image"],"aioseo_notices":[],"_links":{"self":[{"href":"https:\/\/www.histoiresgalantes.fr\/blog\/wp-json\/wp\/v2\/posts\/5661","targetHints":{"allow":["GET"]}}],"collection":[{"href":"https:\/\/www.histoiresgalantes.fr\/blog\/wp-json\/wp\/v2\/posts"}],"about":[{"href":"https:\/\/www.histoiresgalantes.fr\/blog\/wp-json\/wp\/v2\/types\/post"}],"author":[{"embeddable":true,"href":"https:\/\/www.histoiresgalantes.fr\/blog\/wp-json\/wp\/v2\/users\/1"}],"replies":[{"embeddable":true,"href":"https:\/\/www.histoiresgalantes.fr\/blog\/wp-json\/wp\/v2\/comments?post=5661"}],"version-history":[{"count":8,"href":"https:\/\/www.histoiresgalantes.fr\/blog\/wp-json\/wp\/v2\/posts\/5661\/revisions"}],"predecessor-version":[{"id":7530,"href":"https:\/\/www.histoiresgalantes.fr\/blog\/wp-json\/wp\/v2\/posts\/5661\/revisions\/7530"}],"wp:featuredmedia":[{"embeddable":true,"href":"https:\/\/www.histoiresgalantes.fr\/blog\/wp-json\/wp\/v2\/media\/7528"}],"wp:attachment":[{"href":"https:\/\/www.histoiresgalantes.fr\/blog\/wp-json\/wp\/v2\/media?parent=5661"}],"wp:term":[{"taxonomy":"category","embeddable":true,"href":"https:\/\/www.histoiresgalantes.fr\/blog\/wp-json\/wp\/v2\/categories?post=5661"},{"taxonomy":"post_tag","embeddable":true,"href":"https:\/\/www.histoiresgalantes.fr\/blog\/wp-json\/wp\/v2\/tags?post=5661"}],"curies":[{"name":"wp","href":"https:\/\/api.w.org\/{rel}","templated":true}]}}