{"id":5679,"date":"2017-01-25T12:33:55","date_gmt":"2017-01-25T11:33:55","guid":{"rendered":"http:\/\/www.histoiresgalantes.fr\/blog\/?p=5679"},"modified":"2024-10-11T21:14:28","modified_gmt":"2024-10-11T20:14:28","slug":"une-petite-danseuse-de-luneville-creatrice-de-lopera-comique","status":"publish","type":"post","link":"https:\/\/www.histoiresgalantes.fr\/blog\/2017\/01\/25\/une-petite-danseuse-de-luneville-creatrice-de-lopera-comique\/","title":{"rendered":"La Chantilly, petite danseuse de la Cour de Lun\u00e9ville, cr\u00e9atrice de l&#8217;Op\u00e9ra-Comique !"},"content":{"rendered":"<p><a href=\"https:\/\/www.histoiresgalantes.fr\/blog\/2017\/01\/25\/une-petite-danseuse-de-luneville-creatrice-de-lopera-comique\/chantillyok\/\" rel=\"attachment wp-att-5680\"><img loading=\"lazy\" decoding=\"async\" class=\"alignnone size-full wp-image-5680\" src=\"https:\/\/www.histoiresgalantes.fr\/blog\/wp-content\/uploads\/2017\/01\/chantillyok.gif\" alt=\"chantillyok\" width=\"600\" height=\"744\" \/><\/a><\/p>\n<p>La premi\u00e8re danseuse de Stanislas va r\u00e9volutionner<a href=\"https:\/\/www.histoiresgalantes.fr\/blog\/2016\/05\/18\/le-theatre-de-la-comedie-de-stanislas\/\"><strong> le th\u00e9\u00e2tre<\/strong><\/a> en cr\u00e9ant avec son mari, M. Favart, l&#8217;op\u00e9ra comique !<br \/>\nFille de deux musiciens de la Chapelle <a href=\"https:\/\/www.histoiresgalantes.fr\/blog\/2016\/05\/18\/le-theatre-de-la-comedie-de-stanislas\/\"><strong>du roi de Pologne<\/strong><\/a>, la petite Justine Cabaret Duronceray apprend la danse, la musique et la litt\u00e9rature \u00e0 la cour de Lun\u00e9ville, sous la protection du roi Stanislas qui a rep\u00e9r\u00e9 ses talents exceptionnels.<br \/>\nLa petite danseuse de &#8220;Lun\u00e9ville&#8221; parait pour la premi\u00e8re fois, en 1744, sur les planches de la Foire Saint-Julien \u00e0 Paris, sous le nom de Mlle Chantilly.<br \/>\nA cette \u00e9poque l&#8217;Op\u00e9ra n&#8217;est pas accessible au peuple et une nouvelle fa\u00e7on de jouer la com\u00e9die est en train de na\u00eetre sur les tr\u00e9teaux des foires. On y chante, on y danse, on y parle, ce sont les d\u00e9buts de l&#8217;Op\u00e9ra-Comique.<br \/>\n\u2026<br \/>\nLe succ\u00e8s de Mllle Chantilly est tel qu&#8217;il va provoquer jalousie, pers\u00e9cution, harc\u00e8lement et heureusement\u00a0 gloire et reconnaissance \u2026<\/p>\n<p>Les grands th\u00e9\u00e2tres, jaloux de cette prosp\u00e9rit\u00e9, demandent et obtiennent la suppression de ce genre de spectacle, on impose \u00e0 la com\u00e9dienne de jouer sans chanter et sans parler, mais elle n&#8217;en joue que mieux\u2026 la pantomime, r\u00e9volutionnant l&#8217;art du mime !<br \/>\nDou\u00e9e de tous les talents, Mlle Chantilly fait tourner les t\u00eates et les c\u0153urs, le premier \u00e0 tomber sous son charme est le directeur du th\u00e9\u00e2tre qui l&#8217;\u00e9pouse rapidement et on ne la connaitra bient\u00f4t plus que sous le nom de Mme Favart.<br \/>\nApr\u00e8s son mariage, la jeune femme est harcel\u00e9e par le<a href=\"https:\/\/www.histoiresgalantes.fr\/blog\/2017\/03\/09\/la-legende-du-tombeau-dadrienne\/\"><strong> mar\u00e9chal de Saxe<\/strong> <\/a>qui pour arriver \u00e0 ses fins, fait fuir son mari par une lettre de cachet et la fait s\u00e9questrer jusqu&#8217;\u00e0 ce que la pauvre c\u00e8de \u00e0 ses instances.<br \/>\nLe public priv\u00e9 de sa petite divette, et qui ne sait trop ce qui se passe, la r\u00e9clame \u00e0 grands cris.<br \/>\nSeule la mort du mar\u00e9chal d\u00e9livrera le couple de ce harc\u00e8lement.<br \/>\nDe retour \u00e0 Paris, sa carri\u00e8re est une suite de succ\u00e8s dans des \u0153uvres qu&#8217;elle co-\u00e9crit avec son mari.<br \/>\nElle imite parfaitement les diff\u00e9rents patois et accents de l&#8217;\u00e9poque. Elle est la premi\u00e8re \u00e0 monter sur sc\u00e8ne en habit de paysanne avec ses sabots (auparavant, on n&#8217;h\u00e9sitait pas \u00e0 interpr\u00e9ter une paysanne en robe \u00e0 paniers).<\/p>\n<p>Madame Favart, innovatrice d&#8217;un genre qui pr\u00e9c\u00e9de de cent ans celui des op\u00e9rettes, meurt le 21 avril 1772, elle est inhum\u00e9e \u00e0 Saint-Eustache, selon son d\u00e9sir.<br \/>\nLa petite danseuse de Lun\u00e9ville fut danseuse, com\u00e9dienne, musicienne virtuose, auteur-compositeur, r\u00e9formatrice, et cr\u00e9atrice, avec son mari, de l&#8217;op\u00e9ra-comique en France.<\/p>\n<p>Article \u00a9 Pascale FDebert et gif anim\u00e9 d&#8217;apr\u00e8s Fran\u00e7ois Hubert Drouais \u00a9 Pascale FDebert<br \/>\nSon r\u00e9pertoire :<br \/>\nRoxelane (les Trois Sultanes),<br \/>\n1755, Les Amours de Bastien et Bastienne, parodie de Rousseau<br \/>\n1754, La f\u00eate de l\u2019Amour, ou Lucas et Colinette,<br \/>\n1757, Les Ensorcel\u00e9s, ou Jeannot et Jeannette.<br \/>\n1760, La Fortune au village, parodie d\u2019Egl\u00e9.<br \/>\n1761, Annette et Lubin.<br \/>\n<a href=\"https:\/\/fr.wikipedia.org\/wiki\/Justine_Favart\">En savoir +<\/a><\/p>\n<p><a href=\"https:\/\/www.histoiresgalantes.fr\/blog\/2017\/01\/25\/une-petite-danseuse-de-luneville-creatrice-de-lopera-comique\/chantilliy1\/\" rel=\"attachment wp-att-5688\"><img loading=\"lazy\" decoding=\"async\" class=\"alignnone size-full wp-image-5688\" src=\"https:\/\/www.histoiresgalantes.fr\/blog\/wp-content\/uploads\/2017\/01\/chantilliy1.jpg\" alt=\"chantilliy1\" width=\"482\" height=\"494\" srcset=\"https:\/\/www.histoiresgalantes.fr\/blog\/wp-content\/uploads\/2017\/01\/chantilliy1.jpg 482w, https:\/\/www.histoiresgalantes.fr\/blog\/wp-content\/uploads\/2017\/01\/chantilliy1-293x300.jpg 293w\" sizes=\"auto, (max-width: 482px) 100vw, 482px\" \/><\/a><\/p>\n<p>Portrait pr\u00e9sum\u00e9 de Madame Favart en costume de Babet \u00a9rmn<\/p>\n<p>M. et Mme Favart<\/p>\n<p><a href=\"https:\/\/www.histoiresgalantes.fr\/blog\/2017\/01\/25\/une-petite-danseuse-de-luneville-creatrice-de-lopera-comique\/chantilliy6\/\" rel=\"attachment wp-att-5683\"><img loading=\"lazy\" decoding=\"async\" class=\"alignnone size-full wp-image-5683\" src=\"https:\/\/www.histoiresgalantes.fr\/blog\/wp-content\/uploads\/2017\/01\/chantilliy6.jpg\" alt=\"chantilliy6\" width=\"600\" height=\"794\" srcset=\"https:\/\/www.histoiresgalantes.fr\/blog\/wp-content\/uploads\/2017\/01\/chantilliy6.jpg 600w, https:\/\/www.histoiresgalantes.fr\/blog\/wp-content\/uploads\/2017\/01\/chantilliy6-227x300.jpg 227w\" sizes=\"auto, (max-width: 600px) 100vw, 600px\" \/><br \/>\n<\/a><\/p>\n<p>Mme Favart pastel de Quentin de la Tour Mus\u00e9e de Saint-Quentin<\/p>\n<p><a href=\"https:\/\/www.histoiresgalantes.fr\/blog\/2017\/01\/25\/une-petite-danseuse-de-luneville-creatrice-de-lopera-comique\/chantilliy5\/\" rel=\"attachment wp-att-5684\"><img loading=\"lazy\" decoding=\"async\" class=\"alignnone size-full wp-image-5684\" src=\"https:\/\/www.histoiresgalantes.fr\/blog\/wp-content\/uploads\/2017\/01\/chantilliy5.jpg\" alt=\"chantilliy5\" width=\"486\" height=\"650\" srcset=\"https:\/\/www.histoiresgalantes.fr\/blog\/wp-content\/uploads\/2017\/01\/chantilliy5.jpg 486w, https:\/\/www.histoiresgalantes.fr\/blog\/wp-content\/uploads\/2017\/01\/chantilliy5-224x300.jpg 224w\" sizes=\"auto, (max-width: 486px) 100vw, 486px\" \/><\/a><\/p>\n<p>La jardini\u00e8re<br \/>\nBoucher Fran\u00e7ois (1703-1770) (d&#8217;apr\u00e8s)<br \/>\npeintre Demarteau Gilles (1729-1776) \u00a9BnF,<\/p>\n<p><a href=\"https:\/\/www.histoiresgalantes.fr\/blog\/2017\/01\/25\/une-petite-danseuse-de-luneville-creatrice-de-lopera-comique\/chantilliy4\/\" rel=\"attachment wp-att-5685\"><img loading=\"lazy\" decoding=\"async\" class=\"alignnone size-full wp-image-5685\" src=\"https:\/\/www.histoiresgalantes.fr\/blog\/wp-content\/uploads\/2017\/01\/chantilliy4.jpg\" alt=\"chantilliy4\" width=\"377\" height=\"605\" srcset=\"https:\/\/www.histoiresgalantes.fr\/blog\/wp-content\/uploads\/2017\/01\/chantilliy4.jpg 377w, https:\/\/www.histoiresgalantes.fr\/blog\/wp-content\/uploads\/2017\/01\/chantilliy4-187x300.jpg 187w\" sizes=\"auto, (max-width: 377px) 100vw, 377px\" \/><\/a><\/p>\n<p>Mme Favart, dans Minette \u00e0 la cour<br \/>\nBoucher Fran\u00e7ois (1703-1770) (d&#8217;apr\u00e8s),<br \/>\npeintre Lebas Jacques-Philippe (1707-1783),graveur et dessinateur \u00a9BnF,<\/p>\n<p><a href=\"https:\/\/www.histoiresgalantes.fr\/blog\/2017\/01\/25\/une-petite-danseuse-de-luneville-creatrice-de-lopera-comique\/chantilliy3\/\" rel=\"attachment wp-att-5686\"><img loading=\"lazy\" decoding=\"async\" class=\"alignnone size-full wp-image-5686\" src=\"https:\/\/www.histoiresgalantes.fr\/blog\/wp-content\/uploads\/2017\/01\/chantilliy3.jpg\" alt=\"chantilliy3\" width=\"328\" height=\"489\" srcset=\"https:\/\/www.histoiresgalantes.fr\/blog\/wp-content\/uploads\/2017\/01\/chantilliy3.jpg 328w, https:\/\/www.histoiresgalantes.fr\/blog\/wp-content\/uploads\/2017\/01\/chantilliy3-201x300.jpg 201w\" sizes=\"auto, (max-width: 328px) 100vw, 328px\" \/><\/a><\/p>\n<p>Madame Favart, r\u00f4le de Roxelane, pensionnaire du roi, re\u00e7ue \u00e0 la Com\u00e9die Italienne en 1752<\/p>\n<p><a href=\"https:\/\/www.histoiresgalantes.fr\/blog\/2017\/01\/25\/une-petite-danseuse-de-luneville-creatrice-de-lopera-comique\/chantilliy2\/\" rel=\"attachment wp-att-5687\"><img loading=\"lazy\" decoding=\"async\" class=\"alignnone size-full wp-image-5687\" src=\"https:\/\/www.histoiresgalantes.fr\/blog\/wp-content\/uploads\/2017\/01\/chantilliy2.jpg\" alt=\"chantilliy2\" width=\"276\" height=\"294\" \/><\/a><\/p>\n<p>T\u00eate de jeune femme, vue de profil, tourn\u00e9e \u00e0 gauche<br \/>\nMoreau Jean Michel, le Jeune (1741-1814) peintre, graveur<br \/>\nAlbum Moreau Jean-Michel<br \/>\n<a href=\"https:\/\/www.histoiresgalantes.fr\/blog\/2017\/01\/25\/une-petite-danseuse-de-luneville-creatrice-de-lopera-comique\/favart-04\/\" rel=\"attachment wp-att-5681\"><img loading=\"lazy\" decoding=\"async\" class=\"alignnone size-full wp-image-5681\" src=\"https:\/\/www.histoiresgalantes.fr\/blog\/wp-content\/uploads\/2017\/01\/Favart-04.jpg\" alt=\"Favart-04\" width=\"539\" height=\"677\" srcset=\"https:\/\/www.histoiresgalantes.fr\/blog\/wp-content\/uploads\/2017\/01\/Favart-04.jpg 539w, https:\/\/www.histoiresgalantes.fr\/blog\/wp-content\/uploads\/2017\/01\/Favart-04-239x300.jpg 239w\" sizes=\"auto, (max-width: 539px) 100vw, 539px\" \/><\/a><\/p>\n","protected":false},"excerpt":{"rendered":"<p>La premi\u00e8re danseuse de Stanislas va r\u00e9volutionner le th\u00e9\u00e2tre en cr\u00e9ant avec son mari, M. Favart, l&#8217;op\u00e9ra comique ! Fille de deux musiciens de la Chapelle du roi de Pologne, la petite Justine Cabaret Duronceray apprend la danse, la musique et la litt\u00e9rature \u00e0 la cour de Lun\u00e9ville, sous la protection du roi Stanislas qui [&hellip;]<\/p>\n","protected":false},"author":1,"featured_media":5682,"comment_status":"open","ping_status":"open","sticky":false,"template":"","format":"image","meta":{"om_disable_all_campaigns":false,"_monsterinsights_skip_tracking":false,"_monsterinsights_sitenote_active":false,"_monsterinsights_sitenote_note":"","_monsterinsights_sitenote_category":0,"_s2mail":"yes","footnotes":""},"categories":[25,13,58,56],"tags":[],"class_list":["post-5679","post","type-post","status-publish","format-image","has-post-thumbnail","hentry","category-musiciens","category-cour-de-stanislas","category-gifs-animes-xviiie","category-talents-et-artistes-exceptionnels","post_format-post-format-image"],"aioseo_notices":[],"_links":{"self":[{"href":"https:\/\/www.histoiresgalantes.fr\/blog\/wp-json\/wp\/v2\/posts\/5679","targetHints":{"allow":["GET"]}}],"collection":[{"href":"https:\/\/www.histoiresgalantes.fr\/blog\/wp-json\/wp\/v2\/posts"}],"about":[{"href":"https:\/\/www.histoiresgalantes.fr\/blog\/wp-json\/wp\/v2\/types\/post"}],"author":[{"embeddable":true,"href":"https:\/\/www.histoiresgalantes.fr\/blog\/wp-json\/wp\/v2\/users\/1"}],"replies":[{"embeddable":true,"href":"https:\/\/www.histoiresgalantes.fr\/blog\/wp-json\/wp\/v2\/comments?post=5679"}],"version-history":[{"count":21,"href":"https:\/\/www.histoiresgalantes.fr\/blog\/wp-json\/wp\/v2\/posts\/5679\/revisions"}],"predecessor-version":[{"id":28442,"href":"https:\/\/www.histoiresgalantes.fr\/blog\/wp-json\/wp\/v2\/posts\/5679\/revisions\/28442"}],"wp:featuredmedia":[{"embeddable":true,"href":"https:\/\/www.histoiresgalantes.fr\/blog\/wp-json\/wp\/v2\/media\/5682"}],"wp:attachment":[{"href":"https:\/\/www.histoiresgalantes.fr\/blog\/wp-json\/wp\/v2\/media?parent=5679"}],"wp:term":[{"taxonomy":"category","embeddable":true,"href":"https:\/\/www.histoiresgalantes.fr\/blog\/wp-json\/wp\/v2\/categories?post=5679"},{"taxonomy":"post_tag","embeddable":true,"href":"https:\/\/www.histoiresgalantes.fr\/blog\/wp-json\/wp\/v2\/tags?post=5679"}],"curies":[{"name":"wp","href":"https:\/\/api.w.org\/{rel}","templated":true}]}}