{"id":6247,"date":"2017-04-13T08:02:24","date_gmt":"2017-04-13T07:02:24","guid":{"rendered":"http:\/\/www.histoiresgalantes.fr\/blog\/?p=6247"},"modified":"2018-01-25T10:28:18","modified_gmt":"2018-01-25T09:28:18","slug":"la-cathedrale-de-nancy-sens-dessus-dessous","status":"publish","type":"post","link":"https:\/\/www.histoiresgalantes.fr\/blog\/2017\/04\/13\/la-cathedrale-de-nancy-sens-dessus-dessous\/","title":{"rendered":"La cath\u00e9drale de Nancy sens dessus-dessous"},"content":{"rendered":"<p style=\"text-align: left;\">Saviez-vous que le dioc\u00e8se de Meurthe-et-Moselle \u00e9tait le seul \u00e0 avoir DEUX cath\u00e9drales, une \u00e0 Toul et une \u00e0 Nancy ?<br \/>\nLa <strong>cath\u00e9drale <a href=\"https:\/\/www.histoiresgalantes.fr\/blog\/2015\/03\/21\/le-reve-de-leopold\/\">Notre-Dame de l&#8217;Annonciation <\/a>de Nancy n<\/strong>&#8216;est autoris\u00e9e qu&#8217;\u00e0 partir de l&#8217;annexion de la Lorraine \u00e0 la France, et cela en raison de l&#8217;histoire complexe des trois \u00e9v\u00each\u00e9s, Metz, Toul et Verdun, soumis \u00e0 l&#8217;autorit\u00e9 des princes du Saint-Empire Germanique avant d&#8217;\u00eatre regroup\u00e9s en province fran\u00e7aise par Henry II, \u00e0 partir de 1652.<br \/>\nArticle\/photos\u00a9PFDebert<\/p>\n<p style=\"text-align: center;\"><a href=\"https:\/\/www.histoiresgalantes.fr\/blog\/2017\/04\/19\/la-cathedrale-de-nancy-sens-dessus-dessous\/img_5268\/\" rel=\"attachment wp-att-6248\"><img loading=\"lazy\" decoding=\"async\" class=\"alignnone size-full wp-image-6248\" src=\"https:\/\/www.histoiresgalantes.fr\/blog\/wp-content\/uploads\/2017\/04\/IMG_5268.jpg\" alt=\"IMG_5268\" width=\"500\" height=\"750\" srcset=\"https:\/\/www.histoiresgalantes.fr\/blog\/wp-content\/uploads\/2017\/04\/IMG_5268.jpg 500w, https:\/\/www.histoiresgalantes.fr\/blog\/wp-content\/uploads\/2017\/04\/IMG_5268-200x300.jpg 200w\" sizes=\"auto, (max-width: 500px) 100vw, 500px\" \/><\/a><\/p>\n<p style=\"text-align: center;\"><a href=\"https:\/\/www.histoiresgalantes.fr\/blog\/2017\/04\/19\/la-cathedrale-de-nancy-sens-dessus-dessous\/img_5271\/\" rel=\"attachment wp-att-6249\"><img loading=\"lazy\" decoding=\"async\" class=\"alignnone size-full wp-image-6249\" src=\"https:\/\/www.histoiresgalantes.fr\/blog\/wp-content\/uploads\/2017\/04\/IMG_5271.jpg\" alt=\"IMG_5271\" width=\"500\" height=\"750\" srcset=\"https:\/\/www.histoiresgalantes.fr\/blog\/wp-content\/uploads\/2017\/04\/IMG_5271.jpg 500w, https:\/\/www.histoiresgalantes.fr\/blog\/wp-content\/uploads\/2017\/04\/IMG_5271-200x300.jpg 200w\" sizes=\"auto, (max-width: 500px) 100vw, 500px\" \/><\/a><\/p>\n<p style=\"text-align: center;\"><a href=\"https:\/\/www.histoiresgalantes.fr\/blog\/2017\/04\/19\/la-cathedrale-de-nancy-sens-dessus-dessous\/img_5287\/\" rel=\"attachment wp-att-6250\"><img loading=\"lazy\" decoding=\"async\" class=\"alignnone size-full wp-image-6250\" src=\"https:\/\/www.histoiresgalantes.fr\/blog\/wp-content\/uploads\/2017\/04\/IMG_5287.jpg\" alt=\"IMG_5287\" width=\"500\" height=\"750\" srcset=\"https:\/\/www.histoiresgalantes.fr\/blog\/wp-content\/uploads\/2017\/04\/IMG_5287.jpg 500w, https:\/\/www.histoiresgalantes.fr\/blog\/wp-content\/uploads\/2017\/04\/IMG_5287-200x300.jpg 200w\" sizes=\"auto, (max-width: 500px) 100vw, 500px\" \/><\/a><\/p>\n<p style=\"text-align: center;\"><a href=\"https:\/\/www.histoiresgalantes.fr\/blog\/2017\/04\/19\/la-cathedrale-de-nancy-sens-dessus-dessous\/img_5289\/\" rel=\"attachment wp-att-6251\"><img loading=\"lazy\" decoding=\"async\" class=\"alignnone size-full wp-image-6251\" src=\"https:\/\/www.histoiresgalantes.fr\/blog\/wp-content\/uploads\/2017\/04\/IMG_5289.jpg\" alt=\"IMG_5289\" width=\"500\" height=\"750\" srcset=\"https:\/\/www.histoiresgalantes.fr\/blog\/wp-content\/uploads\/2017\/04\/IMG_5289.jpg 500w, https:\/\/www.histoiresgalantes.fr\/blog\/wp-content\/uploads\/2017\/04\/IMG_5289-200x300.jpg 200w\" sizes=\"auto, (max-width: 500px) 100vw, 500px\" \/><\/a><\/p>\n<p style=\"text-align: center;\"><a href=\"https:\/\/www.histoiresgalantes.fr\/blog\/2017\/04\/19\/la-cathedrale-de-nancy-sens-dessus-dessous\/img_5291\/\" rel=\"attachment wp-att-6252\"><img loading=\"lazy\" decoding=\"async\" class=\"alignnone size-full wp-image-6252\" src=\"https:\/\/www.histoiresgalantes.fr\/blog\/wp-content\/uploads\/2017\/04\/IMG_5291.jpg\" alt=\"IMG_5291\" width=\"500\" height=\"750\" srcset=\"https:\/\/www.histoiresgalantes.fr\/blog\/wp-content\/uploads\/2017\/04\/IMG_5291.jpg 500w, https:\/\/www.histoiresgalantes.fr\/blog\/wp-content\/uploads\/2017\/04\/IMG_5291-200x300.jpg 200w\" sizes=\"auto, (max-width: 500px) 100vw, 500px\" \/><\/a><\/p>\n<p style=\"text-align: center;\"><a href=\"https:\/\/www.histoiresgalantes.fr\/blog\/2017\/04\/19\/la-cathedrale-de-nancy-sens-dessus-dessous\/img_5296\/\" rel=\"attachment wp-att-6253\"><img loading=\"lazy\" decoding=\"async\" class=\"alignnone size-full wp-image-6253\" src=\"https:\/\/www.histoiresgalantes.fr\/blog\/wp-content\/uploads\/2017\/04\/IMG_5296.jpg\" alt=\"IMG_5296\" width=\"500\" height=\"750\" srcset=\"https:\/\/www.histoiresgalantes.fr\/blog\/wp-content\/uploads\/2017\/04\/IMG_5296.jpg 500w, https:\/\/www.histoiresgalantes.fr\/blog\/wp-content\/uploads\/2017\/04\/IMG_5296-200x300.jpg 200w\" sizes=\"auto, (max-width: 500px) 100vw, 500px\" \/><\/a><\/p>\n<p style=\"text-align: center;\"><a href=\"https:\/\/www.histoiresgalantes.fr\/blog\/2017\/04\/19\/la-cathedrale-de-nancy-sens-dessus-dessous\/img_5299\/\" rel=\"attachment wp-att-6254\"><img loading=\"lazy\" decoding=\"async\" class=\"alignnone size-full wp-image-6254\" src=\"https:\/\/www.histoiresgalantes.fr\/blog\/wp-content\/uploads\/2017\/04\/IMG_5299.jpg\" alt=\"IMG_5299\" width=\"500\" height=\"750\" srcset=\"https:\/\/www.histoiresgalantes.fr\/blog\/wp-content\/uploads\/2017\/04\/IMG_5299.jpg 500w, https:\/\/www.histoiresgalantes.fr\/blog\/wp-content\/uploads\/2017\/04\/IMG_5299-200x300.jpg 200w\" sizes=\"auto, (max-width: 500px) 100vw, 500px\" \/><\/a><\/p>\n","protected":false},"excerpt":{"rendered":"<p>Saviez-vous que le dioc\u00e8se de Meurthe-et-Moselle \u00e9tait le seul \u00e0 avoir DEUX cath\u00e9drales, une \u00e0 Toul et une \u00e0 Nancy ? La cath\u00e9drale Notre-Dame de l&#8217;Annonciation de Nancy n&#8216;est autoris\u00e9e qu&#8217;\u00e0 partir de l&#8217;annexion de la Lorraine \u00e0 la France, et cela en raison de l&#8217;histoire complexe des trois \u00e9v\u00each\u00e9s, Metz, Toul et Verdun, soumis [&hellip;]<\/p>\n","protected":false},"author":1,"featured_media":6255,"comment_status":"open","ping_status":"open","sticky":false,"template":"","format":"image","meta":{"om_disable_all_campaigns":false,"_monsterinsights_skip_tracking":false,"_monsterinsights_sitenote_active":false,"_monsterinsights_sitenote_note":"","_monsterinsights_sitenote_category":0,"_s2mail":"yes","footnotes":""},"categories":[32,65,14,52],"tags":[],"class_list":["post-6247","post","type-post","status-publish","format-image","has-post-thumbnail","hentry","category-sites-a-visiter","category-secrets-de-nancy","category-insolite","category-sauvegarde-du-patrimoine","post_format-post-format-image"],"aioseo_notices":[],"_links":{"self":[{"href":"https:\/\/www.histoiresgalantes.fr\/blog\/wp-json\/wp\/v2\/posts\/6247","targetHints":{"allow":["GET"]}}],"collection":[{"href":"https:\/\/www.histoiresgalantes.fr\/blog\/wp-json\/wp\/v2\/posts"}],"about":[{"href":"https:\/\/www.histoiresgalantes.fr\/blog\/wp-json\/wp\/v2\/types\/post"}],"author":[{"embeddable":true,"href":"https:\/\/www.histoiresgalantes.fr\/blog\/wp-json\/wp\/v2\/users\/1"}],"replies":[{"embeddable":true,"href":"https:\/\/www.histoiresgalantes.fr\/blog\/wp-json\/wp\/v2\/comments?post=6247"}],"version-history":[{"count":4,"href":"https:\/\/www.histoiresgalantes.fr\/blog\/wp-json\/wp\/v2\/posts\/6247\/revisions"}],"predecessor-version":[{"id":8489,"href":"https:\/\/www.histoiresgalantes.fr\/blog\/wp-json\/wp\/v2\/posts\/6247\/revisions\/8489"}],"wp:featuredmedia":[{"embeddable":true,"href":"https:\/\/www.histoiresgalantes.fr\/blog\/wp-json\/wp\/v2\/media\/6255"}],"wp:attachment":[{"href":"https:\/\/www.histoiresgalantes.fr\/blog\/wp-json\/wp\/v2\/media?parent=6247"}],"wp:term":[{"taxonomy":"category","embeddable":true,"href":"https:\/\/www.histoiresgalantes.fr\/blog\/wp-json\/wp\/v2\/categories?post=6247"},{"taxonomy":"post_tag","embeddable":true,"href":"https:\/\/www.histoiresgalantes.fr\/blog\/wp-json\/wp\/v2\/tags?post=6247"}],"curies":[{"name":"wp","href":"https:\/\/api.w.org\/{rel}","templated":true}]}}