{"id":6641,"date":"2017-06-05T21:33:43","date_gmt":"2017-06-05T20:33:43","guid":{"rendered":"http:\/\/www.histoiresgalantes.fr\/blog\/?p=6641"},"modified":"2019-10-29T09:07:58","modified_gmt":"2019-10-29T08:07:58","slug":"il-faut-sauver-la-derniere-chartreuse-de-stanislas","status":"publish","type":"post","link":"https:\/\/www.histoiresgalantes.fr\/blog\/2017\/06\/05\/il-faut-sauver-la-derniere-chartreuse-de-stanislas\/","title":{"rendered":"Il faut sauver la derni\u00e8re Chartreuse de Stanislas !"},"content":{"rendered":"<p>&nbsp;<\/p>\n<p>Quand l&#8217;art des jardins est \u00e0 l&#8217;honneur au Grand Palais, il devient urgent de sauver Les vestiges de la derni\u00e8re <a href=\"https:\/\/www.histoiresgalantes.fr\/blog\/2017\/05\/17\/que-reste-t-il-des-chartreuses-du-roy-stanislas\/\"><strong>Chartreuse de Stanislas<\/strong> <\/a>!<br \/>\nCach\u00e9s par une \u00e9paisse v\u00e9g\u00e9tation quai des Petits-Bosquets \u00e0 Lun\u00e9ville, ils sont les derniers t\u00e9moins de l&#8217;art de vivre et de la philosophie des Lumi\u00e8res \u00e0 la cour de Lorraine au temps de Stanislas.<br \/>\n&#8221; L<span class=\"st\">es <em>jardins d<\/em>&#8216;une <em>\u00e9poque sont aussi r\u00e9v\u00e9lateurs<\/em> de l<wbr \/>&#8216;<em>esprit qui<\/em> l&#8217;<em>anime<\/em> que <em>peuvent<\/em> l&#8217;<em>\u00eatre sa sculpture<\/em>, <em>sa peinture<\/em> ou les \u0153uvres de ses \u00e9crivains&#8230; Le <em>jardin fut toujours<\/em> le <em>confident<\/em> des <em>r\u00eaves<\/em> et des <em>ambitions<\/em>, le <em>compagnon des instants de sinc\u00e9rit\u00e9 et d&#8217;abandon<\/em>.<\/span>&#8220;<span class=\"text_exposed_show\"><br \/>\n(Pierre Grimal, L\u2019Art des jardins)<br \/>\nWilliam Schellinks , Etude de fleurs, Hyacinthe Rigaud \u00a9 photo expo Jardins Grand PalaisPFDebert<br \/>\nPhotos Chartreuse, Lun\u00e9ville\u00a9PFDebert<br \/>\nExposition Jardins, au Grand Palais jusqu&#8217;au 24 juillet 2017<\/span><\/p>\n<p><a href=\"https:\/\/www.histoiresgalantes.fr\/blog\/2017\/06\/05\/il-faut-sauver-la-derniere-chartreuse-de-stanislas\/chartreuse6-2\/\" rel=\"attachment wp-att-7617\"><img loading=\"lazy\" decoding=\"async\" class=\"alignnone size-full wp-image-7617\" src=\"https:\/\/www.histoiresgalantes.fr\/blog\/wp-content\/uploads\/2017\/06\/chartreuse6-1-1.jpg\" alt=\"chartreuse6-\" width=\"850\" height=\"750\" srcset=\"https:\/\/www.histoiresgalantes.fr\/blog\/wp-content\/uploads\/2017\/06\/chartreuse6-1-1.jpg 850w, https:\/\/www.histoiresgalantes.fr\/blog\/wp-content\/uploads\/2017\/06\/chartreuse6-1-1-300x265.jpg 300w, https:\/\/www.histoiresgalantes.fr\/blog\/wp-content\/uploads\/2017\/06\/chartreuse6-1-1-768x678.jpg 768w\" sizes=\"auto, (max-width: 850px) 100vw, 850px\" \/><\/a><\/p>\n","protected":false},"excerpt":{"rendered":"<p>&nbsp; Quand l&#8217;art des jardins est \u00e0 l&#8217;honneur au Grand Palais, il devient urgent de sauver Les vestiges de la derni\u00e8re Chartreuse de Stanislas ! Cach\u00e9s par une \u00e9paisse v\u00e9g\u00e9tation quai des Petits-Bosquets \u00e0 Lun\u00e9ville, ils sont les derniers t\u00e9moins de l&#8217;art de vivre et de la philosophie des Lumi\u00e8res \u00e0 la cour de Lorraine [&hellip;]<\/p>\n","protected":false},"author":1,"featured_media":7618,"comment_status":"open","ping_status":"open","sticky":false,"template":"","format":"image","meta":{"om_disable_all_campaigns":false,"_monsterinsights_skip_tracking":false,"_monsterinsights_sitenote_active":false,"_monsterinsights_sitenote_note":"","_monsterinsights_sitenote_category":0,"_s2mail":"yes","footnotes":""},"categories":[44,54,22,70,90],"tags":[],"class_list":["post-6641","post","type-post","status-publish","format-image","has-post-thumbnail","hentry","category-creations-du-roy-stanislas","category-folies","category-libertinage","category-patrimoine","category-patrimoine-lorrain","post_format-post-format-image"],"aioseo_notices":[],"_links":{"self":[{"href":"https:\/\/www.histoiresgalantes.fr\/blog\/wp-json\/wp\/v2\/posts\/6641","targetHints":{"allow":["GET"]}}],"collection":[{"href":"https:\/\/www.histoiresgalantes.fr\/blog\/wp-json\/wp\/v2\/posts"}],"about":[{"href":"https:\/\/www.histoiresgalantes.fr\/blog\/wp-json\/wp\/v2\/types\/post"}],"author":[{"embeddable":true,"href":"https:\/\/www.histoiresgalantes.fr\/blog\/wp-json\/wp\/v2\/users\/1"}],"replies":[{"embeddable":true,"href":"https:\/\/www.histoiresgalantes.fr\/blog\/wp-json\/wp\/v2\/comments?post=6641"}],"version-history":[{"count":2,"href":"https:\/\/www.histoiresgalantes.fr\/blog\/wp-json\/wp\/v2\/posts\/6641\/revisions"}],"predecessor-version":[{"id":7619,"href":"https:\/\/www.histoiresgalantes.fr\/blog\/wp-json\/wp\/v2\/posts\/6641\/revisions\/7619"}],"wp:featuredmedia":[{"embeddable":true,"href":"https:\/\/www.histoiresgalantes.fr\/blog\/wp-json\/wp\/v2\/media\/7618"}],"wp:attachment":[{"href":"https:\/\/www.histoiresgalantes.fr\/blog\/wp-json\/wp\/v2\/media?parent=6641"}],"wp:term":[{"taxonomy":"category","embeddable":true,"href":"https:\/\/www.histoiresgalantes.fr\/blog\/wp-json\/wp\/v2\/categories?post=6641"},{"taxonomy":"post_tag","embeddable":true,"href":"https:\/\/www.histoiresgalantes.fr\/blog\/wp-json\/wp\/v2\/tags?post=6641"}],"curies":[{"name":"wp","href":"https:\/\/api.w.org\/{rel}","templated":true}]}}