{"id":6723,"date":"2017-06-16T09:10:57","date_gmt":"2017-06-16T08:10:57","guid":{"rendered":"http:\/\/www.histoiresgalantes.fr\/blog\/?p=6723"},"modified":"2018-01-25T10:40:20","modified_gmt":"2018-01-25T09:40:20","slug":"lhabit-de-bergere-porte-par-emilie-pour-chanter-dans-isse-sa-pastorale-preferee-etait-recouvert-de-168-fleurs","status":"publish","type":"post","link":"https:\/\/www.histoiresgalantes.fr\/blog\/2017\/06\/16\/lhabit-de-bergere-porte-par-emilie-pour-chanter-dans-isse-sa-pastorale-preferee-etait-recouvert-de-168-fleurs\/","title":{"rendered":"L&#8217;habit de berg\u00e8re port\u00e9 par Emilie pour chanter dans Iss\u00e9, sa pastorale pr\u00e9f\u00e9r\u00e9e, \u00e9tait recouvert de 168 fleurs !"},"content":{"rendered":"<p>Retrouvez dans l&#8217;exposition sur <a href=\"https:\/\/www.histoiresgalantes.fr\/blog\/?s=emilie+du+chatelet\"><strong>Emilie du Ch\u00e2telet<\/strong> <\/a>\u00e0 Lun\u00e9ville, la facture (ou m\u00e9moire) de son habit de Berg\u00e8re recouvert de 14 douzaines de fleurs soit 168 fleurs de tissus cousues une \u00e0 une par son tailleur parisien en 1747.<br \/>\nLa <a href=\"https:\/\/www.histoiresgalantes.fr\/blog\/2016\/06\/24\/visite-privee-du-chateau-demilie-du-chatelet\/\"><strong>divine marquise<\/strong><\/a> le portera en 1749 sur les planches du th\u00e9\u00e2tre du ch\u00e2teau de Lun\u00e9ville, pour chanter le r\u00f4le d&#8217;Iss\u00e9, sa pastorale pr\u00e9f\u00e9r\u00e9e !<br \/>\nExposition Emilie du Ch\u00e2telet, H\u00f4tel abbatial de Lun\u00e9ville, place Saint-R\u00e9my jusqu&#8217;au 30 septembre.<br \/>\n\u00a9PFDebert<\/p>\n","protected":false},"excerpt":{"rendered":"<p>Retrouvez dans l&#8217;exposition sur Emilie du Ch\u00e2telet \u00e0 Lun\u00e9ville, la facture (ou m\u00e9moire) de son habit de Berg\u00e8re recouvert de 14 douzaines de fleurs soit 168 fleurs de tissus cousues une \u00e0 une par son tailleur parisien en 1747. La divine marquise le portera en 1749 sur les planches du th\u00e9\u00e2tre du ch\u00e2teau de Lun\u00e9ville, [&hellip;]<\/p>\n","protected":false},"author":1,"featured_media":6728,"comment_status":"open","ping_status":"open","sticky":false,"template":"","format":"image","meta":{"om_disable_all_campaigns":false,"_monsterinsights_skip_tracking":false,"_monsterinsights_sitenote_active":false,"_monsterinsights_sitenote_note":"","_monsterinsights_sitenote_category":0,"_s2mail":"yes","footnotes":""},"categories":[37,13,29,26],"tags":[],"class_list":["post-6723","post","type-post","status-publish","format-image","has-post-thumbnail","hentry","category-anecdotes","category-cour-de-stanislas","category-evenements","category-mme-du-chatelet","post_format-post-format-image"],"aioseo_notices":[],"_links":{"self":[{"href":"https:\/\/www.histoiresgalantes.fr\/blog\/wp-json\/wp\/v2\/posts\/6723","targetHints":{"allow":["GET"]}}],"collection":[{"href":"https:\/\/www.histoiresgalantes.fr\/blog\/wp-json\/wp\/v2\/posts"}],"about":[{"href":"https:\/\/www.histoiresgalantes.fr\/blog\/wp-json\/wp\/v2\/types\/post"}],"author":[{"embeddable":true,"href":"https:\/\/www.histoiresgalantes.fr\/blog\/wp-json\/wp\/v2\/users\/1"}],"replies":[{"embeddable":true,"href":"https:\/\/www.histoiresgalantes.fr\/blog\/wp-json\/wp\/v2\/comments?post=6723"}],"version-history":[{"count":3,"href":"https:\/\/www.histoiresgalantes.fr\/blog\/wp-json\/wp\/v2\/posts\/6723\/revisions"}],"predecessor-version":[{"id":6731,"href":"https:\/\/www.histoiresgalantes.fr\/blog\/wp-json\/wp\/v2\/posts\/6723\/revisions\/6731"}],"wp:featuredmedia":[{"embeddable":true,"href":"https:\/\/www.histoiresgalantes.fr\/blog\/wp-json\/wp\/v2\/media\/6728"}],"wp:attachment":[{"href":"https:\/\/www.histoiresgalantes.fr\/blog\/wp-json\/wp\/v2\/media?parent=6723"}],"wp:term":[{"taxonomy":"category","embeddable":true,"href":"https:\/\/www.histoiresgalantes.fr\/blog\/wp-json\/wp\/v2\/categories?post=6723"},{"taxonomy":"post_tag","embeddable":true,"href":"https:\/\/www.histoiresgalantes.fr\/blog\/wp-json\/wp\/v2\/tags?post=6723"}],"curies":[{"name":"wp","href":"https:\/\/api.w.org\/{rel}","templated":true}]}}