{"id":7835,"date":"2017-10-20T21:13:43","date_gmt":"2017-10-20T20:13:43","guid":{"rendered":"http:\/\/www.histoiresgalantes.fr\/blog\/?p=7835"},"modified":"2018-06-06T15:36:54","modified_gmt":"2018-06-06T14:36:54","slug":"la-grotte-de-voltaire","status":"publish","type":"post","link":"https:\/\/www.histoiresgalantes.fr\/blog\/2017\/10\/20\/la-grotte-de-voltaire\/","title":{"rendered":"La grotte de Voltaire"},"content":{"rendered":"<p>En 1738, <a href=\"https:\/\/www.histoiresgalantes.fr\/blog\/2017\/03\/01\/francois-huguet-de-graffigny-bad-boy-de-neufchateau\/\"><strong>Fran\u00e7oise de Graffigny<\/strong> <\/a>est invit\u00e9e dans le ch\u00e2teau d&#8217;Emilie o\u00f9 s&#8217;est r\u00e9fugi\u00e9 <a href=\"https:\/\/www.histoiresgalantes.fr\/blog\/2017\/04\/19\/le-mot-de-voltaire\/\"><strong>Voltaire<\/strong><\/a>, \u00e0 <strong>Cirey.<\/strong><br \/>\nCe s\u00e9jour de plusieurs mois dans l\u2019atmosph\u00e8re studieuses de ce \u00ab temple des arts \u00bb, est probablement per\u00e7u par la future femme de lettres comme une sorte de rite initiatique car elle qualifie ironiquement la porte des appartements du philosophe d\u2019 \u00ab entr\u00e9e de la grotte de Voltaire \u00bb !<br \/>\nCette porte sculpt\u00e9e, orn\u00e9e de coquillages et surmont\u00e9e de la cit<span class=\"text_exposed_show\">ation de Virgile \u00ab Un dieu nous a procur\u00e9 ces loisirs \u00bb ressemble \u00e0 l\u2019entr\u00e9e d\u2019un \u00ab nymph\u00e9e \u00bb, grotte d\u00e9di\u00e9e aux divinit\u00e9s et abritant une source.<\/span><\/p>\n<div class=\"text_exposed_show\">\n<p>Article\/photos Ch\u00e2teau de Cirey-sur-Blaise \u00a9PFDebert<\/p>\n<\/div>\n","protected":false},"excerpt":{"rendered":"<p>En 1738, Fran\u00e7oise de Graffigny est invit\u00e9e dans le ch\u00e2teau d&#8217;Emilie o\u00f9 s&#8217;est r\u00e9fugi\u00e9 Voltaire, \u00e0 Cirey. Ce s\u00e9jour de plusieurs mois dans l\u2019atmosph\u00e8re studieuses de ce \u00ab temple des arts \u00bb, est probablement per\u00e7u par la future femme de lettres comme une sorte de rite initiatique car elle qualifie ironiquement la porte des appartements [&hellip;]<\/p>\n","protected":false},"author":1,"featured_media":7836,"comment_status":"open","ping_status":"open","sticky":false,"template":"","format":"image","meta":{"om_disable_all_campaigns":false,"_monsterinsights_skip_tracking":false,"_monsterinsights_sitenote_active":false,"_monsterinsights_sitenote_note":"","_monsterinsights_sitenote_category":0,"_s2mail":"yes","footnotes":""},"categories":[37,32,83,31,43,26],"tags":[],"class_list":["post-7835","post","type-post","status-publish","format-image","has-post-thumbnail","hentry","category-anecdotes","category-sites-a-visiter","category-ecrivain-e-s","category-voltaire","category-mme-de-graffigny","category-mme-du-chatelet","post_format-post-format-image"],"aioseo_notices":[],"_links":{"self":[{"href":"https:\/\/www.histoiresgalantes.fr\/blog\/wp-json\/wp\/v2\/posts\/7835","targetHints":{"allow":["GET"]}}],"collection":[{"href":"https:\/\/www.histoiresgalantes.fr\/blog\/wp-json\/wp\/v2\/posts"}],"about":[{"href":"https:\/\/www.histoiresgalantes.fr\/blog\/wp-json\/wp\/v2\/types\/post"}],"author":[{"embeddable":true,"href":"https:\/\/www.histoiresgalantes.fr\/blog\/wp-json\/wp\/v2\/users\/1"}],"replies":[{"embeddable":true,"href":"https:\/\/www.histoiresgalantes.fr\/blog\/wp-json\/wp\/v2\/comments?post=7835"}],"version-history":[{"count":3,"href":"https:\/\/www.histoiresgalantes.fr\/blog\/wp-json\/wp\/v2\/posts\/7835\/revisions"}],"predecessor-version":[{"id":7840,"href":"https:\/\/www.histoiresgalantes.fr\/blog\/wp-json\/wp\/v2\/posts\/7835\/revisions\/7840"}],"wp:featuredmedia":[{"embeddable":true,"href":"https:\/\/www.histoiresgalantes.fr\/blog\/wp-json\/wp\/v2\/media\/7836"}],"wp:attachment":[{"href":"https:\/\/www.histoiresgalantes.fr\/blog\/wp-json\/wp\/v2\/media?parent=7835"}],"wp:term":[{"taxonomy":"category","embeddable":true,"href":"https:\/\/www.histoiresgalantes.fr\/blog\/wp-json\/wp\/v2\/categories?post=7835"},{"taxonomy":"post_tag","embeddable":true,"href":"https:\/\/www.histoiresgalantes.fr\/blog\/wp-json\/wp\/v2\/tags?post=7835"}],"curies":[{"name":"wp","href":"https:\/\/api.w.org\/{rel}","templated":true}]}}