{"id":785,"date":"2015-03-21T10:19:09","date_gmt":"2015-03-21T09:19:09","guid":{"rendered":"http:\/\/www.histoiresgalantes.fr\/blog\/?p=785"},"modified":"2017-08-25T20:11:00","modified_gmt":"2017-08-25T19:11:00","slug":"le-reve-de-leopold","status":"publish","type":"post","link":"https:\/\/www.histoiresgalantes.fr\/blog\/2015\/03\/21\/le-reve-de-leopold\/","title":{"rendered":"Le r\u00eave de L\u00e9opold"},"content":{"rendered":"<p>La <a href=\"https:\/\/www.histoiresgalantes.fr\/blog\/2015\/07\/03\/fraicheur-cathedrale\/\"><strong>Cath\u00e9drale Notre-Dame-de-l&#8217;Annonciation<\/strong><\/a> \u00e0 Nancy, dont la construction fut d\u00e9marr\u00e9e en 1700 par l&#8217;architecte <strong>Giovanni Betto<\/strong> devait \u00eatre surmont\u00e9e d&#8217;un d\u00f4me dor\u00e9 suivant le d\u00e9sir de <a href=\"https:\/\/www.histoiresgalantes.fr\/blog\/2015\/06\/23\/1407\/\"><strong>L\u00e9opold,<\/strong><\/a> ce qui explique un \u00e9cartement plus important que la normale entre les deux tours. Mais le projet initial fut modifi\u00e9 par Jules Hardouin-Mansart et la cath\u00e9drale termin\u00e9e \u00e0 l&#8217;\u00e9conomie par <a href=\"https:\/\/www.histoiresgalantes.fr\/blog\/2015\/04\/29\/le-chateau-du-petit-prince-secroule\/\"><strong>Germain Boffrand<\/strong><\/a>, c&#8217;est sous Stanislas qu&#8217;elle fut achev\u00e9e en 1742. Les deux corps lat\u00e9raux furent alors coiff\u00e9s de deux tours de base carr\u00e9e, surmont\u00e9es de pavillons octogonaux et recouverts de d\u00f4mes et lanternons que Victor Hugo baptisa les <a href=\"https:\/\/www.histoiresgalantes.fr\/blog\/2015\/04\/07\/cest-une-place-marquise\/\">\u00ab <strong>poivri\u00e8res Pompadour<\/strong> \u00bb.<\/a><\/p>\n<p><a href=\"https:\/\/www.histoiresgalantes.fr\/blog\/wp-content\/uploads\/2015\/03\/prim2.jpg\"><img loading=\"lazy\" decoding=\"async\" class=\"alignnone size-full wp-image-2456\" src=\"https:\/\/www.histoiresgalantes.fr\/blog\/wp-content\/uploads\/2015\/03\/prim2.jpg\" alt=\"prim2\" width=\"500\" height=\"661\" srcset=\"https:\/\/www.histoiresgalantes.fr\/blog\/wp-content\/uploads\/2015\/03\/prim2.jpg 500w, https:\/\/www.histoiresgalantes.fr\/blog\/wp-content\/uploads\/2015\/03\/prim2-227x300.jpg 227w\" sizes=\"auto, (max-width: 500px) 100vw, 500px\" \/><\/a><\/p>\n<p><a href=\"https:\/\/www.histoiresgalantes.fr\/blog\/wp-content\/uploads\/2015\/03\/prim3.jpg\"><img loading=\"lazy\" decoding=\"async\" class=\"alignnone size-full wp-image-2459\" src=\"https:\/\/www.histoiresgalantes.fr\/blog\/wp-content\/uploads\/2015\/03\/prim3.jpg\" alt=\"prim3\" width=\"500\" height=\"363\" srcset=\"https:\/\/www.histoiresgalantes.fr\/blog\/wp-content\/uploads\/2015\/03\/prim3.jpg 500w, https:\/\/www.histoiresgalantes.fr\/blog\/wp-content\/uploads\/2015\/03\/prim3-300x218.jpg 300w\" sizes=\"auto, (max-width: 500px) 100vw, 500px\" \/><\/a>montagephoto\u00a9droits r\u00e9serv\u00e9s<br \/>\nIIllustration \u00a9 PFD \/ Le pays Lorrain 1970<\/p>\n<p>Article\u00a9DRPFD<\/p>\n","protected":false},"excerpt":{"rendered":"<p>La Cath\u00e9drale Notre-Dame-de-l&#8217;Annonciation \u00e0 Nancy, dont la construction fut d\u00e9marr\u00e9e en 1700 par l&#8217;architecte Giovanni Betto devait \u00eatre surmont\u00e9e d&#8217;un d\u00f4me dor\u00e9 suivant le d\u00e9sir de L\u00e9opold, ce qui explique un \u00e9cartement plus important que la normale entre les deux tours. Mais le projet initial fut modifi\u00e9 par Jules Hardouin-Mansart et la cath\u00e9drale termin\u00e9e \u00e0 [&hellip;]<\/p>\n","protected":false},"author":1,"featured_media":786,"comment_status":"open","ping_status":"open","sticky":false,"template":"","format":"image","meta":{"om_disable_all_campaigns":false,"_monsterinsights_skip_tracking":false,"_monsterinsights_sitenote_active":false,"_monsterinsights_sitenote_note":"","_monsterinsights_sitenote_category":0,"_s2mail":"yes","footnotes":""},"categories":[37,16,32],"tags":[],"class_list":["post-785","post","type-post","status-publish","format-image","has-post-thumbnail","hentry","category-anecdotes","category-batiments","category-sites-a-visiter","post_format-post-format-image"],"aioseo_notices":[],"_links":{"self":[{"href":"https:\/\/www.histoiresgalantes.fr\/blog\/wp-json\/wp\/v2\/posts\/785","targetHints":{"allow":["GET"]}}],"collection":[{"href":"https:\/\/www.histoiresgalantes.fr\/blog\/wp-json\/wp\/v2\/posts"}],"about":[{"href":"https:\/\/www.histoiresgalantes.fr\/blog\/wp-json\/wp\/v2\/types\/post"}],"author":[{"embeddable":true,"href":"https:\/\/www.histoiresgalantes.fr\/blog\/wp-json\/wp\/v2\/users\/1"}],"replies":[{"embeddable":true,"href":"https:\/\/www.histoiresgalantes.fr\/blog\/wp-json\/wp\/v2\/comments?post=785"}],"version-history":[{"count":14,"href":"https:\/\/www.histoiresgalantes.fr\/blog\/wp-json\/wp\/v2\/posts\/785\/revisions"}],"predecessor-version":[{"id":7102,"href":"https:\/\/www.histoiresgalantes.fr\/blog\/wp-json\/wp\/v2\/posts\/785\/revisions\/7102"}],"wp:featuredmedia":[{"embeddable":true,"href":"https:\/\/www.histoiresgalantes.fr\/blog\/wp-json\/wp\/v2\/media\/786"}],"wp:attachment":[{"href":"https:\/\/www.histoiresgalantes.fr\/blog\/wp-json\/wp\/v2\/media?parent=785"}],"wp:term":[{"taxonomy":"category","embeddable":true,"href":"https:\/\/www.histoiresgalantes.fr\/blog\/wp-json\/wp\/v2\/categories?post=785"},{"taxonomy":"post_tag","embeddable":true,"href":"https:\/\/www.histoiresgalantes.fr\/blog\/wp-json\/wp\/v2\/tags?post=785"}],"curies":[{"name":"wp","href":"https:\/\/api.w.org\/{rel}","templated":true}]}}