{"id":7888,"date":"2017-10-31T19:27:18","date_gmt":"2017-10-31T18:27:18","guid":{"rendered":"http:\/\/www.histoiresgalantes.fr\/blog\/?p=7888"},"modified":"2018-06-06T15:36:30","modified_gmt":"2018-06-06T14:36:30","slug":"devenez-mecenes-de-la-deco-de-voltaire","status":"publish","type":"post","link":"https:\/\/www.histoiresgalantes.fr\/blog\/2017\/10\/31\/devenez-mecenes-de-la-deco-de-voltaire\/","title":{"rendered":"Devenez m\u00e9c\u00e8nes de la d\u00e9co de Voltaire !"},"content":{"rendered":"<p>Le ch\u00e2teau de Voltaire \u00e0 Ferney rouvrira ses portes le 30 mai 2018.<br \/>\nLe gros \u0153uvre vient d&#8217;\u00eatre achev\u00e9 et il manque d\u00e9sormais la d\u00e9coration int\u00e9rieure<br \/>\npour redonner vie \u00e0 ce haut lieu des Lumi\u00e8res!<br \/>\n<strong><a href=\"http:\/\/www.chateau-ferney-voltaire.fr\/Actualites\/Inscrivez-votre-nom-dans-les-pas-de-Voltaire-en-nous-aidant-a-financer-la-decoration-interieure-de-son-chateau\">Apporter votre petit touche \u00e0 la d\u00e9co sur le site du Centre des Monuments Nationaux<\/a><\/strong><\/p>\n<p>Quand la nature \u00e9tait dans son enfance,<br \/>\nNos bons a\u00efeux vivaient dans l\u2019ignorance,<br \/>\nNe connaissant ni le tien ni le mien.<br \/>\nQu\u2019auraient-ils pu conna\u00eetre ? ils n\u2019avaient rien,<span class=\"text_exposed_show\"><br \/>\nIls \u00e9taient nus ; et c\u2019est chose tr\u00e8s claire<br \/>\nQue qui n\u2019a rien n\u2019a nul partage \u00e0 faire.<br \/>\n\u3014\u2026\u3015<br \/>\nLa soie et l\u2019or ne brillaient point chez eux,<br \/>\nAdmirez-vous pour cela nos a\u00efeux ?<br \/>\nIl leur manquait l\u2019industrie et l\u2019aisance :<br \/>\nEst-ce vertu ? c\u2019\u00e9tait pure ignorance.<\/span><\/p>\n<p><span class=\"text_exposed_show\"><br \/>\nVoltaire, Le Mondain, extrait Adam et Eve<\/span><\/p>\n","protected":false},"excerpt":{"rendered":"<p>Le ch\u00e2teau de Voltaire \u00e0 Ferney rouvrira ses portes le 30 mai 2018. Le gros \u0153uvre vient d&#8217;\u00eatre achev\u00e9 et il manque d\u00e9sormais la d\u00e9coration int\u00e9rieure pour redonner vie \u00e0 ce haut lieu des Lumi\u00e8res! Apporter votre petit touche \u00e0 la d\u00e9co sur le site du Centre des Monuments Nationaux Quand la nature \u00e9tait dans [&hellip;]<\/p>\n","protected":false},"author":1,"featured_media":7890,"comment_status":"open","ping_status":"open","sticky":false,"template":"","format":"image","meta":{"om_disable_all_campaigns":false,"_monsterinsights_skip_tracking":false,"_monsterinsights_sitenote_active":false,"_monsterinsights_sitenote_note":"","_monsterinsights_sitenote_category":0,"_s2mail":"yes","footnotes":""},"categories":[32,83,31,52],"tags":[],"class_list":["post-7888","post","type-post","status-publish","format-image","has-post-thumbnail","hentry","category-sites-a-visiter","category-ecrivain-e-s","category-voltaire","category-sauvegarde-du-patrimoine","post_format-post-format-image"],"aioseo_notices":[],"_links":{"self":[{"href":"https:\/\/www.histoiresgalantes.fr\/blog\/wp-json\/wp\/v2\/posts\/7888","targetHints":{"allow":["GET"]}}],"collection":[{"href":"https:\/\/www.histoiresgalantes.fr\/blog\/wp-json\/wp\/v2\/posts"}],"about":[{"href":"https:\/\/www.histoiresgalantes.fr\/blog\/wp-json\/wp\/v2\/types\/post"}],"author":[{"embeddable":true,"href":"https:\/\/www.histoiresgalantes.fr\/blog\/wp-json\/wp\/v2\/users\/1"}],"replies":[{"embeddable":true,"href":"https:\/\/www.histoiresgalantes.fr\/blog\/wp-json\/wp\/v2\/comments?post=7888"}],"version-history":[{"count":2,"href":"https:\/\/www.histoiresgalantes.fr\/blog\/wp-json\/wp\/v2\/posts\/7888\/revisions"}],"predecessor-version":[{"id":7923,"href":"https:\/\/www.histoiresgalantes.fr\/blog\/wp-json\/wp\/v2\/posts\/7888\/revisions\/7923"}],"wp:featuredmedia":[{"embeddable":true,"href":"https:\/\/www.histoiresgalantes.fr\/blog\/wp-json\/wp\/v2\/media\/7890"}],"wp:attachment":[{"href":"https:\/\/www.histoiresgalantes.fr\/blog\/wp-json\/wp\/v2\/media?parent=7888"}],"wp:term":[{"taxonomy":"category","embeddable":true,"href":"https:\/\/www.histoiresgalantes.fr\/blog\/wp-json\/wp\/v2\/categories?post=7888"},{"taxonomy":"post_tag","embeddable":true,"href":"https:\/\/www.histoiresgalantes.fr\/blog\/wp-json\/wp\/v2\/tags?post=7888"}],"curies":[{"name":"wp","href":"https:\/\/api.w.org\/{rel}","templated":true}]}}