{"id":8053,"date":"2017-11-21T16:31:13","date_gmt":"2017-11-21T15:31:13","guid":{"rendered":"http:\/\/www.histoiresgalantes.fr\/blog\/?p=8053"},"modified":"2017-11-21T19:55:00","modified_gmt":"2017-11-21T18:55:00","slug":"coup-de-coeur-pour-jean-baptiste-soyer","status":"publish","type":"post","link":"https:\/\/www.histoiresgalantes.fr\/blog\/2017\/11\/21\/coup-de-coeur-pour-jean-baptiste-soyer\/","title":{"rendered":"Coup de c\u0153ur pour Jean-Baptiste Soyer"},"content":{"rendered":"<div class=\"\" data-block=\"true\" data-editor=\"ac0li\" data-offset-key=\"e64bl-0-0\">\n<div class=\"_1mf _1mj\" data-offset-key=\"e64bl-0-0\"><span data-offset-key=\"e64bl-0-0\"><span data-text=\"true\">Un livre tout r\u00e9cemment paru permet \u00e0 un peintre miniaturiste lorrain totalement inconnu du grand public de (re)surgir du pass\u00e9 pour nous \u00e9blouir !<\/span><\/span><\/div>\n<\/div>\n<div class=\"\" data-block=\"true\" data-editor=\"ac0li\" data-offset-key=\"ck85o-0-0\">\n<div class=\"_1mf _1mj\" data-offset-key=\"ck85o-0-0\"><span data-offset-key=\"ck85o-0-0\"><span data-text=\"true\">Ce peintre, contemporain de madame <a href=\"https:\/\/www.histoiresgalantes.fr\/blog\/2015\/04\/25\/639\/\">Vig\u00e9e-Lebrun<\/a>, se nomme <strong>Jean-Baptiste Soyer,<\/strong> et ses d\u00e9licats portraits peuvent rivaliser sans conteste avec ceux de l&#8217;<a href=\"https:\/\/www.histoiresgalantes.fr\/blog\/2015\/04\/25\/639\/\">immense dame de l&#8217;Acad\u00e9mie Royale de Peinture<\/a> !<\/span><\/span><\/div>\n<\/div>\n<div class=\"\" data-block=\"true\" data-editor=\"ac0li\" data-offset-key=\"2ob86-0-0\">\n<div class=\"_1mf _1mj\" data-offset-key=\"2ob86-0-0\"><span data-offset-key=\"2ob86-0-0\"><span data-text=\"true\">Ce livre nous permet de contempler 70 de ses chef-d&#8217;\u0153uvres dont certains tomb\u00e9s dans l&#8217;oubli \u00e0 cause d&#8217;une m\u00e9prise sur l&#8217;identit\u00e9 de leur auteur !<br \/>\n<\/span><\/span><\/div>\n<\/div>\n<div class=\"\" data-block=\"true\" data-editor=\"ac0li\" data-offset-key=\"9g9sh-0-0\">\n<div class=\"_1mf _1mj\" data-offset-key=\"9g9sh-0-0\"><span data-offset-key=\"9g9sh-0-0\"><span data-text=\"true\">Le plus touchant et le plus &#8220;vibrant&#8221; de ses portraits minuscules, est sans aucun doute celui de <strong>Anne-Marie Willemet,<\/strong> p\u00e9tillante jeune femme qu&#8217;il \u00e9pouse en 1790. Le peintre repr\u00e9sente son incroyable beaut\u00e9 avec une immense dext\u00e9rit\u00e9 !<\/span><\/span><\/div>\n<\/div>\n<div class=\"\" data-block=\"true\" data-editor=\"ac0li\" data-offset-key=\"am3l3-0-0\">\n<div class=\"_1mf _1mj\" data-offset-key=\"am3l3-0-0\"><span data-offset-key=\"am3l3-0-0\"><span data-text=\"true\">L&#8217;artiste ma\u00eetrise en effet les effets de voile et de dentelle \u00e0 la perfection et il est virtuose pour rendre ses mod\u00e8les vivants !<\/span><\/span><\/div>\n<\/div>\n<div class=\"\" data-block=\"true\" data-editor=\"ac0li\" data-offset-key=\"due1m-0-0\">\n<div class=\"_1mf _1mj\" data-offset-key=\"due1m-0-0\"><span data-offset-key=\"due1m-0-0\"><span data-text=\"true\">Il parait que la jolie jeune femme, qui habitait alors au 29 actuelle rue des Dominicains, faisait tourner les t\u00eates des habitants de Nancy, on veut bien l&#8217;imaginer en admirant son portrait !<\/span><\/span><\/div>\n<\/div>\n<div class=\"\" data-block=\"true\" data-editor=\"ac0li\" data-offset-key=\"82n3r-0-0\">\n<div class=\"_1mf _1mj\" data-offset-key=\"82n3r-0-0\"><span data-offset-key=\"82n3r-0-0\"><span data-text=\"true\">La rue des Dominicains \u00e0 Nancy (ancienne rue J.-J. Rousseau) est alors la bonne adresse pour les miniaturistes lorrains, on y trouve aussi<strong> Yves-Dominique Collin<\/strong> (tomb\u00e9 dans l&#8217;oubli lui aussi) dont l&#8217;atelier est au 45, et chez qui on retrouve le m\u00eame souci du d\u00e9tail (ex. la poudre tomb\u00e9e des perruques) mais beaucoup moins de talent !<\/span><\/span><\/div>\n<\/div>\n<div class=\"\" data-block=\"true\" data-editor=\"ac0li\" data-offset-key=\"9lf36-0-0\">\n<div class=\"_1mf _1mj\" data-offset-key=\"9lf36-0-0\"><span data-offset-key=\"9lf36-0-0\"><span data-text=\"true\">Jean-Baptiste Soyer<br \/>\nLivre en \u00e9dition limit\u00e9e :<br \/>\n<\/span><\/span><\/div>\n<\/div>\n<div class=\"\" data-block=\"true\" data-editor=\"ac0li\" data-offset-key=\"5tulh-0-0\">\n<div class=\"_1mf _1mj\" data-offset-key=\"5tulh-0-0\"><a href=\"https:\/\/livre.fnac.com\/a11128408\/Collectif-Jean-Baptiste-Soyer\"><span data-offset-key=\"5tulh-0-0\"><span data-text=\"true\">Peintre miniaturiste lorrain, 1752-1828 Collectif (Auteur) Paru le 13 octobre 2017 Biographie (broch\u00e9) <\/span><\/span><\/a><\/div>\n<\/div>\n<div class=\"\" data-block=\"true\" data-editor=\"ac0li\" data-offset-key=\"62rb-0-0\">\n<div class=\"_1mf _1mj\" data-offset-key=\"62rb-0-0\"><span data-offset-key=\"62rb-0-0\"><span data-text=\"true\">\u00a0<\/span><\/span><\/div>\n<\/div>\n<div class=\"\" data-block=\"true\" data-editor=\"ac0li\" data-offset-key=\"bqlbo-0-0\">\n<div class=\"_1mf _1mj\" data-offset-key=\"bqlbo-0-0\"><a href=\"https:\/\/www.histoiresgalantes.fr\/blog\/2016\/01\/13\/lagerfeld-na-qua-bien-se-tenir\/\"><span data-offset-key=\"bqlbo-0-0\"><span data-text=\"true\">Collin \u00e0 d\u00e9couvrir sur FB<\/span><\/span><\/a><\/div>\n<\/div>\n<div class=\"\" data-block=\"true\" data-editor=\"ac0li\" data-offset-key=\"9q09p-0-0\">\n<div class=\"_1mf _1mj\" data-offset-key=\"9q09p-0-0\"><span data-offset-key=\"9q09p-0-0\"><span data-text=\"true\">\u00a0<\/span><\/span><\/div>\n<\/div>\n<div class=\"\" data-block=\"true\" data-editor=\"ac0li\" data-offset-key=\"2qn4a-0-0\">\n<div class=\"_1mf _1mj\" data-offset-key=\"2qn4a-0-0\"><span data-offset-key=\"2qn4a-0-0\"><span data-text=\"true\">Article \u00a9PFDebert<\/span><\/span><\/div>\n<div class=\"_1mf _1mj\" data-offset-key=\"2qn4a-0-0\"><span data-offset-key=\"2qn4a-0-0\"><span data-text=\"true\">Portrait d&#8217;homme en uniforme<\/span><\/span><\/div>\n<div class=\"_1mf _1mj\" data-offset-key=\"2qn4a-0-0\"><span data-offset-key=\"2qn4a-0-0\"><span data-text=\"true\"><a href=\"https:\/\/www.histoiresgalantes.fr\/blog\/2017\/11\/21\/coup-de-coeur-pour-jean-baptiste-soyer\/soyer7\/\" rel=\"attachment wp-att-8070\"><img loading=\"lazy\" decoding=\"async\" class=\"alignnone size-full wp-image-8070\" src=\"https:\/\/www.histoiresgalantes.fr\/blog\/wp-content\/uploads\/2017\/11\/soyer7.jpg\" alt=\"soyer7\" width=\"500\" height=\"500\" srcset=\"https:\/\/www.histoiresgalantes.fr\/blog\/wp-content\/uploads\/2017\/11\/soyer7.jpg 500w, https:\/\/www.histoiresgalantes.fr\/blog\/wp-content\/uploads\/2017\/11\/soyer7-150x150.jpg 150w, https:\/\/www.histoiresgalantes.fr\/blog\/wp-content\/uploads\/2017\/11\/soyer7-300x300.jpg 300w\" sizes=\"auto, (max-width: 500px) 100vw, 500px\" \/><\/a><br \/>\n<a href=\"https:\/\/www.histoiresgalantes.fr\/blog\/2017\/11\/21\/coup-de-coeur-pour-jean-baptiste-soyer\/soyer3\/\" rel=\"attachment wp-att-8055\"><img loading=\"lazy\" decoding=\"async\" class=\"alignnone size-full wp-image-8055\" src=\"https:\/\/www.histoiresgalantes.fr\/blog\/wp-content\/uploads\/2017\/11\/soyer3.jpg\" alt=\"soyer3\" width=\"500\" height=\"488\" srcset=\"https:\/\/www.histoiresgalantes.fr\/blog\/wp-content\/uploads\/2017\/11\/soyer3.jpg 500w, https:\/\/www.histoiresgalantes.fr\/blog\/wp-content\/uploads\/2017\/11\/soyer3-300x293.jpg 300w\" sizes=\"auto, (max-width: 500px) 100vw, 500px\" \/><\/a><\/span><\/span><\/div>\n<div class=\"_1mf _1mj\" data-offset-key=\"2qn4a-0-0\"><span data-offset-key=\"2qn4a-0-0\"><span data-text=\"true\"> <a href=\"https:\/\/www.histoiresgalantes.fr\/blog\/2017\/11\/21\/coup-de-coeur-pour-jean-baptiste-soyer\/soyer4\/\" rel=\"attachment wp-att-8054\"><img loading=\"lazy\" decoding=\"async\" class=\"alignnone size-full wp-image-8054\" src=\"https:\/\/www.histoiresgalantes.fr\/blog\/wp-content\/uploads\/2017\/11\/soyer4.jpg\" alt=\"soyer4\" width=\"500\" height=\"560\" srcset=\"https:\/\/www.histoiresgalantes.fr\/blog\/wp-content\/uploads\/2017\/11\/soyer4.jpg 500w, https:\/\/www.histoiresgalantes.fr\/blog\/wp-content\/uploads\/2017\/11\/soyer4-268x300.jpg 268w\" sizes=\"auto, (max-width: 500px) 100vw, 500px\" \/><\/a><br \/>\n<\/span><\/span><\/div>\n<div class=\"_1mf _1mj\" data-offset-key=\"2qn4a-0-0\"><a href=\"https:\/\/www.histoiresgalantes.fr\/blog\/2017\/11\/21\/coup-de-coeur-pour-jean-baptiste-soyer\/soyer2\/\" rel=\"attachment wp-att-8056\"><img loading=\"lazy\" decoding=\"async\" class=\"alignnone size-full wp-image-8056\" src=\"https:\/\/www.histoiresgalantes.fr\/blog\/wp-content\/uploads\/2017\/11\/soyer2.jpg\" alt=\"soyer2\" width=\"800\" height=\"1040\" srcset=\"https:\/\/www.histoiresgalantes.fr\/blog\/wp-content\/uploads\/2017\/11\/soyer2.jpg 800w, https:\/\/www.histoiresgalantes.fr\/blog\/wp-content\/uploads\/2017\/11\/soyer2-231x300.jpg 231w, https:\/\/www.histoiresgalantes.fr\/blog\/wp-content\/uploads\/2017\/11\/soyer2-768x998.jpg 768w, https:\/\/www.histoiresgalantes.fr\/blog\/wp-content\/uploads\/2017\/11\/soyer2-788x1024.jpg 788w\" sizes=\"auto, (max-width: 800px) 100vw, 800px\" \/><\/a><\/div>\n<\/div>\n","protected":false},"excerpt":{"rendered":"<p>Un livre tout r\u00e9cemment paru permet \u00e0 un peintre miniaturiste lorrain totalement inconnu du grand public de (re)surgir du pass\u00e9 pour nous \u00e9blouir ! Ce peintre, contemporain de madame Vig\u00e9e-Lebrun, se nomme Jean-Baptiste Soyer, et ses d\u00e9licats portraits peuvent rivaliser sans conteste avec ceux de l&#8217;immense dame de l&#8217;Acad\u00e9mie Royale de Peinture ! Ce livre [&hellip;]<\/p>\n","protected":false},"author":1,"featured_media":8056,"comment_status":"open","ping_status":"open","sticky":false,"template":"","format":"image","meta":{"om_disable_all_campaigns":false,"_monsterinsights_skip_tracking":false,"_monsterinsights_sitenote_active":false,"_monsterinsights_sitenote_note":"","_monsterinsights_sitenote_category":0,"_s2mail":"yes","footnotes":""},"categories":[24,42,56],"tags":[],"class_list":["post-8053","post","type-post","status-publish","format-image","has-post-thumbnail","hentry","category-peintres-dessinateurs","category-les-bons-plans","category-talents-et-artistes-exceptionnels","post_format-post-format-image"],"aioseo_notices":[],"_links":{"self":[{"href":"https:\/\/www.histoiresgalantes.fr\/blog\/wp-json\/wp\/v2\/posts\/8053","targetHints":{"allow":["GET"]}}],"collection":[{"href":"https:\/\/www.histoiresgalantes.fr\/blog\/wp-json\/wp\/v2\/posts"}],"about":[{"href":"https:\/\/www.histoiresgalantes.fr\/blog\/wp-json\/wp\/v2\/types\/post"}],"author":[{"embeddable":true,"href":"https:\/\/www.histoiresgalantes.fr\/blog\/wp-json\/wp\/v2\/users\/1"}],"replies":[{"embeddable":true,"href":"https:\/\/www.histoiresgalantes.fr\/blog\/wp-json\/wp\/v2\/comments?post=8053"}],"version-history":[{"count":13,"href":"https:\/\/www.histoiresgalantes.fr\/blog\/wp-json\/wp\/v2\/posts\/8053\/revisions"}],"predecessor-version":[{"id":8074,"href":"https:\/\/www.histoiresgalantes.fr\/blog\/wp-json\/wp\/v2\/posts\/8053\/revisions\/8074"}],"wp:featuredmedia":[{"embeddable":true,"href":"https:\/\/www.histoiresgalantes.fr\/blog\/wp-json\/wp\/v2\/media\/8056"}],"wp:attachment":[{"href":"https:\/\/www.histoiresgalantes.fr\/blog\/wp-json\/wp\/v2\/media?parent=8053"}],"wp:term":[{"taxonomy":"category","embeddable":true,"href":"https:\/\/www.histoiresgalantes.fr\/blog\/wp-json\/wp\/v2\/categories?post=8053"},{"taxonomy":"post_tag","embeddable":true,"href":"https:\/\/www.histoiresgalantes.fr\/blog\/wp-json\/wp\/v2\/tags?post=8053"}],"curies":[{"name":"wp","href":"https:\/\/api.w.org\/{rel}","templated":true}]}}