{"id":809,"date":"2015-06-02T12:25:45","date_gmt":"2015-06-02T11:25:45","guid":{"rendered":"http:\/\/www.histoiresgalantes.fr\/blog\/?p=809"},"modified":"2018-11-22T10:47:06","modified_gmt":"2018-11-22T09:47:06","slug":"lopera-disparu-de-leopold","status":"publish","type":"post","link":"https:\/\/www.histoiresgalantes.fr\/blog\/2015\/06\/02\/lopera-disparu-de-leopold\/","title":{"rendered":"L&#8217;op\u00e9ra disparu de L\u00e9opold"},"content":{"rendered":"<p><a href=\"https:\/\/www.histoiresgalantes.fr\/blog\/wp-content\/uploads\/2015\/06\/f472.highres.jpg\"><img loading=\"lazy\" decoding=\"async\" class=\"alignnone size-full wp-image-816\" src=\"https:\/\/www.histoiresgalantes.fr\/blog\/wp-content\/uploads\/2015\/06\/f472.highres.jpg\" alt=\"f472.highres\" width=\"600\" height=\"400\" srcset=\"https:\/\/www.histoiresgalantes.fr\/blog\/wp-content\/uploads\/2015\/06\/f472.highres.jpg 600w, https:\/\/www.histoiresgalantes.fr\/blog\/wp-content\/uploads\/2015\/06\/f472.highres-300x200.jpg 300w, https:\/\/www.histoiresgalantes.fr\/blog\/wp-content\/uploads\/2015\/06\/f472.highres-330x220.jpg 330w\" sizes=\"auto, (max-width: 600px) 100vw, 600px\" \/><\/a><\/p>\n<p>L&#8217;ancienne gendarmerie rue des cordeliers \u00e0 Nancy, cache bien son secret\u2026<br \/>\nAu m\u00eame endroit exactement, s\u2019\u00e9levait la huiti\u00e8me merveille du monde, l\u2019<strong>op\u00e9ra disparu de L\u00e9opold<\/strong> ! Pour \u00e9difier son somptueux op\u00e9ra, le duc fait venir \u00e0 sa cour en 1707, <a href=\"https:\/\/www.histoiresgalantes.fr\/blog\/2015\/06\/25\/le-chateau-lorrain-qui-tapa-dans-loeil-eclaire-de-voltaire-champigneulles\/\"><strong>Bibiena<\/strong> <\/a>et son \u00e9l\u00e8ve <a href=\"https:\/\/www.histoiresgalantes.fr\/blog\/2016\/01\/23\/carrement-baroque\/\"><strong>Barilli,<\/strong><\/a> deux italiens, architectes et peintres de th\u00e9\u00e2tre, dingues de <strong>La Quadrature<\/strong> (un style baroque qui simule des perspectives et des d\u00e9cors qui prolongent l\u2019espace r\u00e9el).<\/p>\n<p>On retrouve quelques uns de leurs<strong> trompe-l\u2019\u0153il-baroque-rococos<\/strong> dans l\u2019entr\u00e9e de <a href=\"https:\/\/www.histoiresgalantes.fr\/blog\/2016\/01\/23\/carrement-baroque\/\"><strong>l\u2019h\u00f4tel Ferrar<\/strong>i <\/a>et dans le hall du <a href=\"https:\/\/www.histoiresgalantes.fr\/blog\/2015\/06\/25\/le-chateau-lorrain-qui-tapa-dans-loeil-eclaire-de-voltaire-champigneulles\/\"><strong>ch\u00e2teau bas de Champigneulles<\/strong>.<\/a><\/p>\n<p>La duchesse Elisabeth-Charlotte d\u00e9mant\u00e8le enti\u00e8rement cet op\u00e9ra pour mettre les d\u00e9cors dans son th\u00e9\u00e2tre de Lun\u00e9ville. Un <a href=\"https:\/\/www.histoiresgalantes.fr\/blog\/2015\/10\/30\/belle-decouverte\/\"><strong>nouveau th\u00e9\u00e2tre<\/strong><\/a>, g\u00e9r\u00e9 par la ville est alors construit au 1 rue St-Dizier mais ne reste pas actif tr\u00e8s longtemps.<\/p>\n<p>Stanislas reconstruit l&#8217;op\u00e9ra de L\u00e9opold, rue des cordeliers, en 1750 et le baptise alors <a href=\"https:\/\/www.histoiresgalantes.fr\/blog\/2015\/02\/15\/piece-au-nouveau-theatre\/\"><strong>Th\u00e9\u00e2tre de la Com\u00e9die<\/strong><\/a>. (sa fa\u00e7ade servira d&#8217;exemple \u00e0 la gendarmerie actuelle qui est un pastiche du XVIIIe si\u00e8cle)<br \/>\nPuis Stanislas d\u00e9place son <strong>Th\u00e9\u00e2tre de la Com\u00e9die<\/strong> en 1756 pour le rapprocher de la Place Royale, ce sera le <a href=\"https:\/\/www.histoiresgalantes.fr\/blog\/2016\/05\/18\/le-theatre-de-la-comedie-de-stanislas\/\"><strong>Nouveau th\u00e9\u00e2tre<\/strong> <\/a>dont l\u2019entr\u00e9e donnait sur la rue Stanislas.<\/p>\n<p><strong>Francesco Galli dit Bibiena <\/strong>(1659\u20131739) est membre d\u2019une famille de sc\u00e9nographes et d\u2019architectes bolonais particuli\u00e8rement r\u00e9put\u00e9e.<br \/>\nIl commence sa carri\u00e8re en Italie, en 1701, au service du vice-roi de Naples puis des Farn\u00e8se (1703\u20131706).<br \/>\nSon \u00e9l\u00e8ve Barilli s\u2019installe d\u00e9finitivement \u00e0 Nancy o\u00f9 il se marie. Il s\u2019int\u00e8gre au petit groupe des peintres nanc\u00e9iens : <strong>Claude Charles<\/strong> (1661\u20131747) et <strong>Claude Jacquart<\/strong> (1686\u20131736) auteur du\u00a0\u00a0 d\u00e9cor de la primatiale de Nancy (1723\u20131727). Son \u0153uvre nanc\u00e9ienne t\u00e9moigne de la permanence d\u2019un go\u00fbt pour La Quadratura, d\u00e9cor en trompe-l&#8217;\u0153il. Sp\u00e9cialis\u00e9 dans la peinture du d\u00e9cor architectural sur toile maroufl\u00e9e, il fait \u00e9quipe avec Claude Charles qui ex\u00e9cute les \u00ab figures \u00bb.<\/p>\n<p>Article \u00a9 <span class=\"text_exposed_show\">DR Pascale Fourtier Debert <\/span><\/p>\n<p><a href=\"https:\/\/www.histoiresgalantes.fr\/blog\/wp-content\/uploads\/2015\/06\/opera2.jpg\"><img loading=\"lazy\" decoding=\"async\" class=\"alignnone size-full wp-image-811\" src=\"https:\/\/www.histoiresgalantes.fr\/blog\/wp-content\/uploads\/2015\/06\/opera2.jpg\" alt=\"opera2\" width=\"1000\" height=\"798\" srcset=\"https:\/\/www.histoiresgalantes.fr\/blog\/wp-content\/uploads\/2015\/06\/opera2.jpg 1000w, https:\/\/www.histoiresgalantes.fr\/blog\/wp-content\/uploads\/2015\/06\/opera2-300x239.jpg 300w, https:\/\/www.histoiresgalantes.fr\/blog\/wp-content\/uploads\/2015\/06\/opera2-768x613.jpg 768w\" sizes=\"auto, (max-width: 1000px) 100vw, 1000px\" \/><\/a><\/p>\n<p>\u00a9 metropolitan museum<\/p>\n<p><a href=\"https:\/\/www.histoiresgalantes.fr\/blog\/wp-content\/uploads\/2015\/06\/opera_comedi_stan.jpg\"><img loading=\"lazy\" decoding=\"async\" class=\"alignnone size-full wp-image-810\" src=\"https:\/\/www.histoiresgalantes.fr\/blog\/wp-content\/uploads\/2015\/06\/opera_comedi_stan.jpg\" alt=\"opera_comedi_stan\" width=\"661\" height=\"482\" srcset=\"https:\/\/www.histoiresgalantes.fr\/blog\/wp-content\/uploads\/2015\/06\/opera_comedi_stan.jpg 661w, https:\/\/www.histoiresgalantes.fr\/blog\/wp-content\/uploads\/2015\/06\/opera_comedi_stan-300x219.jpg 300w\" sizes=\"auto, (max-width: 661px) 100vw, 661px\" \/><\/a><em>Ancienne fa\u00e7ade du th\u00e9\u00e2tre de la Com\u00e9die que Stanislas \u00e9leva en 1750 sur l&#8217;emplacement de l&#8217;Op\u00e9ra de L\u00e9opold rue des Cordeliers, actuelle ancienne gendarmerie, Nancy<\/em><\/p>\n<p><a href=\"https:\/\/www.histoiresgalantes.fr\/blog\/wp-content\/uploads\/2015\/06\/IMG_0788.jpg\"><img loading=\"lazy\" decoding=\"async\" class=\"alignnone size-full wp-image-813\" src=\"https:\/\/www.histoiresgalantes.fr\/blog\/wp-content\/uploads\/2015\/06\/IMG_0788.jpg\" alt=\"IMG_0788\" width=\"400\" height=\"600\" srcset=\"https:\/\/www.histoiresgalantes.fr\/blog\/wp-content\/uploads\/2015\/06\/IMG_0788.jpg 400w, https:\/\/www.histoiresgalantes.fr\/blog\/wp-content\/uploads\/2015\/06\/IMG_0788-200x300.jpg 200w\" sizes=\"auto, (max-width: 400px) 100vw, 400px\" \/><\/a><\/p>\n","protected":false},"excerpt":{"rendered":"<p>L&#8217;ancienne gendarmerie rue des cordeliers \u00e0 Nancy, cache bien son secret\u2026 Au m\u00eame endroit exactement, s\u2019\u00e9levait la huiti\u00e8me merveille du monde, l\u2019op\u00e9ra disparu de L\u00e9opold ! Pour \u00e9difier son somptueux op\u00e9ra, le duc fait venir \u00e0 sa cour en 1707, Bibiena et son \u00e9l\u00e8ve Barilli, deux italiens, architectes et peintres de th\u00e9\u00e2tre, dingues de La [&hellip;]<\/p>\n","protected":false},"author":1,"featured_media":812,"comment_status":"open","ping_status":"open","sticky":false,"template":"","format":"image","meta":{"om_disable_all_campaigns":false,"_monsterinsights_skip_tracking":false,"_monsterinsights_sitenote_active":false,"_monsterinsights_sitenote_note":"","_monsterinsights_sitenote_category":0,"_s2mail":"yes","footnotes":""},"categories":[32,12,24],"tags":[],"class_list":["post-809","post","type-post","status-publish","format-image","has-post-thumbnail","hentry","category-sites-a-visiter","category-cour-de-leopold","category-peintres-dessinateurs","post_format-post-format-image"],"aioseo_notices":[],"_links":{"self":[{"href":"https:\/\/www.histoiresgalantes.fr\/blog\/wp-json\/wp\/v2\/posts\/809","targetHints":{"allow":["GET"]}}],"collection":[{"href":"https:\/\/www.histoiresgalantes.fr\/blog\/wp-json\/wp\/v2\/posts"}],"about":[{"href":"https:\/\/www.histoiresgalantes.fr\/blog\/wp-json\/wp\/v2\/types\/post"}],"author":[{"embeddable":true,"href":"https:\/\/www.histoiresgalantes.fr\/blog\/wp-json\/wp\/v2\/users\/1"}],"replies":[{"embeddable":true,"href":"https:\/\/www.histoiresgalantes.fr\/blog\/wp-json\/wp\/v2\/comments?post=809"}],"version-history":[{"count":19,"href":"https:\/\/www.histoiresgalantes.fr\/blog\/wp-json\/wp\/v2\/posts\/809\/revisions"}],"predecessor-version":[{"id":10917,"href":"https:\/\/www.histoiresgalantes.fr\/blog\/wp-json\/wp\/v2\/posts\/809\/revisions\/10917"}],"wp:featuredmedia":[{"embeddable":true,"href":"https:\/\/www.histoiresgalantes.fr\/blog\/wp-json\/wp\/v2\/media\/812"}],"wp:attachment":[{"href":"https:\/\/www.histoiresgalantes.fr\/blog\/wp-json\/wp\/v2\/media?parent=809"}],"wp:term":[{"taxonomy":"category","embeddable":true,"href":"https:\/\/www.histoiresgalantes.fr\/blog\/wp-json\/wp\/v2\/categories?post=809"},{"taxonomy":"post_tag","embeddable":true,"href":"https:\/\/www.histoiresgalantes.fr\/blog\/wp-json\/wp\/v2\/tags?post=809"}],"curies":[{"name":"wp","href":"https:\/\/api.w.org\/{rel}","templated":true}]}}